{"id":5351,"date":"2026-03-12T11:11:11","date_gmt":"2026-03-12T14:11:11","guid":{"rendered":"https:\/\/sualuz.com.br\/blog\/?p=5351"},"modified":"2026-03-13T13:35:43","modified_gmt":"2026-03-13T16:35:43","slug":"como-ler-conta-de-luz-bandeira-tarifaria","status":"publish","type":"post","link":"https:\/\/sualuz.com.br\/blog\/como-ler-conta-de-luz-bandeira-tarifaria\/","title":{"rendered":"Guia pr\u00e1tico de como ler sua conta de luz e o impacto das bandeiras"},"content":{"rendered":"\n<p>Entender<strong> como ler a conta de luz<\/strong> \u00e9 o primeiro passo para assumir o controle dos seus gastos com energia. Muitas pessoas s\u00f3 percebem que a conta veio mais alta, mas n\u00e3o sabem exatamente o que mudou: foi aumento no consumo? Mudan\u00e7a na bandeira tarif\u00e1ria? Ajuste de impostos? O medidor est\u00e1 marcando corretamente? Sem o conhecimento sobre a composi\u00e7\u00e3o da fatura, fica dif\u00edcil identificar o problema.<\/p>\n\n\n\n<p>Neste conte\u00fado, voc\u00ea vai aprender a analisar a conta de luz de maneira simples e objetiva. Vamos mostrar onde localizar as principais informa\u00e7\u00f5es da fatura, como identificar o consumo em kWh, onde verificar a bandeira tarif\u00e1ria vigente e, principalmente, como calcular o impacto desses fatores no valor final.<\/p>\n\n\n\n<p>Ao entender cada item da cobran\u00e7a, voc\u00ea passa a identificar oportunidades reais de economia, comparar per\u00edodos com mais precis\u00e3o, antecipar poss\u00edveis aumentos e tomar decis\u00f5es mais conscientes sobre o uso de energia el\u00e9trica. Se a sua conta subiu e voc\u00ea quer descobrir exatamente o motivo, aqui voc\u00ea encontrar\u00e1 as respostas de forma clara e pr\u00e1tica.<\/p>\n\n\n\n<p>Boa leitura!&nbsp;<\/p>\n\n\n\n<h2 class=\"wp-block-heading\"><strong>Como a conta de luz \u00e9 estruturada<\/strong><\/h2>\n\n\n\n<p>Antes de entender <a href=\"https:\/\/sualuz.com.br\/blog\/como-as-bandeiras-tarifarias-de-energia-impactam-a-sua-conta-de-luz\/\" target=\"_blank\" rel=\"noreferrer noopener\">o que \u00e9 bandeira tarif\u00e1ria<\/a> ou calcular poss\u00edveis economias, \u00e9 fundamental saber como a conta de luz \u00e9 organizada.\u00a0<\/p>\n\n\n\n<p>A fatura segue uma estrutura padr\u00e3o definida pela Ag\u00eancia Nacional de Energia El\u00e9trica (ANEEL) e re\u00fane informa\u00e7\u00f5es t\u00e9cnicas, dados de consumo e a composi\u00e7\u00e3o detalhada dos custos.<\/p>\n\n\n\n<p>A seguir, veja como interpretar cada parte.<\/p>\n\n\n\n<h3 class=\"wp-block-heading\"><strong>Dados do consumidor e per\u00edodo de faturamento<\/strong><\/h3>\n\n\n\n<p>No topo da conta, voc\u00ea encontra as <strong>informa\u00e7\u00f5es cadastrais<\/strong>: nome do titular, n\u00famero da instala\u00e7\u00e3o, endere\u00e7o da unidade consumidora, classe de consumo (residencial, comercial, rural etc.) e dados da distribuidora respons\u00e1vel pela regi\u00e3o.<\/p>\n\n\n\n<p>Outro ponto importante \u00e9 o <strong>per\u00edodo de faturamento<\/strong>, que indica o intervalo entre a leitura anterior e a leitura atual do medidor. \u00c9 com base nesse per\u00edodo que o consumo \u00e9 calculado.<\/p>\n\n\n\n<p>Fique atento a:<\/p>\n\n\n\n<ul class=\"wp-block-list\">\n<li>Data da leitura anterior;<\/li>\n\n\n\n<li>Data da leitura atual;<\/li>\n\n\n\n<li>Quantidade de dias faturados.<\/li>\n<\/ul>\n\n\n\n<p>Se o per\u00edodo tiver mais dias do que o habitual, a conta pode vir mais alta, mesmo que o padr\u00e3o de uso tenha sido semelhante.<\/p>\n\n\n\n<h3 class=\"wp-block-heading\"><strong>Consumo em kWh e leitura do medidor<\/strong><\/h3>\n\n\n\n<p>O <strong>consumo de energia el\u00e9trica \u00e9 medido em quilowatt-hora (kWh)<\/strong>. Essa \u00e9 a unidade que indica quanta energia foi utilizada no per\u00edodo.<\/p>\n\n\n\n<p>Na conta, voc\u00ea ver\u00e1:<\/p>\n\n\n\n<ul class=\"wp-block-list\">\n<li>Leitura anterior do medidor;<\/li>\n\n\n\n<li>Leitura atual do medidor;<\/li>\n\n\n\n<li>Consumo total no per\u00edodo (diferen\u00e7a entre as leituras).<\/li>\n<\/ul>\n\n\n\n<p><strong>Exemplo pr\u00e1tico: <\/strong>se a leitura anterior era 12.350 kWh e a atual \u00e9 12.500 kWh, o consumo foi de 150 kWh no per\u00edodo.<\/p>\n\n\n\n<p>Muitas faturas tamb\u00e9m trazem um hist\u00f3rico dos \u00faltimos 12 meses. Esse gr\u00e1fico \u00e9 essencial para identificar:<\/p>\n\n\n\n<ul class=\"wp-block-list\">\n<li>Padr\u00f5es sazonais (como maior uso no ver\u00e3o);<\/li>\n\n\n\n<li>Aumentos inesperados;<\/li>\n\n\n\n<li>Tend\u00eancias de crescimento no consumo.<\/li>\n<\/ul>\n\n\n\n<h3 class=\"wp-block-heading\"><strong>Tarifa de energia, encargos e tributos<\/strong><\/h3>\n\n\n\n<p>Essa \u00e9 a parte que mais gera d\u00favidas, e onde est\u00e1 a chave para entender o valor final da conta. A estrutura de cobran\u00e7a normalmente inclui:<\/p>\n\n\n\n<h4 class=\"wp-block-heading\"><strong>1. Tarifa de energia (TE)<\/strong><\/h4>\n\n\n\n<p>\u00c9 o valor cobrado por cada kWh consumido. Basta multiplicar o consumo pela tarifa para <a href=\"https:\/\/sualuz.com.br\/blog\/entenda-como-acompanhar-o-seu-consumo-de-energia-e-economizar-com-a-luz\/\" target=\"_blank\" rel=\"noreferrer noopener\">calcular o custo base da energia<\/a>.<\/p>\n\n\n\n<h4 class=\"wp-block-heading\"><strong>2. Tarifa de uso do sistema de distribui\u00e7\u00e3o (TUSD)<\/strong><\/h4>\n\n\n\n<p>Remunera a infraestrutura que leva a energia el\u00e9trica at\u00e9 sua casa ou empresa.<\/p>\n\n\n\n<h4 class=\"wp-block-heading\"><strong>3. Encargos setoriais<\/strong><\/h4>\n\n\n\n<p>Valores destinados a pol\u00edticas p\u00fablicas do setor el\u00e9trico, como subs\u00eddios e programas espec\u00edficos.<\/p>\n\n\n\n<h4 class=\"wp-block-heading\"><strong>4. Tributos<\/strong><\/h4>\n\n\n\n<p>Incluem impostos como ICMS (estadual), PIS e COFINS (federais), que incidem sobre o consumo e outros componentes da tarifa.<\/p>\n\n\n\n<p>\u00c9 justamente sobre essa base que a <strong>bandeira tarif\u00e1ria<\/strong> \u00e9 aplicada quando est\u00e1 vigente, impactando diretamente o valor final.<\/p>\n\n\n\n<h2 class=\"wp-block-heading\"><strong>O que \u00e9 o sistema de bandeiras tarif\u00e1rias<\/strong><\/h2>\n\n\n\n<p>O sistema de bandeiras tarif\u00e1rias \u00e9 um mecanismo criado para <strong>sinalizar ao consumidor quando o custo de gera\u00e7\u00e3o de energia no pa\u00eds est\u00e1 mais alto.<\/strong> Em vez de esperar reajustes anuais, o modelo permite ajustes mensais, refletindo as condi\u00e7\u00f5es reais de produ\u00e7\u00e3o de energia no Brasil.<\/p>\n\n\n\n<p>Ele funciona como um \u201calerta de custo\u201d: dependendo do cen\u00e1rio de gera\u00e7\u00e3o, pode haver a aplica\u00e7\u00e3o de um valor adicional na conta de luz. Isso ocorre especialmente em per\u00edodos de pouca chuva e maior uso de usinas termel\u00e9tricas.<\/p>\n\n\n\n<h3 class=\"wp-block-heading\"><strong>Diferen\u00e7a entre tarifa e bandeira<\/strong><\/h3>\n\n\n\n<p>\u00c9 comum confundir tarifa de energia com bandeira tarif\u00e1ria, mas embora estejam relacionadas, tratam-se de conceitos distintos dentro da conta de luz. Veja:&nbsp;<\/p>\n\n\n\n<h4 class=\"wp-block-heading\"><strong>Tarifa de energia<\/strong><\/h4>\n\n\n\n<p>\u00c9 o valor fixado para cada kWh consumido. Ela faz parte da estrutura base da conta e \u00e9 definida nos processos de reajuste ou revis\u00e3o tarif\u00e1ria das distribuidoras.<\/p>\n\n\n\n<h4 class=\"wp-block-heading\"><strong>Bandeira tarif\u00e1ria<\/strong><\/h4>\n\n\n\n<p>\u00c9 um valor adicional aplicado temporariamente sobre o consumo (por kWh), quando o custo de gera\u00e7\u00e3o est\u00e1 mais elevado. Ela n\u00e3o substitui a tarifa, apenas se soma a ela.<\/p>\n\n\n\n<p>Ou seja:<\/p>\n\n\n\n<ul class=\"wp-block-list\">\n<li>A tarifa \u00e9 o pre\u00e7o base da energia.<\/li>\n\n\n\n<li>A bandeira \u00e9 um acr\u00e9scimo (ou aus\u00eancia dele) que varia m\u00eas a m\u00eas.<\/li>\n<\/ul>\n\n\n\n<h3 class=\"wp-block-heading\"><strong>Bandeira verde, amarela e vermelha: quando s\u00e3o aplicadas<\/strong><\/h3>\n\n\n\n<p>O<strong> sistema de bandeiras tarif\u00e1rias \u00e9 dividido em n\u00edveis<\/strong> definidos e divulgados mensalmente pela ANEEL. Eles indicam, de forma simples e visual, o cen\u00e1rio de gera\u00e7\u00e3o de energia el\u00e9trica no pa\u00eds. Cada cor representa um grau diferente de custo e sinaliza se haver\u00e1 (ou n\u00e3o) cobran\u00e7a adicional na conta de luz.<\/p>\n\n\n\n<h4 class=\"wp-block-heading\"><strong>Bandeira verde<\/strong><\/h4>\n\n\n\n<p>N\u00e3o h\u00e1 cobran\u00e7a adicional. Indica que as condi\u00e7\u00f5es de gera\u00e7\u00e3o est\u00e3o favor\u00e1veis, geralmente com reservat\u00f3rios em n\u00edveis adequados e maior uso de hidrel\u00e9tricas.<\/p>\n\n\n\n<h4 class=\"wp-block-heading\"><strong>Bandeira amarela<\/strong><\/h4>\n\n\n\n<p>H\u00e1 cobran\u00e7a adicional por kWh consumido. Sinaliza que os custos de gera\u00e7\u00e3o aumentaram, mas ainda est\u00e3o em um n\u00edvel moderado.<\/p>\n\n\n\n<h4 class=\"wp-block-heading\"><strong>Bandeira vermelha<\/strong><\/h4>\n\n\n\n<p>Representa um cen\u00e1rio de custos mais elevados de gera\u00e7\u00e3o, normalmente quando h\u00e1 maior necessidade de acionar usinas termel\u00e9tricas, que possuem produ\u00e7\u00e3o mais cara.<\/p>\n\n\n\n<p>Pode apresentar patamares diferentes (como patamar 1 e patamar 2), com valores adicionais progressivos.<\/p>\n\n\n\n<p>Em resumo, quanto mais elevado o n\u00edvel da bandeira, maior tende a ser o impacto financeiro sobre o consumo mensal de energia.<\/p>\n\n\n\n<h3 class=\"wp-block-heading\"><strong>Quem define a bandeira e com base em quais crit\u00e9rios<\/strong><\/h3>\n\n\n\n<p>As bandeiras tarif\u00e1rias s\u00e3o definidas mensalmente pela Ag\u00eancia Nacional de Energia El\u00e9trica (ANEEL).<\/p>\n\n\n\n<p>A decis\u00e3o considera fatores como:<\/p>\n\n\n\n<ul class=\"wp-block-list\">\n<li><strong>N\u00edvel dos reservat\u00f3rios das hidrel\u00e9tricas;<\/strong><\/li>\n\n\n\n<li><strong>Previs\u00e3o de chuvas;<\/strong><\/li>\n\n\n\n<li><strong>Custo de gera\u00e7\u00e3o de energia no pa\u00eds;<\/strong><\/li>\n\n\n\n<li><strong>Necessidade de acionamento de usinas termel\u00e9tricas.<\/strong><\/li>\n<\/ul>\n\n\n\n<p>Como o Brasil tem forte depend\u00eancia de energia hidrel\u00e9trica, os<strong> per\u00edodos de seca tendem a elevar os custos de gera\u00e7\u00e3o<\/strong>, o que pode levar \u00e0 aplica\u00e7\u00e3o de bandeiras amarela ou vermelha.<\/p>\n\n\n\n<h2 class=\"wp-block-heading\"><strong>Onde identificar a bandeira tarif\u00e1ria na sua conta<\/strong><\/h2>\n\n\n\n<p>Se a sua conta de luz veio mais alta, um dos primeiros pontos a verificar \u00e9 a<strong> bandeira tarif\u00e1ria aplicada naquele m\u00eas<\/strong>. Essa informa\u00e7\u00e3o deve estar destacada na fatura, conforme as diretrizes da ANEEL, garantindo transpar\u00eancia ao consumidor.<\/p>\n\n\n\n<p>Identificar esse item permite entender se houve acr\u00e9scimo na tarifa e qual foi o impacto efetivo no total da conta.<\/p>\n\n\n\n<h3 class=\"wp-block-heading\"><strong>Campo espec\u00edfico da fatura<\/strong><\/h3>\n\n\n\n<p>A bandeira tarif\u00e1ria normalmente aparece em um dos seguintes locais da conta:<\/p>\n\n\n\n<ul class=\"wp-block-list\">\n<li>Pr\u00f3ximo ao resumo da fatura;<\/li>\n\n\n\n<li>Na se\u00e7\u00e3o de \u201cComposi\u00e7\u00e3o da tarifa\u201d;<\/li>\n\n\n\n<li>Em um campo chamado \u201cBandeira tarif\u00e1ria vigente\u201d;<\/li>\n\n\n\n<li>Na \u00e1rea de \u201cInforma\u00e7\u00f5es importantes\u201d ou \u201cAvisos ao consumidor\u201d.<\/li>\n<\/ul>\n\n\n\n<p>Al\u00e9m disso,<strong> muitas distribuidoras destacam a bandeira do m\u00eas com texto explicativo<\/strong>, informando se est\u00e1 em verde, amarela ou vermelha e o valor adicional por kWh.<\/p>\n\n\n\n<p>Se voc\u00ea n\u00e3o encontrar de imediato, procure por termos como:<\/p>\n\n\n\n<ul class=\"wp-block-list\">\n<li>\u201cSistema de bandeiras tarif\u00e1rias\u201d;<\/li>\n\n\n\n<li>\u201cAdicional bandeira\u201d;<\/li>\n\n\n\n<li>\u201cAcr\u00e9scimo bandeira\u201d.<\/li>\n<\/ul>\n\n\n\n<h3 class=\"wp-block-heading\"><strong>Como aparece a cobran\u00e7a adicional<\/strong><\/h3>\n\n\n\n<p>A cobran\u00e7a da bandeira n\u00e3o vem como um valor fixo. Ela \u00e9 calculada proporcionalmente ao consumo de energia no m\u00eas&nbsp;<\/p>\n\n\n\n<p>O c\u00e1lculo funciona de forma simples:<\/p>\n\n\n\n<ol class=\"wp-block-list\">\n<li>Verifique o consumo total do m\u00eas, expresso em kWh na sua conta.<\/li>\n\n\n\n<li>Identifique o valor adicional por kWh correspondente \u00e0 bandeira vigente.<\/li>\n\n\n\n<li>Multiplique o consumo pelo valor adicional para estimar o acr\u00e9scimo gerado pela bandeira.<\/li>\n<\/ol>\n\n\n\n<p>Esse valor \u00e9 somado aos demais componentes da tarifa, compondo o total final da conta de luz.<\/p>\n\n\n\n<p><strong>Exemplo pr\u00e1tico:<\/strong> se voc\u00ea consumiu 200 kWh e a bandeira vigente acrescenta R$ 0,05 por kWh, o adicional ser\u00e1:<\/p>\n\n\n\n<p><strong>200 x 0,05 = R$ 10,00<\/strong><\/p>\n\n\n\n<p>Esse valor costuma aparecer discriminado na fatura como um item separado ou incorporado na linha de energia consumida, mas sempre identificado como referente \u00e0 bandeira tarif\u00e1ria.<\/p>\n\n\n\n<h3 class=\"wp-block-heading\"><strong>Como validar se o valor est\u00e1 correto<\/strong><\/h3>\n\n\n\n<p>Depois de identificar a bandeira tarif\u00e1ria aplicada, \u00e9 importante<strong> conferir se o valor adicional cobrado est\u00e1 compat\u00edvel com o seu consumo<\/strong>. Para validar, siga este passo a passo:<\/p>\n\n\n\n<ol class=\"wp-block-list\">\n<li>Consulte qual bandeira estava vigente no m\u00eas de refer\u00eancia.<\/li>\n\n\n\n<li>Tarifas com impostos.<\/li>\n\n\n\n<li>Confirme o valor adicional por kWh divulgado.<\/li>\n\n\n\n<li>Multiplique pelo seu consumo real em kWh.<\/li>\n\n\n\n<li>Compare com o valor indicado na fatura.<\/li>\n<\/ol>\n\n\n\n<p>Pequenas varia\u00e7\u00f5es podem ocorrer devido a arredondamentos ou \u00e0 incid\u00eancia de impostos, j\u00e1 que o adicional da bandeira tamb\u00e9m pode compor a base de c\u00e1lculo de tributos.<\/p>\n\n\n\n<p>Ao realizar essa verifica\u00e7\u00e3o, voc\u00ea consegue responder a tr\u00eas perguntas essenciais:<\/p>\n\n\n\n<ul class=\"wp-block-list\">\n<li>A bandeira aplicada estava correta?<\/li>\n\n\n\n<li>O impacto financeiro foi proporcional ao meu consumo?<\/li>\n\n\n\n<li>Vale a pena reduzir consumo nos pr\u00f3ximos meses para mitigar o efeito?<\/li>\n<\/ul>\n\n\n\n<h3 class=\"wp-block-heading\"><strong>O que fazer em caso de cobran\u00e7a indevida&nbsp;<\/strong><\/h3>\n\n\n\n<p>Se voc\u00ea identificar erro na aplica\u00e7\u00e3o da bandeira tarif\u00e1ria, o primeiro passo \u00e9 registrar reclama\u00e7\u00e3o na distribuidora.<\/p>\n\n\n\n<p>Caso o erro seja confirmado e voc\u00ea tenha pago valor indevido, o consumidor pode ter direito \u00e0 devolu\u00e7\u00e3o em dobro do que foi cobrado a mais, conforme prev\u00ea a Resolu\u00e7\u00e3o 1000\/2021, em seus dispositivos sobre faturamento e cobran\u00e7a (Art. 323 e par\u00e1grafos).<\/p>\n\n\n\n<p>Passos recomendados:<\/p>\n\n\n\n<ul class=\"wp-block-list\">\n<li>Guarde a fatura e os comprovantes de pagamento.<\/li>\n\n\n\n<li>Solicite protocolo de atendimento junto \u00e0 distribuidora.<\/li>\n\n\n\n<li>Caso n\u00e3o haja solu\u00e7\u00e3o, registre reclama\u00e7\u00e3o na ag\u00eancia reguladora ou nos \u00f3rg\u00e3os de defesa do consumidor.<\/li>\n<\/ul>\n\n\n\n<p>Conhecer seus direitos \u00e9 t\u00e3o importante quanto entender os c\u00e1lculos. Ao saber onde identificar a bandeira, como validar o valor e como agir diante de erro, a conta de luz pode ser conferida com aten\u00e7\u00e3o.<\/p>\n\n\n\n<h2 class=\"wp-block-heading\"><strong>Como calcular o impacto da bandeira no valor final<\/strong><\/h2>\n\n\n\n<p>Agora que j\u00e1 vimos onde est\u00e3o localizadas informa\u00e7\u00f5es sens\u00edveis na conta, chegou a hora de<strong> entender o quanto ela impacta no seu bolso<\/strong>. Fator que realmente possibilita a tomada de decis\u00f5es estrat\u00e9gicas.<\/p>\n\n\n\n<p>A boa not\u00edcia \u00e9 que o c\u00e1lculo \u00e9 simples e pode ser feito com base no seu consumo mensal em kWh.<\/p>\n\n\n\n<h3 class=\"wp-block-heading\"><strong>F\u00f3rmula pr\u00e1tica para calcular o adicional por kWh<\/strong><\/h3>\n\n\n\n<p>A l\u00f3gica \u00e9 direta:<\/p>\n\n\n\n<p><strong>Impacto da bandeira = Consumo do m\u00eas (kWh) \u00d7 Valor adicional da bandeira (R$\/kWh)<\/strong><\/p>\n\n\n\n<p>Passo a passo:<\/p>\n\n\n\n<ol class=\"wp-block-list\">\n<li>Localize seu consumo total em kWh na fatura.<\/li>\n\n\n\n<li>Identifique qual bandeira estava vigente no m\u00eas.<\/li>\n\n\n\n<li>Verifique o valor adicional por kWh divulgado.<\/li>\n\n\n\n<li>Multiplique os dois valores.<\/li>\n<\/ol>\n\n\n\n<p><strong>Exemplo:<\/strong><\/p>\n\n\n\n<p>Se o consumo foi de 180 kWh e o adicional da bandeira \u00e9 R$ 0,04 por kWh:<\/p>\n\n\n\n<p>180 \u00d7 0,04 = R$ 7,20 de acr\u00e9scimo no m\u00eas.<\/p>\n\n\n\n<p>Esse valor \u00e9 somado \u00e0 tarifa normal de energia, antes da incid\u00eancia de alguns tributos.<\/p>\n\n\n\n<h3 class=\"wp-block-heading\"><strong>Exemplo did\u00e1tico de consumo<\/strong><\/h3>\n\n\n\n<p>Vamos simular um cen\u00e1rio.<\/p>\n\n\n\n<p>Consumo mensal: <strong>250 kWh<\/strong><\/p>\n\n\n\n<p>Tarifa base de energia: <strong>R$ 0,80 por kWh<\/strong><\/p>\n\n\n\n<p>Sem considerar bandeira, o custo de energia seria:<\/p>\n\n\n\n<p><strong>250 \u00d7 0,80 = R$ 200,00<\/strong><\/p>\n\n\n\n<p>Agora, suponha que esteja vigente uma bandeira com adicional de <strong>R$ 0,05 por kWh<\/strong>:<\/p>\n\n\n\n<p><strong>250 \u00d7 0,05 = R$ 12,50<\/strong><\/p>\n\n\n\n<p>Novo subtotal:<\/p>\n\n\n\n<p><strong>R$ 200,00 + R$ 12,50 = R$ 212,50<\/strong><\/p>\n\n\n\n<p>Ou seja, apenas a bandeira gerou um <strong>aumento direto de 6,25% sobre o custo da energia consumida<\/strong>. No entanto, em consumos maiores, o impacto cresce proporcionalmente.<\/p>\n\n\n\n<h3 class=\"wp-block-heading\"><strong>Compara\u00e7\u00e3o entre cen\u00e1rios com e sem bandeira vermelha<\/strong><\/h3>\n\n\n\n<p>Agora, vamos comparar dois cen\u00e1rios para o mesmo consumo de 300 kWh:<\/p>\n\n\n\n<p><strong>Cen\u00e1rio 1 \u2013 Bandeira verde (sem adicional)<\/strong><strong><br><\/strong>300 \u00d7 R$ 0,80 = R$ 240,00<\/p>\n\n\n\n<p><strong>Cen\u00e1rio 2 \u2013 Bandeira vermelha (adicional de R$ 0,09 por kWh, por exemplo)<\/strong><strong><br><\/strong>Adicional:<br>300 \u00d7 0,09 = R$ 27,00<\/p>\n\n\n\n<p><strong>Novo total da energia:<\/strong><strong><br><\/strong>R$ 240,00 + R$ 27,00 = R$ 267,00<\/p>\n\n\n\n<p><strong>Diferen\u00e7a entre os cen\u00e1rios:<\/strong><strong><br><\/strong>R$ 27,00 a mais no m\u00eas.<\/p>\n\n\n\n<p>Agora, imagine esse impacto ao longo de 4 meses consecutivos de bandeira vermelha: <strong>seriam R$ 108,00 adicionais no per\u00edodo,<\/strong> apenas pela sinaliza\u00e7\u00e3o de custo mais alto na gera\u00e7\u00e3o de energia.<\/p>\n\n\n\n<p>Esse tipo de simula\u00e7\u00e3o deixa claro que:<\/p>\n\n\n\n<ul class=\"wp-block-list\">\n<li>O impacto depende diretamente do seu consumo.<\/li>\n\n\n\n<li>Reduzir kWh consumidos em meses de bandeira vermelha gera economia proporcional.<\/li>\n\n\n\n<li>Pequenos ajustes no uso de energia podem compensar parte do adicional.<\/li>\n<\/ul>\n\n\n\n<h2 class=\"wp-block-heading\"><strong>Estrat\u00e9gias para reduzir o impacto da bandeira tarif\u00e1ria<\/strong><\/h2>\n\n\n\n<p>Quando a bandeira tarif\u00e1ria muda para amarela ou vermelha, o <strong>custo da energia aumenta.<\/strong> No entanto, isso n\u00e3o significa que voc\u00ea precisa apenas aceitar o reajuste. Existem estrat\u00e9gias pr\u00e1ticas para reduzir o impacto financeiro, especialmente se voc\u00ea entender como e quando consome energia.<\/p>\n\n\n\n<h3 class=\"wp-block-heading\"><strong>Estrat\u00e9gias para economizar quando a bandeira est\u00e1 alta&nbsp;<\/strong><\/h3>\n\n\n\n<p>Organizar o uso de energia de forma mais eficiente ajuda a reduzir o total de kWh consumidos e, consequentemente, o valor adicional cobrado.<\/p>\n\n\n\n<p>Algumas a\u00e7\u00f5es pr\u00e1ticas incluem:<\/p>\n\n\n\n<ul class=\"wp-block-list\">\n<li><strong>Evitar o uso simult\u00e2neo de equipamentos de alto consumo (chuveiro el\u00e9trico, forno, ar-condicionado);<\/strong><\/li>\n\n\n\n<li><strong>Reduzir o tempo de banho el\u00e9trico;<\/strong><\/li>\n\n\n\n<li><strong>Ajustar a temperatura do ar-condicionado;<\/strong><\/li>\n\n\n\n<li><strong>Aproveitar a ilumina\u00e7\u00e3o natural durante o dia;<\/strong><\/li>\n\n\n\n<li><strong>Desligar aparelhos em stand-by.<\/strong><\/li>\n<\/ul>\n\n\n\n<p>Em meses de bandeira vermelha, cada kWh economizado representa uma economia dupla: <strong>na tarifa base e no adicional da bandeira.<\/strong><\/p>\n\n\n\n<h3 class=\"wp-block-heading\"><strong>Energia solar como alternativa de previsibilidade<\/strong><\/h3>\n\n\n\n<p>Para quem busca maior previsibilidade no or\u00e7amento de energia, a <strong>gera\u00e7\u00e3o solar pode ser uma alternativa estrat\u00e9gica de m\u00e9dio e longo prazo.<\/strong><\/p>\n\n\n\n<p>Ao produzir eletricidade por meio de um sistema fotovoltaico, o <strong>consumidor reduz a depend\u00eancia da distribuidora<\/strong>. Dessa forma, mudan\u00e7as nas bandeiras tarif\u00e1rias ou reajustes na tarifa convencional passam a ter impacto menor, j\u00e1 que parte do consumo \u00e9 compensada pela produ\u00e7\u00e3o pr\u00f3pria.<\/p>\n\n\n\n<p>Com isso, a conta deixa de sofrer varia\u00e7\u00f5es t\u00e3o intensas, favorecendo um planejamento financeiro mais est\u00e1vel e consistente.<\/p>\n\n\n\n<p>Principais vantagens:<\/p>\n\n\n\n<ul class=\"wp-block-list\">\n<li>Maior previsibilidade do custo mensal;<\/li>\n\n\n\n<li>Redu\u00e7\u00e3o da exposi\u00e7\u00e3o \u00e0s oscila\u00e7\u00f5es das bandeiras tarif\u00e1rias;<\/li>\n\n\n\n<li>Economia acumulada ao longo do tempo.<\/li>\n<\/ul>\n\n\n\n<p>Embora exija investimento inicial, trata-se de uma estrat\u00e9gia eficiente para proteger o or\u00e7amento contra a volatilidade dos custos de gera\u00e7\u00e3o de energia no pa\u00eds.<\/p>\n\n\n\n<p>Al\u00e9m disso, voc\u00ea pode contar com a Gera\u00e7\u00e3o Distribu\u00edda da LUZ. Ela permite que consumidores residenciais e empresariais tenham acesso \u00e0 energia solar por assinatura, utilizando cr\u00e9ditos de usinas parceiras. O modelo elimina investimento inicial, custos de manuten\u00e7\u00e3o e preocupa\u00e7\u00f5es t\u00e9cnicas.<\/p>\n\n\n\n<p>Para quem sofre com varia\u00e7\u00f5es constantes na conta de luz, a Gera\u00e7\u00e3o Distribu\u00edda funciona como uma estrat\u00e9gia de prote\u00e7\u00e3o financeira: <strong>reduz o custo estrutural da energia<\/strong> e traz mais estabilidade ao planejamento do or\u00e7amento.<\/p>\n\n\n\n<h2 class=\"wp-block-heading\"><strong>Quando vale buscar alternativas \u00e0 tarifa tradicional<\/strong><\/h2>\n\n\n\n<p>A tarifa convencional atende a maioria dos consumidores, por\u00e9m <strong>nem sempre \u00e9 a op\u00e7\u00e3o mais econ\u00f4mica<\/strong>, especialmente em per\u00edodos prolongados de bandeira amarela ou vermelha. Se a conta de luz passou a ocupar uma parcela relevante do or\u00e7amento, pode ser o momento de<strong> avaliar alternativas estruturais<\/strong>.<\/p>\n\n\n\n<p>Essa decis\u00e3o, contudo, deve ser orientada por dados concretos: hist\u00f3rico de consumo, m\u00e9dia mensal em kWh, sazonalidade e an\u00e1lise financeira. N\u00e3o \u00e9 recomend\u00e1vel agir apenas com base em um aumento pontual, mas sim a partir de um padr\u00e3o consistente de impacto no or\u00e7amento.<\/p>\n\n\n\n<h3 class=\"wp-block-heading\"><strong>Perfil de consumo que mais sofre com bandeiras<\/strong><\/h3>\n\n\n\n<p>Conforme falamos, o efeito das bandeiras tarif\u00e1rias \u00e9 proporcional ao consumo de energia. Por isso, alguns perfis tendem a sentir esse impacto com mais intensidade:<\/p>\n\n\n\n<ul class=\"wp-block-list\">\n<li><strong>Fam\u00edlias com uso frequente de ar-condicionado;<\/strong><\/li>\n\n\n\n<li><strong>Resid\u00eancias com chuveiro el\u00e9trico de alta pot\u00eancia;<\/strong><\/li>\n\n\n\n<li><strong>Pequenos com\u00e9rcios com funcionamento di\u00e1rio;<\/strong><\/li>\n\n\n\n<li><strong>Empresas que operam equipamentos continuamente;<\/strong><\/li>\n\n\n\n<li><strong>Casas com muitos eletrodom\u00e9sticos ligados por longos per\u00edodos.<\/strong><\/li>\n<\/ul>\n\n\n\n<p>Quanto maior o consumo mensal em kWh, maior o valor adicional cobrado em per\u00edodos de bandeira vermelha. Se sua m\u00e9dia mensal \u00e9 elevada e sofre varia\u00e7\u00f5es frequentes, a exposi\u00e7\u00e3o ao custo vari\u00e1vel do sistema \u00e9 maior.<\/p>\n\n\n\n<h3 class=\"wp-block-heading\"><strong>An\u00e1lise de viabilidade econ\u00f4mica<\/strong><\/h3>\n\n\n\n<p>Antes de migrar para outra modalidade tarif\u00e1ria ou investir em alternativas como energia solar, \u00e9 essencial fazer uma an\u00e1lise estruturada.<\/p>\n\n\n\n<p>Considere:<\/p>\n\n\n\n<ol class=\"wp-block-list\">\n<li><strong>Hist\u00f3rico de consumo dos \u00faltimos 12 meses;<\/strong><\/li>\n\n\n\n<li><strong>Valor m\u00e9dio da conta e varia\u00e7\u00f5es sazonais;<\/strong><\/li>\n\n\n\n<li><strong>Frequ\u00eancia de aplica\u00e7\u00e3o de bandeiras mais altas;<\/strong><\/li>\n\n\n\n<li><strong>Capacidade de alterar hor\u00e1rios de consumo;<\/strong><\/li>\n\n\n\n<li><strong>Custo de investimento versus economia projetada.<\/strong><\/li>\n<\/ol>\n\n\n\n<p>A decis\u00e3o deve considerar o tempo de retorno do investimento (payback) e a economia acumulada ao longo dos anos.<\/p>\n\n\n\n<h3 class=\"wp-block-heading\"><strong>Pr\u00f3ximos passos para reduzir custos estruturais<\/strong><\/h3>\n\n\n\n<p>Se a an\u00e1lise indicar que a tarifa tradicional n\u00e3o \u00e9 a mais eficiente para o seu perfil, os pr\u00f3ximos passos podem incluir:<\/p>\n\n\n\n<ul class=\"wp-block-list\">\n<li><strong>Solicitar simula\u00e7\u00e3o de migra\u00e7\u00e3o para Tarifa Branca junto \u00e0 distribuidora;<\/strong><\/li>\n\n\n\n<li><strong>Avaliar propostas de energia solar com c\u00e1lculo detalhado de retorno;<\/strong><\/li>\n\n\n\n<li><strong>Investir em equipamentos mais eficientes (selo Procel A);<\/strong><\/li>\n\n\n\n<li><strong>Mapear equipamentos de maior consumo e priorizar substitui\u00e7\u00e3o;<\/strong><\/li>\n\n\n\n<li><strong>Implementar monitoramento mensal do consumo em kWh.<\/strong><\/li>\n<\/ul>\n\n\n\n<p>O<strong> ponto central \u00e9 sair da l\u00f3gica reativa<\/strong>, apenas pagando a pr\u00f3xima conta, e<strong> adotar uma postura estrat\u00e9gica<\/strong>. Quando o custo da energia come\u00e7a a comprometer o or\u00e7amento de forma recorrente, buscar alternativas deixa de ser uma op\u00e7\u00e3o e passa a ser uma decis\u00e3o financeira inteligente.<\/p>\n","protected":false},"excerpt":{"rendered":"<p>Entender como ler a conta de luz \u00e9 o primeiro passo para assumir o controle dos seus gastos com energia. Muitas pessoas s\u00f3 percebem que a conta veio mais alta, mas n\u00e3o sabem exatamente o que mudou: foi aumento no consumo? Mudan\u00e7a na bandeira tarif\u00e1ria? Ajuste de impostos? O medidor est\u00e1 marcando corretamente? Sem o [&hellip;]<\/p>\n","protected":false},"author":14,"featured_media":5352,"comment_status":"open","ping_status":"open","sticky":false,"template":"","format":"standard","meta":{"footnotes":""},"categories":[6],"tags":[],"class_list":["post-5351","post","type-post","status-publish","format-standard","has-post-thumbnail","hentry","category-dia-a-dia"],"acf":{"post_title":"","post_description":"","post_author":"","post_author_description":"","post_author_image":"","post_image":""},"yoast_head":"<!-- This site is optimized with the Yoast SEO plugin v26.8 - https:\/\/yoast.com\/product\/yoast-seo-wordpress\/ -->\n<title>Como ler conta de luz e entender a bandeira tarif\u00e1ria<\/title>\n<meta name=\"description\" content=\"Aprenda como ler sua conta de luz e identificar a bandeira tarif\u00e1ria. Calcule o impacto real no valor final.\" \/>\n<meta name=\"robots\" content=\"index, follow, max-snippet:-1, max-image-preview:large, max-video-preview:-1\" \/>\n<link rel=\"canonical\" href=\"https:\/\/sualuz.com.br\/blog\/como-ler-conta-de-luz-bandeira-tarifaria\/\" \/>\n<meta property=\"og:locale\" content=\"pt_BR\" \/>\n<meta property=\"og:type\" content=\"article\" \/>\n<meta property=\"og:title\" content=\"Como ler conta de luz e entender a bandeira tarif\u00e1ria\" \/>\n<meta property=\"og:description\" content=\"Aprenda como ler sua conta de luz e identificar a bandeira tarif\u00e1ria. Calcule o impacto real no valor final.\" \/>\n<meta property=\"og:url\" content=\"https:\/\/sualuz.com.br\/blog\/como-ler-conta-de-luz-bandeira-tarifaria\/\" \/>\n<meta property=\"og:site_name\" content=\"Luz\" \/>\n<meta property=\"article:published_time\" content=\"2026-03-12T14:11:11+00:00\" \/>\n<meta property=\"article:modified_time\" content=\"2026-03-13T16:35:43+00:00\" \/>\n<meta property=\"og:image\" content=\"https:\/\/sualuz.com.br\/blog\/wp-content\/uploads\/2026\/03\/02.-Como-ler-conta-de-luz-e-entender-a-bandeira-tarifaria.jpg\" \/>\n\t<meta property=\"og:image:width\" content=\"1000\" \/>\n\t<meta property=\"og:image:height\" content=\"460\" \/>\n\t<meta property=\"og:image:type\" content=\"image\/jpeg\" \/>\n<meta name=\"author\" content=\"Reda\u00e7\u00e3o Luz\" \/>\n<meta name=\"twitter:card\" content=\"summary_large_image\" \/>\n<meta name=\"twitter:label1\" content=\"Escrito por\" \/>\n\t<meta name=\"twitter:data1\" content=\"Reda\u00e7\u00e3o Luz\" \/>\n\t<meta name=\"twitter:label2\" content=\"Est. tempo de leitura\" \/>\n\t<meta name=\"twitter:data2\" content=\"16 minutos\" \/>\n<script type=\"application\/ld+json\" class=\"yoast-schema-graph\">{\"@context\":\"https:\/\/schema.org\",\"@graph\":[{\"@type\":\"Article\",\"@id\":\"https:\/\/sualuz.com.br\/blog\/como-ler-conta-de-luz-bandeira-tarifaria\/#article\",\"isPartOf\":{\"@id\":\"https:\/\/sualuz.com.br\/blog\/como-ler-conta-de-luz-bandeira-tarifaria\/\"},\"author\":{\"name\":\"Reda\u00e7\u00e3o Luz\",\"@id\":\"https:\/\/sualuz.com.br\/blog\/#\/schema\/person\/bbd73e4bf0b112afe9617925355b66a6\"},\"headline\":\"Guia pr\u00e1tico de como ler sua conta de luz e o impacto das bandeiras\",\"datePublished\":\"2026-03-12T14:11:11+00:00\",\"dateModified\":\"2026-03-13T16:35:43+00:00\",\"mainEntityOfPage\":{\"@id\":\"https:\/\/sualuz.com.br\/blog\/como-ler-conta-de-luz-bandeira-tarifaria\/\"},\"wordCount\":2922,\"commentCount\":0,\"publisher\":{\"@id\":\"https:\/\/sualuz.com.br\/blog\/#organization\"},\"image\":{\"@id\":\"https:\/\/sualuz.com.br\/blog\/como-ler-conta-de-luz-bandeira-tarifaria\/#primaryimage\"},\"thumbnailUrl\":\"https:\/\/sualuz.com.br\/blog\/wp-content\/uploads\/2026\/03\/02.-Como-ler-conta-de-luz-e-entender-a-bandeira-tarifaria.jpg\",\"articleSection\":[\"Dia a dia\"],\"inLanguage\":\"pt-BR\",\"potentialAction\":[{\"@type\":\"CommentAction\",\"name\":\"Comment\",\"target\":[\"https:\/\/sualuz.com.br\/blog\/como-ler-conta-de-luz-bandeira-tarifaria\/#respond\"]}]},{\"@type\":\"WebPage\",\"@id\":\"https:\/\/sualuz.com.br\/blog\/como-ler-conta-de-luz-bandeira-tarifaria\/\",\"url\":\"https:\/\/sualuz.com.br\/blog\/como-ler-conta-de-luz-bandeira-tarifaria\/\",\"name\":\"Como ler conta de luz e entender a bandeira tarif\u00e1ria\",\"isPartOf\":{\"@id\":\"https:\/\/sualuz.com.br\/blog\/#website\"},\"primaryImageOfPage\":{\"@id\":\"https:\/\/sualuz.com.br\/blog\/como-ler-conta-de-luz-bandeira-tarifaria\/#primaryimage\"},\"image\":{\"@id\":\"https:\/\/sualuz.com.br\/blog\/como-ler-conta-de-luz-bandeira-tarifaria\/#primaryimage\"},\"thumbnailUrl\":\"https:\/\/sualuz.com.br\/blog\/wp-content\/uploads\/2026\/03\/02.-Como-ler-conta-de-luz-e-entender-a-bandeira-tarifaria.jpg\",\"datePublished\":\"2026-03-12T14:11:11+00:00\",\"dateModified\":\"2026-03-13T16:35:43+00:00\",\"description\":\"Aprenda como ler sua conta de luz e identificar a bandeira tarif\u00e1ria. Calcule o impacto real no valor final.\",\"breadcrumb\":{\"@id\":\"https:\/\/sualuz.com.br\/blog\/como-ler-conta-de-luz-bandeira-tarifaria\/#breadcrumb\"},\"inLanguage\":\"pt-BR\",\"potentialAction\":[{\"@type\":\"ReadAction\",\"target\":[\"https:\/\/sualuz.com.br\/blog\/como-ler-conta-de-luz-bandeira-tarifaria\/\"]}]},{\"@type\":\"ImageObject\",\"inLanguage\":\"pt-BR\",\"@id\":\"https:\/\/sualuz.com.br\/blog\/como-ler-conta-de-luz-bandeira-tarifaria\/#primaryimage\",\"url\":\"https:\/\/sualuz.com.br\/blog\/wp-content\/uploads\/2026\/03\/02.-Como-ler-conta-de-luz-e-entender-a-bandeira-tarifaria.jpg\",\"contentUrl\":\"https:\/\/sualuz.com.br\/blog\/wp-content\/uploads\/2026\/03\/02.-Como-ler-conta-de-luz-e-entender-a-bandeira-tarifaria.jpg\",\"width\":1000,\"height\":460,\"caption\":\"Mulher em d\u00favida sobre como ler a conta de luz\"},{\"@type\":\"BreadcrumbList\",\"@id\":\"https:\/\/sualuz.com.br\/blog\/como-ler-conta-de-luz-bandeira-tarifaria\/#breadcrumb\",\"itemListElement\":[{\"@type\":\"ListItem\",\"position\":1,\"name\":\"In\u00edcio\",\"item\":\"https:\/\/sualuz.com.br\/blog\/\"},{\"@type\":\"ListItem\",\"position\":2,\"name\":\"Guia pr\u00e1tico de como ler sua conta de luz e o impacto das bandeiras\"}]},{\"@type\":\"WebSite\",\"@id\":\"https:\/\/sualuz.com.br\/blog\/#website\",\"url\":\"https:\/\/sualuz.com.br\/blog\/\",\"name\":\"LUZ\",\"description\":\"\",\"publisher\":{\"@id\":\"https:\/\/sualuz.com.br\/blog\/#organization\"},\"potentialAction\":[{\"@type\":\"SearchAction\",\"target\":{\"@type\":\"EntryPoint\",\"urlTemplate\":\"https:\/\/sualuz.com.br\/blog\/?s={search_term_string}\"},\"query-input\":{\"@type\":\"PropertyValueSpecification\",\"valueRequired\":true,\"valueName\":\"search_term_string\"}}],\"inLanguage\":\"pt-BR\"},{\"@type\":\"Organization\",\"@id\":\"https:\/\/sualuz.com.br\/blog\/#organization\",\"name\":\"LUZ\",\"url\":\"https:\/\/sualuz.com.br\/blog\/\",\"logo\":{\"@type\":\"ImageObject\",\"inLanguage\":\"pt-BR\",\"@id\":\"https:\/\/sualuz.com.br\/blog\/#\/schema\/logo\/image\/\",\"url\":\"https:\/\/sualuz.com.br\/blog\/wp-content\/uploads\/2025\/01\/sua-luz-favicon-flat.png\",\"contentUrl\":\"https:\/\/sualuz.com.br\/blog\/wp-content\/uploads\/2025\/01\/sua-luz-favicon-flat.png\",\"width\":512,\"height\":512,\"caption\":\"LUZ\"},\"image\":{\"@id\":\"https:\/\/sualuz.com.br\/blog\/#\/schema\/logo\/image\/\"}},{\"@type\":\"Person\",\"@id\":\"https:\/\/sualuz.com.br\/blog\/#\/schema\/person\/bbd73e4bf0b112afe9617925355b66a6\",\"name\":\"Reda\u00e7\u00e3o Luz\",\"image\":{\"@type\":\"ImageObject\",\"inLanguage\":\"pt-BR\",\"@id\":\"https:\/\/sualuz.com.br\/blog\/#\/schema\/person\/image\/\",\"url\":\"https:\/\/secure.gravatar.com\/avatar\/ed5b5c3c1f38a53655478b5e2e41d120?s=96&d=mm&r=g\",\"contentUrl\":\"https:\/\/secure.gravatar.com\/avatar\/ed5b5c3c1f38a53655478b5e2e41d120?s=96&d=mm&r=g\",\"caption\":\"Reda\u00e7\u00e3o Luz\"},\"description\":\"A Reda\u00e7\u00e3o Luz \u00e9 a voz da primeira energytech 100% digital do Brasil. Nosso time de especialistas produz conte\u00fados focados em transformar a sua rela\u00e7\u00e3o com a energia, entregando informa\u00e7\u00e3o com a mesma transpar\u00eancia e seguran\u00e7a da nossa tecnologia. Aqui, unimos dados, inova\u00e7\u00e3o e sustentabilidade para trazer dicas pr\u00e1ticas de economia e previsibilidade, para sua casa ou empresa, empoderando voc\u00ea com a liberdade de escolha para assumir o controle total do seu consumo. Afinal, a nova energia do Brasil \u00e9 digital e simples.\",\"sameAs\":[\"https:\/\/sualuz.com.br\/\",\"https:\/\/www.instagram.com\/sualuz_oficial\/\",\"https:\/\/www.linkedin.com\/company\/sualuz\",\"https:\/\/www.youtube.com\/@sualuz\"],\"url\":\"https:\/\/sualuz.com.br\/blog\/author\/marketing-luz\/\"}]}<\/script>\n<!-- \/ Yoast SEO plugin. -->","yoast_head_json":{"title":"Como ler conta de luz e entender a bandeira tarif\u00e1ria","description":"Aprenda como ler sua conta de luz e identificar a bandeira tarif\u00e1ria. Calcule o impacto real no valor final.","robots":{"index":"index","follow":"follow","max-snippet":"max-snippet:-1","max-image-preview":"max-image-preview:large","max-video-preview":"max-video-preview:-1"},"canonical":"https:\/\/sualuz.com.br\/blog\/como-ler-conta-de-luz-bandeira-tarifaria\/","og_locale":"pt_BR","og_type":"article","og_title":"Como ler conta de luz e entender a bandeira tarif\u00e1ria","og_description":"Aprenda como ler sua conta de luz e identificar a bandeira tarif\u00e1ria. Calcule o impacto real no valor final.","og_url":"https:\/\/sualuz.com.br\/blog\/como-ler-conta-de-luz-bandeira-tarifaria\/","og_site_name":"Luz","article_published_time":"2026-03-12T14:11:11+00:00","article_modified_time":"2026-03-13T16:35:43+00:00","og_image":[{"width":1000,"height":460,"url":"https:\/\/sualuz.com.br\/blog\/wp-content\/uploads\/2026\/03\/02.-Como-ler-conta-de-luz-e-entender-a-bandeira-tarifaria.jpg","type":"image\/jpeg"}],"author":"Reda\u00e7\u00e3o Luz","twitter_card":"summary_large_image","twitter_misc":{"Escrito por":"Reda\u00e7\u00e3o Luz","Est. tempo de leitura":"16 minutos"},"schema":{"@context":"https:\/\/schema.org","@graph":[{"@type":"Article","@id":"https:\/\/sualuz.com.br\/blog\/como-ler-conta-de-luz-bandeira-tarifaria\/#article","isPartOf":{"@id":"https:\/\/sualuz.com.br\/blog\/como-ler-conta-de-luz-bandeira-tarifaria\/"},"author":{"name":"Reda\u00e7\u00e3o Luz","@id":"https:\/\/sualuz.com.br\/blog\/#\/schema\/person\/bbd73e4bf0b112afe9617925355b66a6"},"headline":"Guia pr\u00e1tico de como ler sua conta de luz e o impacto das bandeiras","datePublished":"2026-03-12T14:11:11+00:00","dateModified":"2026-03-13T16:35:43+00:00","mainEntityOfPage":{"@id":"https:\/\/sualuz.com.br\/blog\/como-ler-conta-de-luz-bandeira-tarifaria\/"},"wordCount":2922,"commentCount":0,"publisher":{"@id":"https:\/\/sualuz.com.br\/blog\/#organization"},"image":{"@id":"https:\/\/sualuz.com.br\/blog\/como-ler-conta-de-luz-bandeira-tarifaria\/#primaryimage"},"thumbnailUrl":"https:\/\/sualuz.com.br\/blog\/wp-content\/uploads\/2026\/03\/02.-Como-ler-conta-de-luz-e-entender-a-bandeira-tarifaria.jpg","articleSection":["Dia a dia"],"inLanguage":"pt-BR","potentialAction":[{"@type":"CommentAction","name":"Comment","target":["https:\/\/sualuz.com.br\/blog\/como-ler-conta-de-luz-bandeira-tarifaria\/#respond"]}]},{"@type":"WebPage","@id":"https:\/\/sualuz.com.br\/blog\/como-ler-conta-de-luz-bandeira-tarifaria\/","url":"https:\/\/sualuz.com.br\/blog\/como-ler-conta-de-luz-bandeira-tarifaria\/","name":"Como ler conta de luz e entender a bandeira tarif\u00e1ria","isPartOf":{"@id":"https:\/\/sualuz.com.br\/blog\/#website"},"primaryImageOfPage":{"@id":"https:\/\/sualuz.com.br\/blog\/como-ler-conta-de-luz-bandeira-tarifaria\/#primaryimage"},"image":{"@id":"https:\/\/sualuz.com.br\/blog\/como-ler-conta-de-luz-bandeira-tarifaria\/#primaryimage"},"thumbnailUrl":"https:\/\/sualuz.com.br\/blog\/wp-content\/uploads\/2026\/03\/02.-Como-ler-conta-de-luz-e-entender-a-bandeira-tarifaria.jpg","datePublished":"2026-03-12T14:11:11+00:00","dateModified":"2026-03-13T16:35:43+00:00","description":"Aprenda como ler sua conta de luz e identificar a bandeira tarif\u00e1ria. Calcule o impacto real no valor final.","breadcrumb":{"@id":"https:\/\/sualuz.com.br\/blog\/como-ler-conta-de-luz-bandeira-tarifaria\/#breadcrumb"},"inLanguage":"pt-BR","potentialAction":[{"@type":"ReadAction","target":["https:\/\/sualuz.com.br\/blog\/como-ler-conta-de-luz-bandeira-tarifaria\/"]}]},{"@type":"ImageObject","inLanguage":"pt-BR","@id":"https:\/\/sualuz.com.br\/blog\/como-ler-conta-de-luz-bandeira-tarifaria\/#primaryimage","url":"https:\/\/sualuz.com.br\/blog\/wp-content\/uploads\/2026\/03\/02.-Como-ler-conta-de-luz-e-entender-a-bandeira-tarifaria.jpg","contentUrl":"https:\/\/sualuz.com.br\/blog\/wp-content\/uploads\/2026\/03\/02.-Como-ler-conta-de-luz-e-entender-a-bandeira-tarifaria.jpg","width":1000,"height":460,"caption":"Mulher em d\u00favida sobre como ler a conta de luz"},{"@type":"BreadcrumbList","@id":"https:\/\/sualuz.com.br\/blog\/como-ler-conta-de-luz-bandeira-tarifaria\/#breadcrumb","itemListElement":[{"@type":"ListItem","position":1,"name":"In\u00edcio","item":"https:\/\/sualuz.com.br\/blog\/"},{"@type":"ListItem","position":2,"name":"Guia pr\u00e1tico de como ler sua conta de luz e o impacto das bandeiras"}]},{"@type":"WebSite","@id":"https:\/\/sualuz.com.br\/blog\/#website","url":"https:\/\/sualuz.com.br\/blog\/","name":"LUZ","description":"","publisher":{"@id":"https:\/\/sualuz.com.br\/blog\/#organization"},"potentialAction":[{"@type":"SearchAction","target":{"@type":"EntryPoint","urlTemplate":"https:\/\/sualuz.com.br\/blog\/?s={search_term_string}"},"query-input":{"@type":"PropertyValueSpecification","valueRequired":true,"valueName":"search_term_string"}}],"inLanguage":"pt-BR"},{"@type":"Organization","@id":"https:\/\/sualuz.com.br\/blog\/#organization","name":"LUZ","url":"https:\/\/sualuz.com.br\/blog\/","logo":{"@type":"ImageObject","inLanguage":"pt-BR","@id":"https:\/\/sualuz.com.br\/blog\/#\/schema\/logo\/image\/","url":"https:\/\/sualuz.com.br\/blog\/wp-content\/uploads\/2025\/01\/sua-luz-favicon-flat.png","contentUrl":"https:\/\/sualuz.com.br\/blog\/wp-content\/uploads\/2025\/01\/sua-luz-favicon-flat.png","width":512,"height":512,"caption":"LUZ"},"image":{"@id":"https:\/\/sualuz.com.br\/blog\/#\/schema\/logo\/image\/"}},{"@type":"Person","@id":"https:\/\/sualuz.com.br\/blog\/#\/schema\/person\/bbd73e4bf0b112afe9617925355b66a6","name":"Reda\u00e7\u00e3o Luz","image":{"@type":"ImageObject","inLanguage":"pt-BR","@id":"https:\/\/sualuz.com.br\/blog\/#\/schema\/person\/image\/","url":"https:\/\/secure.gravatar.com\/avatar\/ed5b5c3c1f38a53655478b5e2e41d120?s=96&d=mm&r=g","contentUrl":"https:\/\/secure.gravatar.com\/avatar\/ed5b5c3c1f38a53655478b5e2e41d120?s=96&d=mm&r=g","caption":"Reda\u00e7\u00e3o Luz"},"description":"A Reda\u00e7\u00e3o Luz \u00e9 a voz da primeira energytech 100% digital do Brasil. Nosso time de especialistas produz conte\u00fados focados em transformar a sua rela\u00e7\u00e3o com a energia, entregando informa\u00e7\u00e3o com a mesma transpar\u00eancia e seguran\u00e7a da nossa tecnologia. Aqui, unimos dados, inova\u00e7\u00e3o e sustentabilidade para trazer dicas pr\u00e1ticas de economia e previsibilidade, para sua casa ou empresa, empoderando voc\u00ea com a liberdade de escolha para assumir o controle total do seu consumo. Afinal, a nova energia do Brasil \u00e9 digital e simples.","sameAs":["https:\/\/sualuz.com.br\/","https:\/\/www.instagram.com\/sualuz_oficial\/","https:\/\/www.linkedin.com\/company\/sualuz","https:\/\/www.youtube.com\/@sualuz"],"url":"https:\/\/sualuz.com.br\/blog\/author\/marketing-luz\/"}]}},"_links":{"self":[{"href":"https:\/\/sualuz.com.br\/blog\/wp-json\/wp\/v2\/posts\/5351","targetHints":{"allow":["GET"]}}],"collection":[{"href":"https:\/\/sualuz.com.br\/blog\/wp-json\/wp\/v2\/posts"}],"about":[{"href":"https:\/\/sualuz.com.br\/blog\/wp-json\/wp\/v2\/types\/post"}],"author":[{"embeddable":true,"href":"https:\/\/sualuz.com.br\/blog\/wp-json\/wp\/v2\/users\/14"}],"replies":[{"embeddable":true,"href":"https:\/\/sualuz.com.br\/blog\/wp-json\/wp\/v2\/comments?post=5351"}],"version-history":[{"count":1,"href":"https:\/\/sualuz.com.br\/blog\/wp-json\/wp\/v2\/posts\/5351\/revisions"}],"predecessor-version":[{"id":5353,"href":"https:\/\/sualuz.com.br\/blog\/wp-json\/wp\/v2\/posts\/5351\/revisions\/5353"}],"wp:featuredmedia":[{"embeddable":true,"href":"https:\/\/sualuz.com.br\/blog\/wp-json\/wp\/v2\/media\/5352"}],"wp:attachment":[{"href":"https:\/\/sualuz.com.br\/blog\/wp-json\/wp\/v2\/media?parent=5351"}],"wp:term":[{"taxonomy":"category","embeddable":true,"href":"https:\/\/sualuz.com.br\/blog\/wp-json\/wp\/v2\/categories?post=5351"},{"taxonomy":"post_tag","embeddable":true,"href":"https:\/\/sualuz.com.br\/blog\/wp-json\/wp\/v2\/tags?post=5351"}],"curies":[{"name":"wp","href":"https:\/\/api.w.org\/{rel}","templated":true}]}}