{"id":5346,"date":"2026-03-12T10:58:36","date_gmt":"2026-03-12T13:58:36","guid":{"rendered":"https:\/\/sualuz.com.br\/blog\/?p=5346"},"modified":"2026-03-13T13:35:43","modified_gmt":"2026-03-13T16:35:43","slug":"como-reduzir-conta-de-luz","status":"publish","type":"post","link":"https:\/\/sualuz.com.br\/blog\/como-reduzir-conta-de-luz\/","title":{"rendered":"Maneiras pr\u00e1ticas de reduzir sua conta de luz"},"content":{"rendered":"\n<p>Seja em casa ou na empresa, o valor final da conta \u00e9 resultado de h\u00e1bitos de consumo, escolha de equipamentos, efici\u00eancia das instala\u00e7\u00f5es e at\u00e9 da forma como a energia el\u00e9trica \u00e9 contratada e utilizada ao longo do dia. Nesse sentido, pequenas mudan\u00e7as operacionais ajudam a gerar economia no curto prazo, enquanto ajustes t\u00e9cnicos e tecnol\u00f3gicos potencializam resultados no m\u00e9dio e longo prazo.<\/p>\n\n\n\n<p>Neste conte\u00fado, voc\u00ea ver\u00e1 tudo que precisa saber sobre as <strong>raz\u00f5es pelo alto consumo<\/strong> e a\u00e7\u00f5es<strong> pr\u00e1ticas para reduzir a conta de luz <\/strong>como:<\/p>\n\n\n\n<ul class=\"wp-block-list\">\n<li>Por que sua conta de luz est\u00e1 alta?<\/li>\n\n\n\n<li>H\u00e1bitos e usos que aumentam a conta<\/li>\n\n\n\n<li>Otimiza\u00e7\u00e3o de grandes consumidores<\/li>\n\n\n\n<li>Monitoramento e controle de consumo<\/li>\n\n\n\n<li>H\u00e1bitos sustent\u00e1veis e redu\u00e7\u00e3o de desperd\u00edcios<\/li>\n<\/ul>\n\n\n\n<p>Aproveite, s\u00e3o orienta\u00e7\u00f5es objetivas, dicas e foco direto no que realmente impacta o valor da fatura. A proposta aqui \u00e9 simples: sair da teoria e ir para a\u00e7\u00f5es que voc\u00ea pode aplicar hoje mesmo.<\/p>\n\n\n\n<p>Boa leitura!<\/p>\n\n\n\n<h2 class=\"wp-block-heading\"><strong>Por que sua conta de luz est\u00e1 alta?<\/strong><\/h2>\n\n\n\n<p>Antes de sair trocando equipamentos ou reduzindo o tempo de uso dos aparelhos, \u00e9 importante<strong> entender a raz\u00e3o pela qual o valor da sua conta de luz aumentou<\/strong>.&nbsp;<\/p>\n\n\n\n<p>Em muitos casos, o problema n\u00e3o est\u00e1 apenas no volume de consumo. Ele tamb\u00e9m pode estar relacionado \u00e0 forma como a tarifa \u00e9 calculada, \u00e0s bandeiras tarif\u00e1rias, aos hor\u00e1rios de uso e a h\u00e1bitos cotidianos que passam despercebidos, mas impactam diretamente o valor final da fatura.<\/p>\n\n\n\n<p>Identificar a verdadeira causa \u00e9 o primeiro passo para reduzir a conta de luz de forma estrat\u00e9gica e consistente.<\/p>\n\n\n\n<h3 class=\"wp-block-heading\"><strong>Componentes da fatura que impactam o valor<\/strong><\/h3>\n\n\n\n<p>A conta de luz n\u00e3o \u00e9 formada apenas pelo valor da energia consumida. Ela re\u00fane <strong>diferentes componentes que impactam diretamente o total pago. <\/strong>S\u00e3o eles:<\/p>\n\n\n\n<ol class=\"wp-block-list\">\n<li>Consumo de energia (TE\/Tarifa de Energia)<\/li>\n\n\n\n<li>TUSD (Tarifa de Uso do Sistema de Distribui\u00e7\u00e3o)<\/li>\n\n\n\n<li>Bandeiras tarif\u00e1rias e encargos<\/li>\n<\/ol>\n\n\n\n<h4 class=\"wp-block-heading\"><strong>1. Consumo de energia (TE\/Tarifa de Energia)<\/strong><\/h4>\n\n\n\n<p>\u00c9 o valor cobrado pela energia efetivamente consumida, medido em kWh (quilowatt-hora). Quanto maior o consumo, maior o valor dessa parcela.<\/p>\n\n\n\n<h4 class=\"wp-block-heading\"><strong>2. TUSD (Tarifa de Uso do Sistema de Distribui\u00e7\u00e3o)<\/strong><\/h4>\n\n\n\n<p>A <a href=\"https:\/\/sualuz.com.br\/blog\/tusd-na-conta-de-energia\/\" target=\"_blank\" rel=\"noreferrer noopener\">TUSD<\/a> corresponde ao custo pelo \u201ctransporte\u201d da energia el\u00e9trica. Ou seja, a infraestrutura, como por exemplo postes, cabos, transformadores e toda a rede que transporta a energia el\u00e9trica at\u00e9 sua casa ou empresa.<\/p>\n\n\n\n<p>Nesse sentido, mesmo que voc\u00ea consuma menos energia, paga de maneira proporcional ao consumo de kWh pelo servi\u00e7o de distribui\u00e7\u00e3o. Dessa maneira, em alguns casos, a TUSD pode representar uma parcela significativa da conta.<\/p>\n\n\n\n<p>J\u00e1 para empresas do grupo tarif\u00e1rio com demanda contratada, essa tarifa tamb\u00e9m est\u00e1 ligada \u00e0 pot\u00eancia disponibilizada pela rede. Se a demanda contratada for ultrapassada, podem surgir cobran\u00e7as adicionais.<\/p>\n\n\n\n<h4 class=\"wp-block-heading\"><strong>3. Bandeiras tarif\u00e1rias e encargos<\/strong><\/h4>\n\n\n\n<p>As bandeiras tarif\u00e1rias indicam o custo de gera\u00e7\u00e3o de energia no per\u00edodo (verde, amarela ou vermelha). Quando a gera\u00e7\u00e3o est\u00e1 mais cara, em raz\u00e3o do baixo n\u00edvel dos reservat\u00f3rios das usinas hidrel\u00e9tricas ou outros motivos, h\u00e1 acr\u00e9scimos no valor por kWh.<\/p>\n\n\n\n<p>Al\u00e9m disso, a conta inclui impostos e encargos setoriais que impactam diretamente o total pago.<\/p>\n\n\n\n<p>Sem entender esses itens, fica dif\u00edcil identificar o que realmente est\u00e1 elevando o custo. Muitas vezes, o aumento est\u00e1 ligado \u00e0 bandeira tarif\u00e1ria ou a uma varia\u00e7\u00e3o na tarifa, e n\u00e3o necessariamente a um salto no consumo.<\/p>\n\n\n\n<h3 class=\"wp-block-heading\"><strong>H\u00e1bitos e usos que aumentam a conta<\/strong><\/h3>\n\n\n\n<p>Al\u00e9m da tarifa, os <strong>h\u00e1bitos di\u00e1rios s\u00e3o os grandes respons\u00e1veis pelo aumento na conta de luz.<\/strong> Alguns comportamentos comuns podem elevar significativamente o consumo, como:<\/p>\n\n\n\n<ul class=\"wp-block-list\">\n<li>Chuveiro el\u00e9trico no modo mais quente por longos per\u00edodos;<\/li>\n\n\n\n<li>Equipamentos antigos com baixa efici\u00eancia energ\u00e9tica;<\/li>\n\n\n\n<li>Luzes acesas em ambientes vazios;<\/li>\n\n\n\n<li>Aparelhos em stand-by 24 horas por dia;<\/li>\n\n\n\n<li>M\u00e1 veda\u00e7\u00e3o de portas e janelas, exigindo mais climatiza\u00e7\u00e3o;<\/li>\n\n\n\n<li>Falta de manuten\u00e7\u00e3o preventiva em equipamentos.<\/li>\n<\/ul>\n\n\n\n<p>Quando olhamos para empresas, o impacto pode ser ainda maior devido ao n\u00famero de equipamentos ligados simultaneamente, ilumina\u00e7\u00e3o constante e uso intensivo de sistemas de refrigera\u00e7\u00e3o ou maquin\u00e1rio.<\/p>\n\n\n\n<h3 class=\"wp-block-heading\"><strong>O ar condicionado como respons\u00e1vel pelo aumento da conta de luz<\/strong><\/h3>\n\n\n\n<p>O ar-condicionado est\u00e1 entre os maiores respons\u00e1veis pelo aumento da conta de luz, tanto em resid\u00eancias quanto em empresas. Isso acontece porque \u00e9 um equipamento de alta pot\u00eancia e, muitas vezes, permanece ligado por v\u00e1rias horas consecutivas.<\/p>\n\n\n\n<p>Quanto menor a temperatura configurada, maior o esfor\u00e7o do compressor. Consequentemente, maior o consumo de energia. Cada grau abaixo do necess\u00e1rio pode representar aumento significativo no gasto mensal.<\/p>\n\n\n\n<p>Para reduzir o impacto do ar-condicionado na conta de luz, \u00e9 importante:<\/p>\n\n\n\n<ul class=\"wp-block-list\">\n<li>Ajustar a temperatura entre 23 \u00b0C e 25 \u00b0C.<\/li>\n\n\n\n<li>Realizar manuten\u00e7\u00e3o peri\u00f3dica.<\/li>\n\n\n\n<li>Investir em modelos mais eficientes.<\/li>\n\n\n\n<li>Melhorar o isolamento t\u00e9rmico do ambiente.<\/li>\n<\/ul>\n\n\n\n<p>Como \u00e9 um dos principais consumidores de energia, qualquer otimiza\u00e7\u00e3o no uso do ar-condicionado tende a gerar economia percept\u00edvel j\u00e1 na pr\u00f3xima fatura.<\/p>\n\n\n\n<h2 class=\"wp-block-heading\"><strong>Ilumina\u00e7\u00e3o eficiente<\/strong><\/h2>\n\n\n\n<p>A<strong> ilumina\u00e7\u00e3o \u00e9 um dos primeiros pontos a revisar quando o objetivo \u00e9 reduzir a conta de energia.<\/strong> Em resid\u00eancias, ela pode representar uma parcela significativa do consumo mensal. J\u00e1 em empresas, especialmente escrit\u00f3rios, com\u00e9rcios e galp\u00f5es, o impacto tende a ser ainda maior, devido ao n\u00famero de lumin\u00e1rias e ao tempo prolongado de funcionamento.<\/p>\n\n\n\n<p>Felizmente, esse <strong>\u00e9 um dos ajustes mais simples de implementar<\/strong>. Substitui\u00e7\u00f5es estrat\u00e9gicas e melhorias na efici\u00eancia do sistema de ilumina\u00e7\u00e3o geram economia percept\u00edvel j\u00e1 nas pr\u00f3ximas faturas, sem comprometer o conforto ou a produtividade.<\/p>\n\n\n\n<h3 class=\"wp-block-heading\"><strong>Aproveitar luz natural e cores claras<\/strong><\/h3>\n\n\n\n<p>Organizar os ambientes para <strong>aproveitar melhor a ilumina\u00e7\u00e3o externa<\/strong> reduz a necessidade de l\u00e2mpadas acesas durante o dia.<\/p>\n\n\n\n<p>Para isso voc\u00ea pode:<\/p>\n\n\n\n<ul class=\"wp-block-list\">\n<li>Posicionar mesas e esta\u00e7\u00f5es de trabalho pr\u00f3ximas a janelas;<\/li>\n\n\n\n<li>Manter cortinas abertas sempre que poss\u00edvel;<\/li>\n\n\n\n<li>Evitar m\u00f3veis altos bloqueando entradas de luz;<\/li>\n\n\n\n<li>Utilizar divis\u00f3rias de vidro ou materiais transl\u00facidos em ambientes corporativos.<\/li>\n<\/ul>\n\n\n\n<p>Al\u00e9m disso, <strong>cores claras nas paredes e no teto<\/strong> aumentam a reflex\u00e3o da luz, melhorando a luminosidade do ambiente sem elevar o consumo. Ambientes com paredes escuras exigem mais pontos de ilumina\u00e7\u00e3o e l\u00e2mpadas de maior pot\u00eancia.<\/p>\n\n\n\n<h3 class=\"wp-block-heading\"><strong>Substituir l\u00e2mpadas por LED<\/strong><\/h3>\n\n\n\n<p><strong>Trocar l\u00e2mpadas antigas (incandescentes ou fluorescentes) por modelos LED \u00e9 uma das medidas mais eficazes para reduzir a conta de luz <\/strong>com baixo investimento inicial e retorno r\u00e1pido. Na pr\u00e1tica, as l\u00e2mpadas LED:<\/p>\n\n\n\n<ul class=\"wp-block-list\">\n<li>Consomem at\u00e9 80% menos energia do que as incandescentes;<\/li>\n\n\n\n<li>Duram muito mais tempo;<\/li>\n\n\n\n<li>Aquecem menos o ambiente (o que tamb\u00e9m reduz a carga sobre o ar-condicionado);<\/li>\n\n\n\n<li>Exigem menos manuten\u00e7\u00e3o e trocas frequentes.<\/li>\n<\/ul>\n\n\n\n<p>Para calcular o impacto, basta <strong>comparar a pot\u00eancia (em watts) da l\u00e2mpada antiga com a LED equivalente e multiplicar pelo n\u00famero de horas de uso di\u00e1rio<\/strong>. Em locais com muitas lumin\u00e1rias, como escrit\u00f3rios e lojas, a economia acumulada pode ser expressiva j\u00e1 no primeiro m\u00eas.<\/p>\n\n\n\n<h2 class=\"wp-block-heading\"><strong>Gest\u00e3o de aparelhos e h\u00e1bitos de consumo<\/strong><\/h2>\n\n\n\n<p>Depois da ilumina\u00e7\u00e3o, o segundo grande ponto de impacto na conta de luz est\u00e1 na f<strong>orma como os aparelhos s\u00e3o utilizados no dia a dia<\/strong>. Muitas vezes, o problema n\u00e3o \u00e9 apenas quais equipamentos voc\u00ea tem, mas <strong>como e por quanto tempo eles ficam ligados<\/strong>.<\/p>\n\n\n\n<p>Confira, a seguir, os h\u00e1bitos mais negligenciados e que pode gerar economia imediata.<\/p>\n\n\n\n<h3 class=\"wp-block-heading\"><strong>Evitar stand-by e desconectar equipamentos<\/strong><\/h3>\n\n\n\n<p><strong>Equipamentos em modo stand-by continuam consumindo energia<\/strong>, mesmo quando aparentemente \u201cdesligados\u201d. Televis\u00f5es, micro-ondas, computadores, impressoras, roteadores, cafeteiras e carregadores conectados \u00e0 tomada formam o que chamamos de <strong>consumo fantasma<\/strong>.<\/p>\n\n\n\n<p>Embora o gasto individual pare\u00e7a pequeno, a soma ao longo do m\u00eas pode representar uma parcela relevante da fatura, especialmente em ambientes corporativos com muitos dispositivos conectados.<\/p>\n\n\n\n<p>Para reduzir esse desperd\u00edcio, adote pr\u00e1ticas como:<\/p>\n\n\n\n<ul class=\"wp-block-list\">\n<li>Retirar carregadores da tomada quando n\u00e3o estiverem em uso;<\/li>\n\n\n\n<li>Utilizar filtros de linha com bot\u00e3o liga\/desliga para cortar energia de v\u00e1rios aparelhos ao mesmo tempo;<\/li>\n\n\n\n<li>Desligar completamente computadores e monitores ao fim do expediente;<\/li>\n\n\n\n<li>Programar equipamentos para desligamento autom\u00e1tico, quando poss\u00edvel.<\/li>\n<\/ul>\n\n\n\n<p>No caso das empresas, vale implementar um protocolo simples de \u201cchecklist de desligamento\u201d ao final do dia. Essa padroniza\u00e7\u00e3o ajuda a reduzir a conta de energia de forma consistente e mensur\u00e1vel.<\/p>\n\n\n\n<h3 class=\"wp-block-heading\"><strong>Uso inteligente de eletrodom\u00e9sticos<\/strong><\/h3>\n\n\n\n<p>Alguns aparelhos el\u00e9tricos concentram grande parte do consumo de energia, como <strong>ar-condicionado, chuveiro el\u00e9trico, geladeira, forno el\u00e9trico e m\u00e1quinas de lavar<\/strong>. O uso estrat\u00e9gico desses equipamentos impacta diretamente o valor final da conta.<\/p>\n\n\n\n<p>Entre as boas pr\u00e1ticas para reduzir contas de luz est\u00e3o:<\/p>\n\n\n\n<ul class=\"wp-block-list\">\n<li>Ajustar o ar-condicionado para temperaturas moderadas (evitando extremos);<\/li>\n\n\n\n<li>Manter filtros limpos para melhorar a efici\u00eancia;<\/li>\n\n\n\n<li>Reduzir o tempo de banho com chuveiro el\u00e9trico;<\/li>\n\n\n\n<li>Utilizar m\u00e1quina de lavar apenas com carga completa;<\/li>\n\n\n\n<li>Evitar abrir a geladeira com frequ\u00eancia ou deix\u00e1-la aberta por muito tempo;<\/li>\n\n\n\n<li>Optar por ciclos econ\u00f4micos em lavadoras e lava-lou\u00e7as.<\/li>\n<\/ul>\n\n\n\n<h2 class=\"wp-block-heading\"><strong>Otimiza\u00e7\u00e3o de grandes consumidores<\/strong><\/h2>\n\n\n\n<p>Agora, se voc\u00ea quer reduzir a conta de energia de forma mais significativa, precisa olhar para os <strong>grandes consumidores de energia<\/strong>. Em resid\u00eancias e empresas, poucos equipamentos concentram a maior parte do gasto mensal.<\/p>\n\n\n\n<p>A l\u00f3gica \u00e9 simples: otimizar o que mais consome gera impacto direto e mensur\u00e1vel na fatura.<\/p>\n\n\n\n<h3 class=\"wp-block-heading\"><strong>Ar-condicionado e refrigera\u00e7\u00e3o eficiente<\/strong><\/h3>\n\n\n\n<p><strong>O ar-condicionado est\u00e1 entre os principais respons\u00e1veis pelo aumento da conta de luz<\/strong>, principalmente em regi\u00f5es mais quentes ou em ambientes corporativos que funcionam o dia inteiro.<\/p>\n\n\n\n<p>Para reduzir o consumo sem perder conforto, vale a pena:<\/p>\n\n\n\n<ul class=\"wp-block-list\">\n<li>Ajustar a temperatura entre 23 \u00b0C e 25 \u00b0C \u2014 cada grau abaixo disso aumenta significativamente o gasto;<\/li>\n\n\n\n<li>Manter\u00a0 filtros limpos para melhorar a efici\u00eancia do equipamento;<\/li>\n\n\n\n<li>Verificar a veda\u00e7\u00e3o de portas e janelas para evitar perda de refrigera\u00e7\u00e3o;<\/li>\n\n\n\n<li>Utilizar cortinas ou pel\u00edculas para reduzir a incid\u00eancia direta de sol;<\/li>\n\n\n\n<li>Priorizar equipamentos com tecnologia inverter, que consomem menos energia ao manter a temperatura est\u00e1vel.<\/li>\n<\/ul>\n\n\n\n<p>No caso de geladeiras e freezers:<\/p>\n\n\n\n<ul class=\"wp-block-list\">\n<li>Verificar a borracha de veda\u00e7\u00e3o;<\/li>\n\n\n\n<li>Manter dist\u00e2ncia adequada da parede para ventila\u00e7\u00e3o.<\/li>\n<\/ul>\n\n\n\n<h3 class=\"wp-block-heading\"><strong>M\u00e1quina de lavar, secar e uso por hor\u00e1rios<\/strong><\/h3>\n\n\n\n<p><strong>M\u00e1quinas de lavar, secar e fornos el\u00e9tricos tamb\u00e9m est\u00e3o entre os grandes consumidores<\/strong>. O impacto pode ser reduzido com planejamento de uso.<\/p>\n\n\n\n<p>Na pr\u00e1tica, isso significa:<\/p>\n\n\n\n<ul class=\"wp-block-list\">\n<li>Utilizar a m\u00e1quina de lavar apenas com carga completa;<\/li>\n\n\n\n<li>Optar por ciclos econ\u00f4micos;<\/li>\n\n\n\n<li>Reduzir o uso da secadora sempre que poss\u00edvel, priorizando secagem natural;<\/li>\n\n\n\n<li>Evitar o uso simult\u00e2neo de v\u00e1rios equipamentos de alto consumo.<\/li>\n<\/ul>\n\n\n\n<h2 class=\"wp-block-heading\"><strong>Tarifas<\/strong><\/h2>\n\n\n\n<p>Nem sempre a conta de energia est\u00e1 alta apenas porque voc\u00ea consumiu mais energia. Em muitos casos, o valor final aumenta por causa da <strong>forma como a energia \u00e9 tarifada.<\/strong><\/p>\n\n\n\n<p>Nesse sentido, compreender como funcionam as bandeiras tarif\u00e1rias e as modalidades de cobran\u00e7a por hor\u00e1rio pode abrir espa\u00e7o para uma economia estrat\u00e9gica.<\/p>\n\n\n\n<p>O sistema de bandeiras tarif\u00e1rias indica o <strong>custo de gera\u00e7\u00e3o de energia no pa\u00eds.<\/strong> Quando as condi\u00e7\u00f5es de produ\u00e7\u00e3o est\u00e3o menos favor\u00e1veis (como em per\u00edodos de seca), h\u00e1 um acr\u00e9scimo no valor por kWh consumido. Isso significa que, mesmo mantendo o mesmo padr\u00e3o de consumo, o total da fatura pode subir.<\/p>\n\n\n\n<h2 class=\"wp-block-heading\"><strong>Monitoramento e controle de consumo<\/strong><\/h2>\n\n\n\n<p><strong>N\u00e3o se gerencia o que n\u00e3o se mede.<\/strong> Por isso, acompanhar o consumo de energia \u00e9 o que transforma a redu\u00e7\u00e3o da conta de luz em uma estrat\u00e9gia estruturada, e n\u00e3o em a\u00e7\u00f5es pontuais baseadas em tentativa e erro.<\/p>\n\n\n\n<p>O monitoramento torna poss\u00edvel<strong> identificar padr\u00f5es de uso, picos de consumo, varia\u00e7\u00f5es inesperadas na fatura e oportunidades reais de otimiza\u00e7\u00e3o.<\/strong> Sem esse acompanhamento, desperd\u00edcios passam despercebidos e decis\u00f5es acabam sendo tomadas sem base concreta.<\/p>\n\n\n\n<p>Tanto resid\u00eancias quanto empresas podem se beneficiar de ferramentas simples de controle, al\u00e9m da an\u00e1lise peri\u00f3dica da fatura de energia. Esse h\u00e1bito facilita a identifica\u00e7\u00e3o de desvios, falhas operacionais e ajustes que, quando aplicados de forma cont\u00ednua, geram economia consistente ao longo do tempo.<\/p>\n\n\n\n<h3 class=\"wp-block-heading\"><strong>Ferramentas e medidores inteligentes<\/strong><\/h3>\n\n\n\n<p>Hoje, existem diversas solu\u00e7\u00f5es que ajudam a acompanhar o consumo em tempo real ou por per\u00edodos espec\u00edficos.<\/p>\n\n\n\n<p>Entre as principais op\u00e7\u00f5es est\u00e3o:<\/p>\n\n\n\n<ul class=\"wp-block-list\">\n<li>Medidores individuais de tomada para identificar quanto cada equipamento consome;<\/li>\n\n\n\n<li>Sistemas de monitoramento com leitura digital e relat\u00f3rios detalhados;<\/li>\n\n\n\n<li>Aplicativos da pr\u00f3pria concession\u00e1ria que mostram hist\u00f3rico de consumo;<\/li>\n\n\n\n<li>Sensores e automa\u00e7\u00f5es que desligam equipamentos automaticamente.<\/li>\n<\/ul>\n\n\n\n<p>Em empresas, o <strong>uso de medidores setorizados <\/strong>(por \u00e1rea ou departamento) permite identificar quais setores concentram maior gasto energ\u00e9tico e agir com mais precis\u00e3o.<\/p>\n\n\n\n<p>O grande benef\u00edcio dessas ferramentas \u00e9 a<strong> capacidade de comparar consumo antes e depois de uma mudan\u00e7a<\/strong>. Permitindo medir o impacto real das a\u00e7\u00f5es implementadas.<\/p>\n\n\n\n<h3 class=\"wp-block-heading\"><strong>Revis\u00e3o e an\u00e1lise peri\u00f3dica da fatura<\/strong><\/h3>\n\n\n\n<p>Al\u00e9m do acompanhamento em tempo real, a an\u00e1lise mensal da conta de luz \u00e9 uma <strong>etapa indispens\u00e1vel para manter o controle do consumo e evitar custos desnecess\u00e1rios<\/strong>. A fatura n\u00e3o deve ser vista apenas como um boleto a pagar, mas como uma fonte de dados estrat\u00e9gicos.<\/p>\n\n\n\n<p>Alguns pontos merecem aten\u00e7\u00e3o especial:<\/p>\n\n\n\n<ul class=\"wp-block-list\">\n<li>Comparar o consumo com o mesmo per\u00edodo do ano anterior, considerando sazonalidades;<\/li>\n\n\n\n<li>Avaliar varia\u00e7\u00f5es significativas no valor do kWh;<\/li>\n\n\n\n<li>Conferir quais bandeiras tarif\u00e1rias foram aplicadas no m\u00eas;<\/li>\n\n\n\n<li>Verificar poss\u00edveis cobran\u00e7as adicionais ou ultrapassagem de demanda, no caso de empresas.<\/li>\n<\/ul>\n\n\n\n<p><strong>Criar o h\u00e1bito de revisar a fatura facilita a identifica\u00e7\u00e3o r\u00e1pida de desvios e anomalias, <\/strong>como equipamentos com mau funcionamento, desperd\u00edcios invis\u00edveis ou altera\u00e7\u00f5es comuns. Esse acompanhamento cont\u00ednuo torna a redu\u00e7\u00e3o da conta de luz mais previs\u00edvel, estrat\u00e9gica e sustent\u00e1vel ao longo do tempo.<\/p>\n\n\n\n<h2 class=\"wp-block-heading\"><strong>Solu\u00e7\u00f5es tecnol\u00f3gicas e investimentos<\/strong><\/h2>\n\n\n\n<p>Ap\u00f3s ajustar h\u00e1bitos e otimizar o uso dos principais equipamentos, o avan\u00e7o natural para reduzir a conta de luz de forma mais consistente \u00e9<strong> investir em solu\u00e7\u00f5es tecnol\u00f3gicas voltadas \u00e0 efici\u00eancia energ\u00e9tica<\/strong>. Diferentemente das mudan\u00e7as comportamentais, essas iniciativas atuam diretamente na estrutura do consumo, promovendo redu\u00e7\u00e3o cont\u00ednua e de longo prazo.<\/p>\n\n\n\n<p>Ao modernizar sistemas, substituir equipamentos obsoletos ou implementar fontes alternativas de energia, o<strong> impacto deixa de ser pontual e passa a ser permanente.<\/strong><\/p>\n\n\n\n<p>Embora algumas dessas medidas exijam investimento inicial, o r<strong>etorno tende a ser previs\u00edvel, mensur\u00e1vel e progressivo<\/strong>, sobretudo quando acompanhado por monitoramento adequado. Trata-se de uma abordagem mais estrat\u00e9gica, que transforma economia em ganho financeiro sustent\u00e1vel ao longo dos anos.<\/p>\n\n\n\n<h3 class=\"wp-block-heading\"><strong>Energia solar e gera\u00e7\u00e3o distribu\u00edda<\/strong><\/h3>\n\n\n\n<p>A <a href=\"https:\/\/sualuz.com.br\/blog\/placas-solares-no-inverno-funcionam-bem-com-menos-sol\/\" target=\"_blank\" rel=\"noreferrer noopener\">energia solar<\/a> est\u00e1 entre as estrat\u00e9gias mais eficazes para reduzir a conta de luz de forma estrutural. Por meio do modelo de<strong> gera\u00e7\u00e3o distribu\u00edda<\/strong>, o consumidor passa a produzir a pr\u00f3pria energia renov\u00e1vel e utilizar cr\u00e9ditos para compensar o consumo junto \u00e0 concession\u00e1ria, diminuindo significativamente o valor pago na fatura.<\/p>\n\n\n\n<p>Entre os principais benef\u00edcios do uso de recursos naturais est\u00e3o:<\/p>\n\n\n\n<ul class=\"wp-block-list\">\n<li>Redu\u00e7\u00e3o significativa do valor pago mensalmente;<\/li>\n\n\n\n<li>Prote\u00e7\u00e3o contra aumentos tarif\u00e1rios;<\/li>\n\n\n\n<li>Previsibilidade de custo no longo prazo;<\/li>\n\n\n\n<li>Valoriza\u00e7\u00e3o do im\u00f3vel ou do empreendimento.<\/li>\n<\/ul>\n\n\n\n<p>O dimensionamento do sistema deve levar em conta o <strong>consumo m\u00e9dio mensal (kWh), o perfil de uso e poss\u00edveis varia\u00e7\u00f5es sazonais<\/strong>. Em empresas com demanda elevada, o retorno sobre o investimento costuma ser ainda mais acelerado, j\u00e1 que a compensa\u00e7\u00e3o ocorre sobre um volume maior de consumo.<\/p>\n\n\n\n<p>Antes da instala\u00e7\u00e3o, contudo, \u00e9 fundamental<strong> avaliar fatores como espa\u00e7o dispon\u00edvel para os pain\u00e9is, incid\u00eancia solar, condi\u00e7\u00f5es estruturais do local e as regras vigentes da concession\u00e1ria<\/strong>. Uma an\u00e1lise t\u00e9cnica adequada garante que o investimento seja apropriado e gere a economia esperada ao longo dos anos.<\/p>\n\n\n\n<h3 class=\"wp-block-heading\"><strong>Investir em efici\u00eancia energ\u00e9tica residencial<\/strong><\/h3>\n\n\n\n<p><strong>Nem todo investimento precisa ser de grande porte. <\/strong>Melhorias estruturais focadas em efici\u00eancia energ\u00e9tica tamb\u00e9m trazem impacto relevante na fatura.<\/p>\n\n\n\n<p>Alguns exemplos:<\/p>\n\n\n\n<ul class=\"wp-block-list\">\n<li>Substitui\u00e7\u00e3o de equipamentos antigos por modelos com selo de efici\u00eancia energ\u00e9tica;<\/li>\n\n\n\n<li>Instala\u00e7\u00e3o de sensores de presen\u00e7a para ilumina\u00e7\u00e3o;<\/li>\n\n\n\n<li>Uso de automa\u00e7\u00e3o residencial para controlar hor\u00e1rios de funcionamento;<\/li>\n\n\n\n<li>Melhoria no isolamento t\u00e9rmico (reduzindo necessidade de climatiza\u00e7\u00e3o);<\/li>\n\n\n\n<li>Troca de motores e sistemas el\u00e9tricos mais antigos em ambientes corporativos.<\/li>\n<\/ul>\n\n\n\n<p><strong>Essas a\u00e7\u00f5es reduzem o consumo na origem<\/strong>, tornando cada kWh mais eficiente. O resultado \u00e9 uma conta de luz mais previs\u00edvel, menor depend\u00eancia de varia\u00e7\u00f5es tarif\u00e1rias e economia cont\u00ednua ao longo do tempo.<\/p>\n\n\n\n<h2 class=\"wp-block-heading\"><strong>H\u00e1bitos sustent\u00e1veis e redu\u00e7\u00e3o de desperd\u00edcios<\/strong><\/h2>\n\n\n\n<p>Muitos fatores est\u00e3o envolvidos na redu\u00e7\u00e3o da conta de luz e ainda contribuem para o meio ambiente. Para al\u00e9m de grandes investimentos ou mudan\u00e7as estruturais,<strong> pequenos ajustes no cotidiano fazem a diferen\u00e7a e ajudam a eliminar desperd\u00edcios invis\u00edveis<\/strong>, tornando o consumo mais consciente.<\/p>\n\n\n\n<h3 class=\"wp-block-heading\"><strong>Pequenas mudan\u00e7as no cotidiano<\/strong><\/h3>\n\n\n\n<p>Algumas a\u00e7\u00f5es simples podem gerar impacto direto no consumo mensal s\u00e3o:<\/p>\n\n\n\n<ul class=\"wp-block-list\">\n<li>Apagar as luzes ao sair de um ambiente;<\/li>\n\n\n\n<li>Reduzir o tempo de banho com chuveiro el\u00e9trico;<\/li>\n\n\n\n<li>Ajustar a temperatura do ar-condicionado para n\u00edveis moderados;<\/li>\n\n\n\n<li>Desligar equipamentos ao final do expediente;<\/li>\n\n\n\n<li>Utilizar ventila\u00e7\u00e3o natural sempre que poss\u00edvel;<\/li>\n\n\n\n<li>Evitar deixar a geladeira aberta por tempo prolongado;<\/li>\n\n\n\n<li>Priorizar luz natural durante o dia.<\/li>\n<\/ul>\n\n\n\n<p>Em empresas, a<strong> cria\u00e7\u00e3o de uma cultura interna de uso consciente da energia<\/strong> pode potencializar ainda mais os resultados. Campanhas internas, metas de redu\u00e7\u00e3o e orienta\u00e7\u00e3o aos colaboradores ajudam a manter o engajamento e a disciplina no consumo.<\/p>\n\n\n\n<p>O segredo est\u00e1 na const\u00e2ncia: pequenas redu\u00e7\u00f5es di\u00e1rias acumulam impacto significativo ao final do m\u00eas.<\/p>\n\n\n\n<h3 class=\"wp-block-heading\"><strong>Comparativo de consumo por aparelhos<\/strong><\/h3>\n\n\n\n<p>Entender quais equipamentos mais consomem energia ajuda a direcionar esfor\u00e7os de economia.<\/p>\n\n\n\n<p>De forma geral, os maiores consumidores costumam ser:<\/p>\n\n\n\n<ul class=\"wp-block-list\">\n<li>Ar-condicionado;<\/li>\n\n\n\n<li>Chuveiro el\u00e9trico;<\/li>\n\n\n\n<li>Secadora de roupas;<\/li>\n\n\n\n<li>Forno el\u00e9trico;<\/li>\n\n\n\n<li>Geladeira e freezer.<\/li>\n<\/ul>\n\n\n\n<p>J\u00e1 aparelhos como<strong> televis\u00e3o, notebooks e ilumina\u00e7\u00e3o LED<\/strong> tendem a ter consumo menor individualmente, mas podem pesar se ficarem ligados por muitas horas.<\/p>\n\n\n\n<p>Fazer um comparativo simples entre pot\u00eancia (W), tempo de uso di\u00e1rio e dias no m\u00eas ajuda a estimar o consumo em kWh de cada equipamento. Com isso, fica mais f\u00e1cil identificar onde vale concentrar esfor\u00e7os para reduzir gastos.<\/p>\n\n\n\n<h2 class=\"wp-block-heading\"><strong>Perguntas frequentes<\/strong><\/h2>\n\n\n\n<p>Ao buscar formas de reduzir a conta de luz, \u00e9 comum surgirem d\u00favidas pr\u00e1ticas sobre c\u00e1lculo de consumo, troca de equipamentos e alternativas como<strong> energia solar ou Mercado Livre<\/strong>. Abaixo, <strong>respondemos \u00e0s perguntas mais frequentes<\/strong> com foco em aplica\u00e7\u00e3o real e impacto direto na fatura.<\/p>\n\n\n\n<h3 class=\"wp-block-heading\"><strong>Como calcular o consumo de um aparelho?<\/strong><\/h3>\n\n\n\n<p>Para calcular o consumo de um equipamento, voc\u00ea precisa de tr\u00eas informa\u00e7\u00f5es:<\/p>\n\n\n\n<ol class=\"wp-block-list\">\n<li><strong>Pot\u00eancia (W)<\/strong> <strong>do aparelho;<\/strong><\/li>\n\n\n\n<li><strong>Horas de uso por dia;<\/strong><\/li>\n\n\n\n<li><strong>Quantidade de dias no m\u00eas;<\/strong><\/li>\n<\/ol>\n\n\n\n<p>A f\u00f3rmula \u00e9:<\/p>\n\n\n\n<p><strong>(Pot\u00eancia em watts \u00f7 1000) \u00d7 horas de uso \u00d7 dias no m\u00eas = consumo em kWh<\/strong><\/p>\n\n\n\n<p><strong>Exemplo: <\/strong>um aparelho de 1.500 W (1,5 kW), usado 1 hora por dia durante 30 dias:<\/p>\n\n\n\n<p>1,5 \u00d7 1 \u00d7 30 = <strong>45 kWh no m\u00eas<\/strong><\/p>\n\n\n\n<p>Depois, basta multiplicar pelos valores cobrados por kWh na sua conta para estimar o impacto financeiro.<\/p>\n\n\n\n<h3 class=\"wp-block-heading\"><strong>Trocar l\u00e2mpadas realmente reduz a conta?<\/strong><\/h3>\n\n\n\n<p>Sim, especialmente se voc\u00ea ainda utiliza l\u00e2mpadas incandescentes ou fluorescentes antigas.<\/p>\n\n\n\n<p>L\u00e2mpadas LED consomem at\u00e9 80% menos energia e t\u00eam vida \u00fatil muito maior. Em ambientes com muitas lumin\u00e1rias ou uso prolongado (como escrit\u00f3rios e com\u00e9rcios), a economia acumulada pode ser percebida j\u00e1 no primeiro m\u00eas.<\/p>\n\n\n\n<p>A troca \u00e9 uma das a\u00e7\u00f5es com melhor custo-benef\u00edcio e retorno r\u00e1pido.<\/p>\n\n\n\n<h3 class=\"wp-block-heading\"><strong>O que \u00e9 melhor: energia solar ou economia de h\u00e1bitos?<\/strong><\/h3>\n\n\n\n<p>As duas estrat\u00e9gias n\u00e3o s\u00e3o excludentes, elas se complementam.<\/p>\n\n\n\n<ul class=\"wp-block-list\">\n<li><strong>Economia de h\u00e1bitos<\/strong> gera redu\u00e7\u00e3o imediata sem investimento inicial.<\/li>\n\n\n\n<li><strong>Energia solar<\/strong> reduz estruturalmente o valor da conta no longo prazo.<\/li>\n<\/ul>\n\n\n\n<p>Se o objetivo \u00e9 diminuir gastos agora, comece pelos h\u00e1bitos e otimiza\u00e7\u00e3o de consumo. Se a meta \u00e9 reduzir drasticamente a depend\u00eancia da concession\u00e1ria e ganhar previsibilidade de custo, a energia solar pode ser um investimento estrat\u00e9gico.<\/p>\n\n\n\n<h3 class=\"wp-block-heading\"><strong>O que fazer para reduzir a conta de luz pela metade?<\/strong><\/h3>\n\n\n\n<p>Reduzir a conta em 50% exige combina\u00e7\u00e3o de medidas:<\/p>\n\n\n\n<ul class=\"wp-block-list\">\n<li>Otimiza\u00e7\u00e3o dos maiores consumidores (ar-condicionado, chuveiro, refrigera\u00e7\u00e3o);<\/li>\n\n\n\n<li>Substitui\u00e7\u00e3o de equipamentos antigos por modelos eficientes;<\/li>\n\n\n\n<li>Gest\u00e3o de hor\u00e1rios de consumo;<\/li>\n\n\n\n<li>Elimina\u00e7\u00e3o de desperd\u00edcios e stand-by;<\/li>\n\n\n\n<li>Avalia\u00e7\u00e3o de energia solar ou gera\u00e7\u00e3o distribu\u00edda.<\/li>\n<\/ul>\n\n\n\n<p>Em empresas com alto consumo, a revis\u00e3o de contrato tarif\u00e1rio ou migra\u00e7\u00e3o para modelos mais vantajosos tamb\u00e9m pode gerar redu\u00e7\u00e3o expressiva.<\/p>\n\n\n\n<h3 class=\"wp-block-heading\"><strong>Como o Mercado Livre de Energia pode ajudar?<\/strong><\/h3>\n\n\n\n<p>O Mercado Livre de Energia permite que empresas eleg\u00edveis escolham seus fornecedores de energia e negociem condi\u00e7\u00f5es comerciais, em vez de ficarem restritas \u00e0 distribuidora local.<\/p>\n\n\n\n<p>Entre os principais benef\u00edcios est\u00e3o:<\/p>\n\n\n\n<ul class=\"wp-block-list\">\n<li>Possibilidade de redu\u00e7\u00e3o no custo da energia;<\/li>\n\n\n\n<li>Maior previsibilidade de pre\u00e7os;<\/li>\n\n\n\n<li>Contratos personalizados;<\/li>\n\n\n\n<li>Op\u00e7\u00e3o de contratar energia de fontes renov\u00e1veis.<\/li>\n<\/ul>\n\n\n\n<p>Para empresas com consumo mais elevado, essa alternativa pode representar economia relevante no longo prazo, al\u00e9m de maior controle sobre os custos energ\u00e9ticos.<\/p>\n\n\n\n<h2 class=\"wp-block-heading\"><strong>Como a LUZ est\u00e1 transformando o mercado de energia<\/strong><\/h2>\n\n\n\n<p>O mercado de energia est\u00e1 passando por uma transforma\u00e7\u00e3o profunda: mais digitaliza\u00e7\u00e3o, maior liberdade de escolha e foco crescente em efici\u00eancia e economia. Nesse cen\u00e1rio, a <a href=\"https:\/\/sualuz.com.br\/blog\/como-a-luz-esta-transformando-o-mercado-de-energia\/\" target=\"_blank\" rel=\"noreferrer noopener\"><strong>LUZ surge como uma proposta que simplifica o acesso a solu\u00e7\u00f5es energ\u00e9ticas<\/strong><\/a> e amplia o controle do consumidor sobre seus custos.<\/p>\n\n\n\n<p>Como fornecedora digital de energia, <strong>oferecemos as melhores op\u00e7\u00f5es de contrata\u00e7\u00e3o no Mercado Livre de Energia e integramos solu\u00e7\u00f5es tecnol\u00f3gicas, <\/strong>como <strong>medidores inteligentes, <\/strong>capazes de proporcionar maior precis\u00e3o no acompanhamento do consumo e apoiar a tomada de decis\u00f5es baseada em dados.<\/p>\n\n\n\n<p>Se a meta \u00e9 transformar economia em estrat\u00e9gia, n\u00f3s simplificamos esse caminho com tecnologia, transpar\u00eancia e garantia de redu\u00e7\u00e3o de custos sem surpresas no final do m\u00eas.<\/p>\n\n\n\n<p><a href=\"https:\/\/sualuz.com.br\/#simulador\" target=\"_blank\" rel=\"noreferrer noopener\">Acesse nosso simulador e veja a diferen\u00e7a na pr\u00e1tica!<\/a><\/p>\n\n\n\n<p><\/p>\n","protected":false},"excerpt":{"rendered":"<p>Seja em casa ou na empresa, o valor final da conta \u00e9 resultado de h\u00e1bitos de consumo, escolha de equipamentos, efici\u00eancia das instala\u00e7\u00f5es e at\u00e9 da forma como a energia el\u00e9trica \u00e9 contratada e utilizada ao longo do dia. Nesse sentido, pequenas mudan\u00e7as operacionais ajudam a gerar economia no curto prazo, enquanto ajustes t\u00e9cnicos e [&hellip;]<\/p>\n","protected":false},"author":14,"featured_media":5347,"comment_status":"open","ping_status":"open","sticky":false,"template":"","format":"standard","meta":{"footnotes":""},"categories":[5],"tags":[],"class_list":["post-5346","post","type-post","status-publish","format-standard","has-post-thumbnail","hentry","category-energia"],"acf":{"post_title":"","post_description":"","post_author":"","post_author_description":"","post_author_image":"","post_image":""},"yoast_head":"<!-- This site is optimized with the Yoast SEO plugin v26.8 - https:\/\/yoast.com\/product\/yoast-seo-wordpress\/ -->\n<title>A\u00e7\u00f5es pr\u00e1ticas de como reduzir a conta de luz<\/title>\n<meta name=\"description\" content=\"Descubra a\u00e7\u00f5es pr\u00e1ticas e com maior impacto para reduzir sua conta de luz. Aplique agora dicas que geram economia real na fatura.\" \/>\n<meta name=\"robots\" content=\"index, follow, max-snippet:-1, max-image-preview:large, max-video-preview:-1\" \/>\n<link rel=\"canonical\" href=\"https:\/\/sualuz.com.br\/blog\/como-reduzir-conta-de-luz\/\" \/>\n<meta property=\"og:locale\" content=\"pt_BR\" \/>\n<meta property=\"og:type\" content=\"article\" \/>\n<meta property=\"og:title\" content=\"A\u00e7\u00f5es pr\u00e1ticas de como reduzir a conta de luz\" \/>\n<meta property=\"og:description\" content=\"Descubra a\u00e7\u00f5es pr\u00e1ticas e com maior impacto para reduzir sua conta de luz. Aplique agora dicas que geram economia real na fatura.\" \/>\n<meta property=\"og:url\" content=\"https:\/\/sualuz.com.br\/blog\/como-reduzir-conta-de-luz\/\" \/>\n<meta property=\"og:site_name\" content=\"Luz\" \/>\n<meta property=\"article:published_time\" content=\"2026-03-12T13:58:36+00:00\" \/>\n<meta property=\"article:modified_time\" content=\"2026-03-13T16:35:43+00:00\" \/>\n<meta property=\"og:image\" content=\"https:\/\/sualuz.com.br\/blog\/wp-content\/uploads\/2026\/03\/Acoes-praticas-de-como-reduzir-a-conta-de-luz.jpg\" \/>\n\t<meta property=\"og:image:width\" content=\"1000\" \/>\n\t<meta property=\"og:image:height\" content=\"460\" \/>\n\t<meta property=\"og:image:type\" content=\"image\/jpeg\" \/>\n<meta name=\"author\" content=\"Reda\u00e7\u00e3o Luz\" \/>\n<meta name=\"twitter:card\" content=\"summary_large_image\" \/>\n<meta name=\"twitter:label1\" content=\"Escrito por\" \/>\n\t<meta name=\"twitter:data1\" content=\"Reda\u00e7\u00e3o Luz\" \/>\n\t<meta name=\"twitter:label2\" content=\"Est. tempo de leitura\" \/>\n\t<meta name=\"twitter:data2\" content=\"19 minutos\" \/>\n<script type=\"application\/ld+json\" class=\"yoast-schema-graph\">{\"@context\":\"https:\/\/schema.org\",\"@graph\":[{\"@type\":\"Article\",\"@id\":\"https:\/\/sualuz.com.br\/blog\/como-reduzir-conta-de-luz\/#article\",\"isPartOf\":{\"@id\":\"https:\/\/sualuz.com.br\/blog\/como-reduzir-conta-de-luz\/\"},\"author\":{\"name\":\"Reda\u00e7\u00e3o Luz\",\"@id\":\"https:\/\/sualuz.com.br\/blog\/#\/schema\/person\/bbd73e4bf0b112afe9617925355b66a6\"},\"headline\":\"Maneiras pr\u00e1ticas de reduzir sua conta de luz\",\"datePublished\":\"2026-03-12T13:58:36+00:00\",\"dateModified\":\"2026-03-13T16:35:43+00:00\",\"mainEntityOfPage\":{\"@id\":\"https:\/\/sualuz.com.br\/blog\/como-reduzir-conta-de-luz\/\"},\"wordCount\":3727,\"commentCount\":0,\"publisher\":{\"@id\":\"https:\/\/sualuz.com.br\/blog\/#organization\"},\"image\":{\"@id\":\"https:\/\/sualuz.com.br\/blog\/como-reduzir-conta-de-luz\/#primaryimage\"},\"thumbnailUrl\":\"https:\/\/sualuz.com.br\/blog\/wp-content\/uploads\/2026\/03\/Acoes-praticas-de-como-reduzir-a-conta-de-luz.jpg\",\"articleSection\":[\"Energia\"],\"inLanguage\":\"pt-BR\",\"potentialAction\":[{\"@type\":\"CommentAction\",\"name\":\"Comment\",\"target\":[\"https:\/\/sualuz.com.br\/blog\/como-reduzir-conta-de-luz\/#respond\"]}]},{\"@type\":\"WebPage\",\"@id\":\"https:\/\/sualuz.com.br\/blog\/como-reduzir-conta-de-luz\/\",\"url\":\"https:\/\/sualuz.com.br\/blog\/como-reduzir-conta-de-luz\/\",\"name\":\"A\u00e7\u00f5es pr\u00e1ticas de como reduzir a conta de luz\",\"isPartOf\":{\"@id\":\"https:\/\/sualuz.com.br\/blog\/#website\"},\"primaryImageOfPage\":{\"@id\":\"https:\/\/sualuz.com.br\/blog\/como-reduzir-conta-de-luz\/#primaryimage\"},\"image\":{\"@id\":\"https:\/\/sualuz.com.br\/blog\/como-reduzir-conta-de-luz\/#primaryimage\"},\"thumbnailUrl\":\"https:\/\/sualuz.com.br\/blog\/wp-content\/uploads\/2026\/03\/Acoes-praticas-de-como-reduzir-a-conta-de-luz.jpg\",\"datePublished\":\"2026-03-12T13:58:36+00:00\",\"dateModified\":\"2026-03-13T16:35:43+00:00\",\"description\":\"Descubra a\u00e7\u00f5es pr\u00e1ticas e com maior impacto para reduzir sua conta de luz. Aplique agora dicas que geram economia real na fatura.\",\"breadcrumb\":{\"@id\":\"https:\/\/sualuz.com.br\/blog\/como-reduzir-conta-de-luz\/#breadcrumb\"},\"inLanguage\":\"pt-BR\",\"potentialAction\":[{\"@type\":\"ReadAction\",\"target\":[\"https:\/\/sualuz.com.br\/blog\/como-reduzir-conta-de-luz\/\"]}]},{\"@type\":\"ImageObject\",\"inLanguage\":\"pt-BR\",\"@id\":\"https:\/\/sualuz.com.br\/blog\/como-reduzir-conta-de-luz\/#primaryimage\",\"url\":\"https:\/\/sualuz.com.br\/blog\/wp-content\/uploads\/2026\/03\/Acoes-praticas-de-como-reduzir-a-conta-de-luz.jpg\",\"contentUrl\":\"https:\/\/sualuz.com.br\/blog\/wp-content\/uploads\/2026\/03\/Acoes-praticas-de-como-reduzir-a-conta-de-luz.jpg\",\"width\":1000,\"height\":460,\"caption\":\"Aprenda como reduzir a conta de luz\"},{\"@type\":\"BreadcrumbList\",\"@id\":\"https:\/\/sualuz.com.br\/blog\/como-reduzir-conta-de-luz\/#breadcrumb\",\"itemListElement\":[{\"@type\":\"ListItem\",\"position\":1,\"name\":\"In\u00edcio\",\"item\":\"https:\/\/sualuz.com.br\/blog\/\"},{\"@type\":\"ListItem\",\"position\":2,\"name\":\"Maneiras pr\u00e1ticas de reduzir sua conta de luz\"}]},{\"@type\":\"WebSite\",\"@id\":\"https:\/\/sualuz.com.br\/blog\/#website\",\"url\":\"https:\/\/sualuz.com.br\/blog\/\",\"name\":\"LUZ\",\"description\":\"\",\"publisher\":{\"@id\":\"https:\/\/sualuz.com.br\/blog\/#organization\"},\"potentialAction\":[{\"@type\":\"SearchAction\",\"target\":{\"@type\":\"EntryPoint\",\"urlTemplate\":\"https:\/\/sualuz.com.br\/blog\/?s={search_term_string}\"},\"query-input\":{\"@type\":\"PropertyValueSpecification\",\"valueRequired\":true,\"valueName\":\"search_term_string\"}}],\"inLanguage\":\"pt-BR\"},{\"@type\":\"Organization\",\"@id\":\"https:\/\/sualuz.com.br\/blog\/#organization\",\"name\":\"LUZ\",\"url\":\"https:\/\/sualuz.com.br\/blog\/\",\"logo\":{\"@type\":\"ImageObject\",\"inLanguage\":\"pt-BR\",\"@id\":\"https:\/\/sualuz.com.br\/blog\/#\/schema\/logo\/image\/\",\"url\":\"https:\/\/sualuz.com.br\/blog\/wp-content\/uploads\/2025\/01\/sua-luz-favicon-flat.png\",\"contentUrl\":\"https:\/\/sualuz.com.br\/blog\/wp-content\/uploads\/2025\/01\/sua-luz-favicon-flat.png\",\"width\":512,\"height\":512,\"caption\":\"LUZ\"},\"image\":{\"@id\":\"https:\/\/sualuz.com.br\/blog\/#\/schema\/logo\/image\/\"}},{\"@type\":\"Person\",\"@id\":\"https:\/\/sualuz.com.br\/blog\/#\/schema\/person\/bbd73e4bf0b112afe9617925355b66a6\",\"name\":\"Reda\u00e7\u00e3o Luz\",\"image\":{\"@type\":\"ImageObject\",\"inLanguage\":\"pt-BR\",\"@id\":\"https:\/\/sualuz.com.br\/blog\/#\/schema\/person\/image\/\",\"url\":\"https:\/\/secure.gravatar.com\/avatar\/ed5b5c3c1f38a53655478b5e2e41d120?s=96&d=mm&r=g\",\"contentUrl\":\"https:\/\/secure.gravatar.com\/avatar\/ed5b5c3c1f38a53655478b5e2e41d120?s=96&d=mm&r=g\",\"caption\":\"Reda\u00e7\u00e3o Luz\"},\"description\":\"A Reda\u00e7\u00e3o Luz \u00e9 a voz da primeira energytech 100% digital do Brasil. Nosso time de especialistas produz conte\u00fados focados em transformar a sua rela\u00e7\u00e3o com a energia, entregando informa\u00e7\u00e3o com a mesma transpar\u00eancia e seguran\u00e7a da nossa tecnologia. Aqui, unimos dados, inova\u00e7\u00e3o e sustentabilidade para trazer dicas pr\u00e1ticas de economia e previsibilidade, para sua casa ou empresa, empoderando voc\u00ea com a liberdade de escolha para assumir o controle total do seu consumo. Afinal, a nova energia do Brasil \u00e9 digital e simples.\",\"sameAs\":[\"https:\/\/sualuz.com.br\/\",\"https:\/\/www.instagram.com\/sualuz_oficial\/\",\"https:\/\/www.linkedin.com\/company\/sualuz\",\"https:\/\/www.youtube.com\/@sualuz\"],\"url\":\"https:\/\/sualuz.com.br\/blog\/author\/marketing-luz\/\"}]}<\/script>\n<!-- \/ Yoast SEO plugin. -->","yoast_head_json":{"title":"A\u00e7\u00f5es pr\u00e1ticas de como reduzir a conta de luz","description":"Descubra a\u00e7\u00f5es pr\u00e1ticas e com maior impacto para reduzir sua conta de luz. Aplique agora dicas que geram economia real na fatura.","robots":{"index":"index","follow":"follow","max-snippet":"max-snippet:-1","max-image-preview":"max-image-preview:large","max-video-preview":"max-video-preview:-1"},"canonical":"https:\/\/sualuz.com.br\/blog\/como-reduzir-conta-de-luz\/","og_locale":"pt_BR","og_type":"article","og_title":"A\u00e7\u00f5es pr\u00e1ticas de como reduzir a conta de luz","og_description":"Descubra a\u00e7\u00f5es pr\u00e1ticas e com maior impacto para reduzir sua conta de luz. Aplique agora dicas que geram economia real na fatura.","og_url":"https:\/\/sualuz.com.br\/blog\/como-reduzir-conta-de-luz\/","og_site_name":"Luz","article_published_time":"2026-03-12T13:58:36+00:00","article_modified_time":"2026-03-13T16:35:43+00:00","og_image":[{"width":1000,"height":460,"url":"https:\/\/sualuz.com.br\/blog\/wp-content\/uploads\/2026\/03\/Acoes-praticas-de-como-reduzir-a-conta-de-luz.jpg","type":"image\/jpeg"}],"author":"Reda\u00e7\u00e3o Luz","twitter_card":"summary_large_image","twitter_misc":{"Escrito por":"Reda\u00e7\u00e3o Luz","Est. tempo de leitura":"19 minutos"},"schema":{"@context":"https:\/\/schema.org","@graph":[{"@type":"Article","@id":"https:\/\/sualuz.com.br\/blog\/como-reduzir-conta-de-luz\/#article","isPartOf":{"@id":"https:\/\/sualuz.com.br\/blog\/como-reduzir-conta-de-luz\/"},"author":{"name":"Reda\u00e7\u00e3o Luz","@id":"https:\/\/sualuz.com.br\/blog\/#\/schema\/person\/bbd73e4bf0b112afe9617925355b66a6"},"headline":"Maneiras pr\u00e1ticas de reduzir sua conta de luz","datePublished":"2026-03-12T13:58:36+00:00","dateModified":"2026-03-13T16:35:43+00:00","mainEntityOfPage":{"@id":"https:\/\/sualuz.com.br\/blog\/como-reduzir-conta-de-luz\/"},"wordCount":3727,"commentCount":0,"publisher":{"@id":"https:\/\/sualuz.com.br\/blog\/#organization"},"image":{"@id":"https:\/\/sualuz.com.br\/blog\/como-reduzir-conta-de-luz\/#primaryimage"},"thumbnailUrl":"https:\/\/sualuz.com.br\/blog\/wp-content\/uploads\/2026\/03\/Acoes-praticas-de-como-reduzir-a-conta-de-luz.jpg","articleSection":["Energia"],"inLanguage":"pt-BR","potentialAction":[{"@type":"CommentAction","name":"Comment","target":["https:\/\/sualuz.com.br\/blog\/como-reduzir-conta-de-luz\/#respond"]}]},{"@type":"WebPage","@id":"https:\/\/sualuz.com.br\/blog\/como-reduzir-conta-de-luz\/","url":"https:\/\/sualuz.com.br\/blog\/como-reduzir-conta-de-luz\/","name":"A\u00e7\u00f5es pr\u00e1ticas de como reduzir a conta de luz","isPartOf":{"@id":"https:\/\/sualuz.com.br\/blog\/#website"},"primaryImageOfPage":{"@id":"https:\/\/sualuz.com.br\/blog\/como-reduzir-conta-de-luz\/#primaryimage"},"image":{"@id":"https:\/\/sualuz.com.br\/blog\/como-reduzir-conta-de-luz\/#primaryimage"},"thumbnailUrl":"https:\/\/sualuz.com.br\/blog\/wp-content\/uploads\/2026\/03\/Acoes-praticas-de-como-reduzir-a-conta-de-luz.jpg","datePublished":"2026-03-12T13:58:36+00:00","dateModified":"2026-03-13T16:35:43+00:00","description":"Descubra a\u00e7\u00f5es pr\u00e1ticas e com maior impacto para reduzir sua conta de luz. Aplique agora dicas que geram economia real na fatura.","breadcrumb":{"@id":"https:\/\/sualuz.com.br\/blog\/como-reduzir-conta-de-luz\/#breadcrumb"},"inLanguage":"pt-BR","potentialAction":[{"@type":"ReadAction","target":["https:\/\/sualuz.com.br\/blog\/como-reduzir-conta-de-luz\/"]}]},{"@type":"ImageObject","inLanguage":"pt-BR","@id":"https:\/\/sualuz.com.br\/blog\/como-reduzir-conta-de-luz\/#primaryimage","url":"https:\/\/sualuz.com.br\/blog\/wp-content\/uploads\/2026\/03\/Acoes-praticas-de-como-reduzir-a-conta-de-luz.jpg","contentUrl":"https:\/\/sualuz.com.br\/blog\/wp-content\/uploads\/2026\/03\/Acoes-praticas-de-como-reduzir-a-conta-de-luz.jpg","width":1000,"height":460,"caption":"Aprenda como reduzir a conta de luz"},{"@type":"BreadcrumbList","@id":"https:\/\/sualuz.com.br\/blog\/como-reduzir-conta-de-luz\/#breadcrumb","itemListElement":[{"@type":"ListItem","position":1,"name":"In\u00edcio","item":"https:\/\/sualuz.com.br\/blog\/"},{"@type":"ListItem","position":2,"name":"Maneiras pr\u00e1ticas de reduzir sua conta de luz"}]},{"@type":"WebSite","@id":"https:\/\/sualuz.com.br\/blog\/#website","url":"https:\/\/sualuz.com.br\/blog\/","name":"LUZ","description":"","publisher":{"@id":"https:\/\/sualuz.com.br\/blog\/#organization"},"potentialAction":[{"@type":"SearchAction","target":{"@type":"EntryPoint","urlTemplate":"https:\/\/sualuz.com.br\/blog\/?s={search_term_string}"},"query-input":{"@type":"PropertyValueSpecification","valueRequired":true,"valueName":"search_term_string"}}],"inLanguage":"pt-BR"},{"@type":"Organization","@id":"https:\/\/sualuz.com.br\/blog\/#organization","name":"LUZ","url":"https:\/\/sualuz.com.br\/blog\/","logo":{"@type":"ImageObject","inLanguage":"pt-BR","@id":"https:\/\/sualuz.com.br\/blog\/#\/schema\/logo\/image\/","url":"https:\/\/sualuz.com.br\/blog\/wp-content\/uploads\/2025\/01\/sua-luz-favicon-flat.png","contentUrl":"https:\/\/sualuz.com.br\/blog\/wp-content\/uploads\/2025\/01\/sua-luz-favicon-flat.png","width":512,"height":512,"caption":"LUZ"},"image":{"@id":"https:\/\/sualuz.com.br\/blog\/#\/schema\/logo\/image\/"}},{"@type":"Person","@id":"https:\/\/sualuz.com.br\/blog\/#\/schema\/person\/bbd73e4bf0b112afe9617925355b66a6","name":"Reda\u00e7\u00e3o Luz","image":{"@type":"ImageObject","inLanguage":"pt-BR","@id":"https:\/\/sualuz.com.br\/blog\/#\/schema\/person\/image\/","url":"https:\/\/secure.gravatar.com\/avatar\/ed5b5c3c1f38a53655478b5e2e41d120?s=96&d=mm&r=g","contentUrl":"https:\/\/secure.gravatar.com\/avatar\/ed5b5c3c1f38a53655478b5e2e41d120?s=96&d=mm&r=g","caption":"Reda\u00e7\u00e3o Luz"},"description":"A Reda\u00e7\u00e3o Luz \u00e9 a voz da primeira energytech 100% digital do Brasil. Nosso time de especialistas produz conte\u00fados focados em transformar a sua rela\u00e7\u00e3o com a energia, entregando informa\u00e7\u00e3o com a mesma transpar\u00eancia e seguran\u00e7a da nossa tecnologia. Aqui, unimos dados, inova\u00e7\u00e3o e sustentabilidade para trazer dicas pr\u00e1ticas de economia e previsibilidade, para sua casa ou empresa, empoderando voc\u00ea com a liberdade de escolha para assumir o controle total do seu consumo. Afinal, a nova energia do Brasil \u00e9 digital e simples.","sameAs":["https:\/\/sualuz.com.br\/","https:\/\/www.instagram.com\/sualuz_oficial\/","https:\/\/www.linkedin.com\/company\/sualuz","https:\/\/www.youtube.com\/@sualuz"],"url":"https:\/\/sualuz.com.br\/blog\/author\/marketing-luz\/"}]}},"_links":{"self":[{"href":"https:\/\/sualuz.com.br\/blog\/wp-json\/wp\/v2\/posts\/5346","targetHints":{"allow":["GET"]}}],"collection":[{"href":"https:\/\/sualuz.com.br\/blog\/wp-json\/wp\/v2\/posts"}],"about":[{"href":"https:\/\/sualuz.com.br\/blog\/wp-json\/wp\/v2\/types\/post"}],"author":[{"embeddable":true,"href":"https:\/\/sualuz.com.br\/blog\/wp-json\/wp\/v2\/users\/14"}],"replies":[{"embeddable":true,"href":"https:\/\/sualuz.com.br\/blog\/wp-json\/wp\/v2\/comments?post=5346"}],"version-history":[{"count":2,"href":"https:\/\/sualuz.com.br\/blog\/wp-json\/wp\/v2\/posts\/5346\/revisions"}],"predecessor-version":[{"id":5350,"href":"https:\/\/sualuz.com.br\/blog\/wp-json\/wp\/v2\/posts\/5346\/revisions\/5350"}],"wp:featuredmedia":[{"embeddable":true,"href":"https:\/\/sualuz.com.br\/blog\/wp-json\/wp\/v2\/media\/5347"}],"wp:attachment":[{"href":"https:\/\/sualuz.com.br\/blog\/wp-json\/wp\/v2\/media?parent=5346"}],"wp:term":[{"taxonomy":"category","embeddable":true,"href":"https:\/\/sualuz.com.br\/blog\/wp-json\/wp\/v2\/categories?post=5346"},{"taxonomy":"post_tag","embeddable":true,"href":"https:\/\/sualuz.com.br\/blog\/wp-json\/wp\/v2\/tags?post=5346"}],"curies":[{"name":"wp","href":"https:\/\/api.w.org\/{rel}","templated":true}]}}