{"id":5309,"date":"2026-02-21T16:50:00","date_gmt":"2026-02-21T19:50:00","guid":{"rendered":"https:\/\/blog.sualuz.com.br\/?p=5309"},"modified":"2026-03-12T09:30:33","modified_gmt":"2026-03-12T12:30:33","slug":"abertura-do-mercado-livre-de-energia-em-2027-o-que-esperar-e-como-se-preparar","status":"publish","type":"post","link":"https:\/\/sualuz.com.br\/blog\/abertura-do-mercado-livre-de-energia-em-2027-o-que-esperar-e-como-se-preparar\/","title":{"rendered":"Abertura do mercado livre de energia em 2027: O que esperar e como se preparar"},"content":{"rendered":"\n<p>Lembra como era quando s\u00f3 existia uma operadora de telefonia? Voc\u00ea pagava o que ela cobrava, sem poder negociar. Hoje, com tantas op\u00e7\u00f5es no mercado, voc\u00ea escolhe o plano que melhor se adapta \u00e0s suas necessidades e bolsos. Agora, imagine que esse mesmo cen\u00e1rio est\u00e1 prestes a acontecer com a sua conta de luz. Com a abertura do mercado livre de energia, prevista para 2027, todos os consumidores brasileiros poder\u00e3o escolher seu fornecedor de energia el\u00e9trica.<\/p>\n\n\n\n<p>Essa mudan\u00e7a promete trazer mais liberdade, economia e sustentabilidade para o setor energ\u00e9tico. Neste artigo, vamos explicar o que \u00e9 o mercado livre de energia, como ele funcionar\u00e1 e como sua empresa pode se beneficiar dessa transforma\u00e7\u00e3o.<\/p>\n\n\n\n<h2 class=\"wp-block-heading\">O que \u00e9 o Mercado Livre de Energia?<\/h2>\n\n\n\n<p>Atualmente, a maioria dos consumidores brasileiros est\u00e1 no mercado cativo, onde a distribuidora local \u00e9 a \u00fanica respons\u00e1vel pelo fornecimento de energia el\u00e9trica. Isso significa que voc\u00ea n\u00e3o tem poder de escolha sobre o pre\u00e7o, a origem ou as condi\u00e7\u00f5es do seu fornecimento.<\/p>\n\n\n\n<p>No mercado livre de energia, o cen\u00e1rio \u00e9 diferente. Aqui, consumidores podem negociar diretamente com geradoras ou comercializadoras de energia, definindo pre\u00e7o, tipo de energia (como solar ou e\u00f3lica), prazos e outras condi\u00e7\u00f5es que atendam \u00e0s suas necessidades. \u00c9 como escolher a operadora de telefonia que oferece o melhor plano para voc\u00ea.<\/p>\n\n\n\n<p>Esse modelo j\u00e1 est\u00e1 em funcionamento para grandes empresas h\u00e1 anos e, aos poucos, est\u00e1 sendo expandido para outros perfis de consumidores.<\/p>\n\n\n\n<h2 class=\"wp-block-heading\">O que vai mudar em 2026 e 2027?<\/h2>\n\n\n\n<p>A abertura do mercado livre de energia est\u00e1 acontecendo por etapas, e as datas de 2026 e 2027 marcam marcos decisivos nessa transi\u00e7\u00e3o.&nbsp;<\/p>\n\n\n\n<p>At\u00e9 pouco tempo atr\u00e1s, apenas grandes ind\u00fastrias e consumidores com alto consumo de energia tinham acesso a esse modelo mais flex\u00edvel e econ\u00f4mico. Mas agora, a revolu\u00e7\u00e3o est\u00e1 batendo \u00e0 porta de empresas de todos os tamanhos e, em breve, tamb\u00e9m das resid\u00eancias brasileiras.<\/p>\n\n\n\n<p>Esse processo de abertura gradual \u00e9 estrat\u00e9gico: garante que o mercado se estruture para atender a uma demanda cada vez mais diversificada e oferece tempo para que consumidores e fornecedores se preparem.&nbsp;<\/p>\n\n\n\n<h3 class=\"wp-block-heading\">Abertura para empresas de baixa tens\u00e3o em 2026<\/h3>\n\n\n\n<p>A partir de agosto de 2026, pequenas e m\u00e9dias empresas que utilizam energia em baixa tens\u00e3o, como padarias, mercados, escrit\u00f3rios, sal\u00f5es de beleza, lojas e restaurantes, passar\u00e3o a ter o direito de escolher seu fornecedor de energia el\u00e9trica.&nbsp;<\/p>\n\n\n\n<p>Isso significa que elas n\u00e3o precisar\u00e3o mais comprar exclusivamente da distribuidora local, como ocorre hoje no mercado cativo.<\/p>\n\n\n\n<p>Na pr\u00e1tica, essas empresas poder\u00e3o:<\/p>\n\n\n\n<ul class=\"wp-block-list\">\n<li>Negociar diretamente com fornecedores de energia do mercado livre;<\/li>\n\n\n\n<li>Escolher energia limpa ou de origem certificada;<\/li>\n\n\n\n<li>Obter pre\u00e7os potencialmente mais baixos e com previsibilidade;<\/li>\n\n\n\n<li>Firmar contratos personalizados, com prazos e condi\u00e7\u00f5es adaptadas ao seu perfil de consumo.<\/li>\n<\/ul>\n\n\n\n<p>Esse movimento abre espa\u00e7o para a competitividade e coloca pequenas empresas em um novo patamar de gest\u00e3o energ\u00e9tica. Ao inv\u00e9s de apenas pagar a conta de luz no fim do m\u00eas, elas passam a fazer parte da negocia\u00e7\u00e3o, e podem transformar energia em vantagem competitiva.<\/p>\n\n\n\n<h3 class=\"wp-block-heading\">Abertura total para todos os consumidores em 2027<\/h3>\n\n\n\n<p>Em dezembro de 2027, o mercado livre ser\u00e1 finalmente aberto para todos os consumidores, inclusive residenciais. Isso significa que qualquer pessoa, morando em casa ou apartamento, usando energia em baixa tens\u00e3o, poder\u00e1 escolher de quem comprar a pr\u00f3pria energia el\u00e9trica.<\/p>\n\n\n\n<p>\u00c9 a democratiza\u00e7\u00e3o de um direito que j\u00e1 era realidade para grandes consumidores: o direito de escolha. At\u00e9 hoje, quem vive em casa ou apartamento paga o que a distribuidora local cobra, sem alternativas. Com a abertura total, isso muda completamente.<\/p>\n\n\n\n<ul class=\"wp-block-list\">\n<li><strong>Mais concorr\u00eancia<\/strong>: A entrada de novos fornecedores estimula disputas por pre\u00e7o, inova\u00e7\u00e3o e qualidade no atendimento.<\/li>\n\n\n\n<li><strong>Pre\u00e7os mais justos<\/strong>: Com liberdade de negocia\u00e7\u00e3o, consumidores poder\u00e3o buscar condi\u00e7\u00f5es mais vantajosas.<\/li>\n\n\n\n<li><strong>Mais op\u00e7\u00f5es de fornecimento<\/strong>: Ser\u00e1 poss\u00edvel optar por energia de fontes renov\u00e1veis, como solar, e\u00f3lica ou biomassa.<\/li>\n\n\n\n<li><strong>Contratos personalizados<\/strong>: Assim como voc\u00ea escolhe hoje seu plano de celular ou internet, poder\u00e1 ajustar seu contrato de energia conforme sua necessidade de consumo, dura\u00e7\u00e3o ou flexibilidade.<\/li>\n<\/ul>\n\n\n\n<p>Essa abertura coloca o consumidor no centro das decis\u00f5es energ\u00e9ticas e transforma a conta de luz, at\u00e9 ent\u00e3o uma despesa fixa e inquestion\u00e1vel, em uma oportunidade de economia real e impacto positivo.<\/p>\n\n\n\n<h2 class=\"wp-block-heading\">O paralelo com a telefonia<\/h2>\n\n\n\n<p>A compara\u00e7\u00e3o com o setor de telefonia \u00e9 bastante pertinente. Antes, havia poucas operadoras e os consumidores eram obrigados a aceitar os planos dispon\u00edveis. Com a abertura do mercado, surgiram diversas op\u00e7\u00f5es, permitindo que cada um escolhesse o plano que melhor se adequasse ao seu perfil.<\/p>\n\n\n\n<p>Da mesma forma, o setor de energia est\u00e1 passando por uma transforma\u00e7\u00e3o. Antes, a \u00fanica op\u00e7\u00e3o era a distribuidora local; agora, com a abertura do mercado, surgir\u00e3o diversas comercializadoras, oferecendo planos e condi\u00e7\u00f5es variadas.<\/p>\n\n\n\n<p>Assim como voc\u00ea n\u00e3o aceita mais pagar caro por um servi\u00e7o de telefonia ruim, por que continuar ref\u00e9m de uma conta de luz cara e sem op\u00e7\u00f5es?<\/p>\n\n\n\n<h2 class=\"wp-block-heading\">O que voc\u00ea pode fazer agora<\/h2>\n\n\n\n<p>A abertura do mercado livre de energia j\u00e1 come\u00e7ou, e quem entende isso antes, larga na frente. Apesar da abertura total estar prevista s\u00f3 para 2027, a verdade \u00e9 que muitas empresas j\u00e1 podem migrar hoje mesmo. E quanto antes essa decis\u00e3o for tomada, maiores s\u00e3o os ganhos acumulados em economia, efici\u00eancia e liberdade.<\/p>\n\n\n\n<p>O momento \u00e9 de prepara\u00e7\u00e3o estrat\u00e9gica. Seja voc\u00ea um empres\u00e1rio buscando redu\u00e7\u00e3o de custos, seja um consumidor residencial curioso sobre o futuro da sua conta de luz, o conhecimento sobre esse novo modelo \u00e9 o primeiro passo para aproveitar tudo o que ele pode oferecer.<\/p>\n\n\n\n<h3 class=\"wp-block-heading\">Empresas j\u00e1 podem migrar<\/h3>\n\n\n\n<p>Se voc\u00ea \u00e9 dono ou gestor de uma empresa e ela se enquadra no grupo de consumidores que j\u00e1 pode aderir ao mercado livre como ind\u00fastrias, supermercados, redes de lojas ou galp\u00f5es comerciais de m\u00e9dio porte, n\u00e3o h\u00e1 motivo para esperar at\u00e9 2027. O movimento j\u00e1 come\u00e7ou, e os benef\u00edcios s\u00e3o tang\u00edveis.<\/p>\n\n\n\n<ul class=\"wp-block-list\">\n<li><strong>Come\u00e7ar a economizar imediatamente<\/strong>: empresas que j\u00e1 aderiram relatam economias significativas na conta de luz, com previsibilidade e controle do or\u00e7amento energ\u00e9tico.<\/li>\n\n\n\n<li><strong>Ganhar liberdade de escolha<\/strong>: voc\u00ea pode negociar prazos, pre\u00e7os e at\u00e9 a origem da energia (como fontes renov\u00e1veis) com diferentes fornecedores.<\/li>\n\n\n\n<li><strong>Sair na frente da concorr\u00eancia<\/strong>: al\u00e9m da economia, entender o funcionamento do novo mercado agora te d\u00e1 tempo para adaptar processos, treinar sua equipe e tomar decis\u00f5es melhores no futuro.<\/li>\n\n\n\n<li><strong>Mostrar responsabilidade ambiental<\/strong>: empresas que optam por energia renov\u00e1vel tamb\u00e9m fortalecem sua imagem e seus compromissos de ESG (ambiental, social e governan\u00e7a).<\/li>\n<\/ul>\n\n\n\n<p>E mais: com fornecedores digitais como a LUZ, o processo de migra\u00e7\u00e3o \u00e9 simples, transparente e 100% assistido. N\u00e3o \u00e9 preciso esperar uma nova regra para agir, o futuro j\u00e1 est\u00e1 dispon\u00edvel para quem quiser aproveit\u00e1-lo.<\/p>\n\n\n\n<h3 class=\"wp-block-heading\">Consumidores residenciais: Prepare-se para 2027<\/h3>\n\n\n\n<p>Se voc\u00ea \u00e9 consumidor residencial, a abertura oficial do mercado livre de energia chegar\u00e1 em dezembro de 2027. Mas engana-se quem pensa que nada pode ser feito at\u00e9 l\u00e1. O momento \u00e9 ideal para se informar, planejar e entender como essa mudan\u00e7a vai afetar sua rotina e seu bolso.<\/p>\n\n\n\n<p>Veja por que se preparar agora faz toda a diferen\u00e7a:<\/p>\n\n\n\n<ul class=\"wp-block-list\">\n<li><strong>Voc\u00ea vai ter poder de escolha<\/strong>: em 2027, sua casa poder\u00e1 contratar energia de fornecedores alternativos, com op\u00e7\u00f5es mais baratas e sustent\u00e1veis, mas s\u00f3 quem entende o mercado vai saber aproveitar essas oportunidades.<\/li>\n\n\n\n<li><strong>A conta de luz vai deixar de ser uma imposi\u00e7\u00e3o<\/strong>: hoje voc\u00ea paga o que a distribuidora cobra, sem discuss\u00e3o. Em breve, isso muda, e quem souber negociar vai pagar menos e com mais controle.<\/li>\n\n\n\n<li><strong>O futuro \u00e9 digital e renov\u00e1vel<\/strong>: empresas como a LUZ j\u00e1 est\u00e3o construindo esse novo mercado com solu\u00e7\u00f5es digitais, acompanhamento em tempo real e energia 100% limpa. Estar por dentro agora te ajuda a escolher melhor depois.<\/li>\n<\/ul>\n\n\n\n<p>Sabe aquela sensa\u00e7\u00e3o de n\u00e3o entender bem como funcionam as tarifas, bandeiras e reajustes na conta de luz? Essa \u00e9 a hora de mudar isso. Em vez de apenas esperar 2027 chegar, aproveite o tempo para aprender, se atualizar e pensar estrategicamente sobre a energia que alimenta sua casa.<\/p>\n\n\n\n<h2 class=\"wp-block-heading\">Como a LUZ entra nisso?<\/h2>\n\n\n\n<p>A LUZ \u00e9 uma fornecedora digital de energia el\u00e9trica que j\u00e1 atua no mercado livre, oferecendo solu\u00e7\u00f5es personalizadas para empresas. Com a LUZ, sua empresa pode:<\/p>\n\n\n\n<ul class=\"wp-block-list\">\n<li><strong>Fornecimento direto e digital:<\/strong> Negocia\u00e7\u00e3o direta com fornecedores, sem intermedi\u00e1rios.<\/li>\n\n\n\n<li><strong>100% Energia renov\u00e1vel:<\/strong> Compromisso com fontes de energia sustent\u00e1veis.<\/li>\n\n\n\n<li><strong>Economia comprovada:<\/strong> Redu\u00e7\u00e3o significativa na conta de energia.\u00a0<\/li>\n\n\n\n<li><strong>Plataforma pr\u00f3pria:<\/strong> Acompanhamento em tempo real do consumo e custos.<\/li>\n<\/ul>\n\n\n\n<p>A LUZ j\u00e1 faz parte do futuro do mercado de energia. E sua empresa tamb\u00e9m pode.<\/p>\n\n\n\n<h2 class=\"wp-block-heading\">Conclus\u00e3o<\/h2>\n\n\n\n<p>A abertura do mercado livre de energia \u00e9 uma mudan\u00e7a significativa que trar\u00e1 mais liberdade, economia e sustentabilidade para todos os consumidores. Quem se antecipa e entende o novo modelo sair\u00e1 na frente, aproveitando as vantagens que ele oferece.<\/p>\n\n\n\n<p>Se voc\u00ea \u00e9 empres\u00e1rio, n\u00e3o espere at\u00e9 2027. Entre em contato com a LUZ e descubra como sua empresa pode migrar para o mercado livre de energia agora mesmo.<\/p>\n\n\n\n<p>Quer saber como sua empresa j\u00e1 pode migrar para o mercado livre e economizar agora? Fale com um especialista da LUZ.<\/p>\n","protected":false},"excerpt":{"rendered":"<p>Lembra como era quando s\u00f3 existia uma operadora de telefonia? Voc\u00ea pagava o que ela cobrava, sem poder negociar. Hoje, com tantas op\u00e7\u00f5es no mercado, voc\u00ea escolhe o plano que melhor se adapta \u00e0s suas necessidades e bolsos. Agora, imagine que esse mesmo cen\u00e1rio est\u00e1 prestes a acontecer com a sua conta de luz. Com [&hellip;]<\/p>\n","protected":false},"author":14,"featured_media":0,"comment_status":"open","ping_status":"open","sticky":false,"template":"","format":"standard","meta":{"footnotes":""},"categories":[251],"tags":[],"class_list":["post-5309","post","type-post","status-publish","format-standard","hentry","category-mercado-livre-de-energia"],"acf":{"post_title":"","post_description":"","post_author":"","post_author_description":"","post_author_image":"","post_image":""},"yoast_head":"<!-- This site is optimized with the Yoast SEO plugin v26.8 - https:\/\/yoast.com\/product\/yoast-seo-wordpress\/ -->\n<title>Abertura do mercado livre de energia em 2027: O que esperar e como se preparar &#8226; Luz<\/title>\n<meta name=\"description\" content=\"Entenda a abertura do mercado livre de energia at\u00e9 2027 e como sua empresa pode se beneficiar dessa mudan\u00e7a.\" \/>\n<meta name=\"robots\" content=\"index, follow, max-snippet:-1, max-image-preview:large, max-video-preview:-1\" \/>\n<link rel=\"canonical\" href=\"https:\/\/sualuz.com.br\/blog\/abertura-do-mercado-livre-de-energia-em-2027-o-que-esperar-e-como-se-preparar\/\" \/>\n<meta property=\"og:locale\" content=\"pt_BR\" \/>\n<meta property=\"og:type\" content=\"article\" \/>\n<meta property=\"og:title\" content=\"Abertura do mercado livre de energia em 2027: O que esperar e como se preparar &#8226; Luz\" \/>\n<meta property=\"og:description\" content=\"Entenda a abertura do mercado livre de energia at\u00e9 2027 e como sua empresa pode se beneficiar dessa mudan\u00e7a.\" \/>\n<meta property=\"og:url\" content=\"https:\/\/sualuz.com.br\/blog\/abertura-do-mercado-livre-de-energia-em-2027-o-que-esperar-e-como-se-preparar\/\" \/>\n<meta property=\"og:site_name\" content=\"Luz\" \/>\n<meta property=\"article:published_time\" content=\"2026-02-21T19:50:00+00:00\" \/>\n<meta property=\"article:modified_time\" content=\"2026-03-12T12:30:33+00:00\" \/>\n<meta name=\"author\" content=\"Reda\u00e7\u00e3o Luz\" \/>\n<meta name=\"twitter:card\" content=\"summary_large_image\" \/>\n<meta name=\"twitter:label1\" content=\"Escrito por\" \/>\n\t<meta name=\"twitter:data1\" content=\"Reda\u00e7\u00e3o Luz\" \/>\n\t<meta name=\"twitter:label2\" content=\"Est. tempo de leitura\" \/>\n\t<meta name=\"twitter:data2\" content=\"9 minutos\" \/>\n<script type=\"application\/ld+json\" class=\"yoast-schema-graph\">{\"@context\":\"https:\/\/schema.org\",\"@graph\":[{\"@type\":\"Article\",\"@id\":\"https:\/\/sualuz.com.br\/blog\/abertura-do-mercado-livre-de-energia-em-2027-o-que-esperar-e-como-se-preparar\/#article\",\"isPartOf\":{\"@id\":\"https:\/\/sualuz.com.br\/blog\/abertura-do-mercado-livre-de-energia-em-2027-o-que-esperar-e-como-se-preparar\/\"},\"author\":{\"name\":\"Reda\u00e7\u00e3o Luz\",\"@id\":\"https:\/\/sualuz.com.br\/blog\/#\/schema\/person\/bbd73e4bf0b112afe9617925355b66a6\"},\"headline\":\"Abertura do mercado livre de energia em 2027: O que esperar e como se preparar\",\"datePublished\":\"2026-02-21T19:50:00+00:00\",\"dateModified\":\"2026-03-12T12:30:33+00:00\",\"mainEntityOfPage\":{\"@id\":\"https:\/\/sualuz.com.br\/blog\/abertura-do-mercado-livre-de-energia-em-2027-o-que-esperar-e-como-se-preparar\/\"},\"wordCount\":1592,\"commentCount\":0,\"publisher\":{\"@id\":\"https:\/\/sualuz.com.br\/blog\/#organization\"},\"articleSection\":[\"Mercado Livre de Energia\"],\"inLanguage\":\"pt-BR\",\"potentialAction\":[{\"@type\":\"CommentAction\",\"name\":\"Comment\",\"target\":[\"https:\/\/sualuz.com.br\/blog\/abertura-do-mercado-livre-de-energia-em-2027-o-que-esperar-e-como-se-preparar\/#respond\"]}]},{\"@type\":\"WebPage\",\"@id\":\"https:\/\/sualuz.com.br\/blog\/abertura-do-mercado-livre-de-energia-em-2027-o-que-esperar-e-como-se-preparar\/\",\"url\":\"https:\/\/sualuz.com.br\/blog\/abertura-do-mercado-livre-de-energia-em-2027-o-que-esperar-e-como-se-preparar\/\",\"name\":\"Abertura do mercado livre de energia em 2027: O que esperar e como se preparar &#8226; Luz\",\"isPartOf\":{\"@id\":\"https:\/\/sualuz.com.br\/blog\/#website\"},\"datePublished\":\"2026-02-21T19:50:00+00:00\",\"dateModified\":\"2026-03-12T12:30:33+00:00\",\"description\":\"Entenda a abertura do mercado livre de energia at\u00e9 2027 e como sua empresa pode se beneficiar dessa mudan\u00e7a.\",\"breadcrumb\":{\"@id\":\"https:\/\/sualuz.com.br\/blog\/abertura-do-mercado-livre-de-energia-em-2027-o-que-esperar-e-como-se-preparar\/#breadcrumb\"},\"inLanguage\":\"pt-BR\",\"potentialAction\":[{\"@type\":\"ReadAction\",\"target\":[\"https:\/\/sualuz.com.br\/blog\/abertura-do-mercado-livre-de-energia-em-2027-o-que-esperar-e-como-se-preparar\/\"]}]},{\"@type\":\"BreadcrumbList\",\"@id\":\"https:\/\/sualuz.com.br\/blog\/abertura-do-mercado-livre-de-energia-em-2027-o-que-esperar-e-como-se-preparar\/#breadcrumb\",\"itemListElement\":[{\"@type\":\"ListItem\",\"position\":1,\"name\":\"In\u00edcio\",\"item\":\"https:\/\/sualuz.com.br\/blog\/\"},{\"@type\":\"ListItem\",\"position\":2,\"name\":\"Abertura do mercado livre de energia em 2027: O que esperar e como se preparar\"}]},{\"@type\":\"WebSite\",\"@id\":\"https:\/\/sualuz.com.br\/blog\/#website\",\"url\":\"https:\/\/sualuz.com.br\/blog\/\",\"name\":\"LUZ\",\"description\":\"\",\"publisher\":{\"@id\":\"https:\/\/sualuz.com.br\/blog\/#organization\"},\"potentialAction\":[{\"@type\":\"SearchAction\",\"target\":{\"@type\":\"EntryPoint\",\"urlTemplate\":\"https:\/\/sualuz.com.br\/blog\/?s={search_term_string}\"},\"query-input\":{\"@type\":\"PropertyValueSpecification\",\"valueRequired\":true,\"valueName\":\"search_term_string\"}}],\"inLanguage\":\"pt-BR\"},{\"@type\":\"Organization\",\"@id\":\"https:\/\/sualuz.com.br\/blog\/#organization\",\"name\":\"LUZ\",\"url\":\"https:\/\/sualuz.com.br\/blog\/\",\"logo\":{\"@type\":\"ImageObject\",\"inLanguage\":\"pt-BR\",\"@id\":\"https:\/\/sualuz.com.br\/blog\/#\/schema\/logo\/image\/\",\"url\":\"https:\/\/sualuz.com.br\/blog\/wp-content\/uploads\/2025\/01\/sua-luz-favicon-flat.png\",\"contentUrl\":\"https:\/\/sualuz.com.br\/blog\/wp-content\/uploads\/2025\/01\/sua-luz-favicon-flat.png\",\"width\":512,\"height\":512,\"caption\":\"LUZ\"},\"image\":{\"@id\":\"https:\/\/sualuz.com.br\/blog\/#\/schema\/logo\/image\/\"}},{\"@type\":\"Person\",\"@id\":\"https:\/\/sualuz.com.br\/blog\/#\/schema\/person\/bbd73e4bf0b112afe9617925355b66a6\",\"name\":\"Reda\u00e7\u00e3o Luz\",\"image\":{\"@type\":\"ImageObject\",\"inLanguage\":\"pt-BR\",\"@id\":\"https:\/\/sualuz.com.br\/blog\/#\/schema\/person\/image\/\",\"url\":\"https:\/\/secure.gravatar.com\/avatar\/ed5b5c3c1f38a53655478b5e2e41d120?s=96&d=mm&r=g\",\"contentUrl\":\"https:\/\/secure.gravatar.com\/avatar\/ed5b5c3c1f38a53655478b5e2e41d120?s=96&d=mm&r=g\",\"caption\":\"Reda\u00e7\u00e3o Luz\"},\"description\":\"A Reda\u00e7\u00e3o Luz \u00e9 a voz da primeira energytech 100% digital do Brasil. Nosso time de especialistas produz conte\u00fados focados em transformar a sua rela\u00e7\u00e3o com a energia, entregando informa\u00e7\u00e3o com a mesma transpar\u00eancia e seguran\u00e7a da nossa tecnologia. Aqui, unimos dados, inova\u00e7\u00e3o e sustentabilidade para trazer dicas pr\u00e1ticas de economia e previsibilidade, para sua casa ou empresa, empoderando voc\u00ea com a liberdade de escolha para assumir o controle total do seu consumo. Afinal, a nova energia do Brasil \u00e9 digital e simples.\",\"sameAs\":[\"https:\/\/sualuz.com.br\/\",\"https:\/\/www.instagram.com\/sualuz_oficial\/\",\"https:\/\/www.linkedin.com\/company\/sualuz\",\"https:\/\/www.youtube.com\/@sualuz\"],\"url\":\"https:\/\/sualuz.com.br\/blog\/author\/marketing-luz\/\"}]}<\/script>\n<!-- \/ Yoast SEO plugin. -->","yoast_head_json":{"title":"Abertura do mercado livre de energia em 2027: O que esperar e como se preparar &#8226; Luz","description":"Entenda a abertura do mercado livre de energia at\u00e9 2027 e como sua empresa pode se beneficiar dessa mudan\u00e7a.","robots":{"index":"index","follow":"follow","max-snippet":"max-snippet:-1","max-image-preview":"max-image-preview:large","max-video-preview":"max-video-preview:-1"},"canonical":"https:\/\/sualuz.com.br\/blog\/abertura-do-mercado-livre-de-energia-em-2027-o-que-esperar-e-como-se-preparar\/","og_locale":"pt_BR","og_type":"article","og_title":"Abertura do mercado livre de energia em 2027: O que esperar e como se preparar &#8226; Luz","og_description":"Entenda a abertura do mercado livre de energia at\u00e9 2027 e como sua empresa pode se beneficiar dessa mudan\u00e7a.","og_url":"https:\/\/sualuz.com.br\/blog\/abertura-do-mercado-livre-de-energia-em-2027-o-que-esperar-e-como-se-preparar\/","og_site_name":"Luz","article_published_time":"2026-02-21T19:50:00+00:00","article_modified_time":"2026-03-12T12:30:33+00:00","author":"Reda\u00e7\u00e3o Luz","twitter_card":"summary_large_image","twitter_misc":{"Escrito por":"Reda\u00e7\u00e3o Luz","Est. tempo de leitura":"9 minutos"},"schema":{"@context":"https:\/\/schema.org","@graph":[{"@type":"Article","@id":"https:\/\/sualuz.com.br\/blog\/abertura-do-mercado-livre-de-energia-em-2027-o-que-esperar-e-como-se-preparar\/#article","isPartOf":{"@id":"https:\/\/sualuz.com.br\/blog\/abertura-do-mercado-livre-de-energia-em-2027-o-que-esperar-e-como-se-preparar\/"},"author":{"name":"Reda\u00e7\u00e3o Luz","@id":"https:\/\/sualuz.com.br\/blog\/#\/schema\/person\/bbd73e4bf0b112afe9617925355b66a6"},"headline":"Abertura do mercado livre de energia em 2027: O que esperar e como se preparar","datePublished":"2026-02-21T19:50:00+00:00","dateModified":"2026-03-12T12:30:33+00:00","mainEntityOfPage":{"@id":"https:\/\/sualuz.com.br\/blog\/abertura-do-mercado-livre-de-energia-em-2027-o-que-esperar-e-como-se-preparar\/"},"wordCount":1592,"commentCount":0,"publisher":{"@id":"https:\/\/sualuz.com.br\/blog\/#organization"},"articleSection":["Mercado Livre de Energia"],"inLanguage":"pt-BR","potentialAction":[{"@type":"CommentAction","name":"Comment","target":["https:\/\/sualuz.com.br\/blog\/abertura-do-mercado-livre-de-energia-em-2027-o-que-esperar-e-como-se-preparar\/#respond"]}]},{"@type":"WebPage","@id":"https:\/\/sualuz.com.br\/blog\/abertura-do-mercado-livre-de-energia-em-2027-o-que-esperar-e-como-se-preparar\/","url":"https:\/\/sualuz.com.br\/blog\/abertura-do-mercado-livre-de-energia-em-2027-o-que-esperar-e-como-se-preparar\/","name":"Abertura do mercado livre de energia em 2027: O que esperar e como se preparar &#8226; Luz","isPartOf":{"@id":"https:\/\/sualuz.com.br\/blog\/#website"},"datePublished":"2026-02-21T19:50:00+00:00","dateModified":"2026-03-12T12:30:33+00:00","description":"Entenda a abertura do mercado livre de energia at\u00e9 2027 e como sua empresa pode se beneficiar dessa mudan\u00e7a.","breadcrumb":{"@id":"https:\/\/sualuz.com.br\/blog\/abertura-do-mercado-livre-de-energia-em-2027-o-que-esperar-e-como-se-preparar\/#breadcrumb"},"inLanguage":"pt-BR","potentialAction":[{"@type":"ReadAction","target":["https:\/\/sualuz.com.br\/blog\/abertura-do-mercado-livre-de-energia-em-2027-o-que-esperar-e-como-se-preparar\/"]}]},{"@type":"BreadcrumbList","@id":"https:\/\/sualuz.com.br\/blog\/abertura-do-mercado-livre-de-energia-em-2027-o-que-esperar-e-como-se-preparar\/#breadcrumb","itemListElement":[{"@type":"ListItem","position":1,"name":"In\u00edcio","item":"https:\/\/sualuz.com.br\/blog\/"},{"@type":"ListItem","position":2,"name":"Abertura do mercado livre de energia em 2027: O que esperar e como se preparar"}]},{"@type":"WebSite","@id":"https:\/\/sualuz.com.br\/blog\/#website","url":"https:\/\/sualuz.com.br\/blog\/","name":"LUZ","description":"","publisher":{"@id":"https:\/\/sualuz.com.br\/blog\/#organization"},"potentialAction":[{"@type":"SearchAction","target":{"@type":"EntryPoint","urlTemplate":"https:\/\/sualuz.com.br\/blog\/?s={search_term_string}"},"query-input":{"@type":"PropertyValueSpecification","valueRequired":true,"valueName":"search_term_string"}}],"inLanguage":"pt-BR"},{"@type":"Organization","@id":"https:\/\/sualuz.com.br\/blog\/#organization","name":"LUZ","url":"https:\/\/sualuz.com.br\/blog\/","logo":{"@type":"ImageObject","inLanguage":"pt-BR","@id":"https:\/\/sualuz.com.br\/blog\/#\/schema\/logo\/image\/","url":"https:\/\/sualuz.com.br\/blog\/wp-content\/uploads\/2025\/01\/sua-luz-favicon-flat.png","contentUrl":"https:\/\/sualuz.com.br\/blog\/wp-content\/uploads\/2025\/01\/sua-luz-favicon-flat.png","width":512,"height":512,"caption":"LUZ"},"image":{"@id":"https:\/\/sualuz.com.br\/blog\/#\/schema\/logo\/image\/"}},{"@type":"Person","@id":"https:\/\/sualuz.com.br\/blog\/#\/schema\/person\/bbd73e4bf0b112afe9617925355b66a6","name":"Reda\u00e7\u00e3o Luz","image":{"@type":"ImageObject","inLanguage":"pt-BR","@id":"https:\/\/sualuz.com.br\/blog\/#\/schema\/person\/image\/","url":"https:\/\/secure.gravatar.com\/avatar\/ed5b5c3c1f38a53655478b5e2e41d120?s=96&d=mm&r=g","contentUrl":"https:\/\/secure.gravatar.com\/avatar\/ed5b5c3c1f38a53655478b5e2e41d120?s=96&d=mm&r=g","caption":"Reda\u00e7\u00e3o Luz"},"description":"A Reda\u00e7\u00e3o Luz \u00e9 a voz da primeira energytech 100% digital do Brasil. Nosso time de especialistas produz conte\u00fados focados em transformar a sua rela\u00e7\u00e3o com a energia, entregando informa\u00e7\u00e3o com a mesma transpar\u00eancia e seguran\u00e7a da nossa tecnologia. Aqui, unimos dados, inova\u00e7\u00e3o e sustentabilidade para trazer dicas pr\u00e1ticas de economia e previsibilidade, para sua casa ou empresa, empoderando voc\u00ea com a liberdade de escolha para assumir o controle total do seu consumo. Afinal, a nova energia do Brasil \u00e9 digital e simples.","sameAs":["https:\/\/sualuz.com.br\/","https:\/\/www.instagram.com\/sualuz_oficial\/","https:\/\/www.linkedin.com\/company\/sualuz","https:\/\/www.youtube.com\/@sualuz"],"url":"https:\/\/sualuz.com.br\/blog\/author\/marketing-luz\/"}]}},"_links":{"self":[{"href":"https:\/\/sualuz.com.br\/blog\/wp-json\/wp\/v2\/posts\/5309","targetHints":{"allow":["GET"]}}],"collection":[{"href":"https:\/\/sualuz.com.br\/blog\/wp-json\/wp\/v2\/posts"}],"about":[{"href":"https:\/\/sualuz.com.br\/blog\/wp-json\/wp\/v2\/types\/post"}],"author":[{"embeddable":true,"href":"https:\/\/sualuz.com.br\/blog\/wp-json\/wp\/v2\/users\/14"}],"replies":[{"embeddable":true,"href":"https:\/\/sualuz.com.br\/blog\/wp-json\/wp\/v2\/comments?post=5309"}],"version-history":[{"count":1,"href":"https:\/\/sualuz.com.br\/blog\/wp-json\/wp\/v2\/posts\/5309\/revisions"}],"predecessor-version":[{"id":5310,"href":"https:\/\/sualuz.com.br\/blog\/wp-json\/wp\/v2\/posts\/5309\/revisions\/5310"}],"wp:attachment":[{"href":"https:\/\/sualuz.com.br\/blog\/wp-json\/wp\/v2\/media?parent=5309"}],"wp:term":[{"taxonomy":"category","embeddable":true,"href":"https:\/\/sualuz.com.br\/blog\/wp-json\/wp\/v2\/categories?post=5309"},{"taxonomy":"post_tag","embeddable":true,"href":"https:\/\/sualuz.com.br\/blog\/wp-json\/wp\/v2\/tags?post=5309"}],"curies":[{"name":"wp","href":"https:\/\/api.w.org\/{rel}","templated":true}]}}