{"id":4581,"date":"2026-02-06T16:43:00","date_gmt":"2026-02-06T19:43:00","guid":{"rendered":"https:\/\/ec2-34-234-18-95.compute-1.amazonaws.com\/?p=4581"},"modified":"2026-03-12T09:30:50","modified_gmt":"2026-03-12T12:30:50","slug":"placas-solares-perdem-eficiencia-no-inverno","status":"publish","type":"post","link":"https:\/\/sualuz.com.br\/blog\/placas-solares-perdem-eficiencia-no-inverno\/","title":{"rendered":"Placas solares perdem efici\u00eancia no inverno?"},"content":{"rendered":"\n<p><\/p>\n\n\n\n<p>Apesar das altas temperaturas em muitas partes do pa\u00eds, entramos oficialmente no inverno. Nessa \u00e9poca do ano o hemisf\u00e9rio sul est\u00e1 recebendo menos luz solar, o que sustenta a ideia de que as placas solares perdem efici\u00eancia, gerando menos energia. Mas, na verdade, isso n\u00e3o passa de um mito.\u00a0Vem conferir com a gente como fica a gera\u00e7\u00e3o de energia solar no inverno!<\/p>\n\n\n\n<p><\/p>\n\n\n\n<h2 class=\"wp-block-heading\"><mark style=\"background-color:rgba(0, 0, 0, 0);color:#fa3eb5\" class=\"has-inline-color\">Produ\u00e7\u00e3o pela luz solar e n\u00e3o o calor<\/mark><\/h2>\n\n\n\n<p><\/p>\n\n\n\n<p>As baixas temperaturas n\u00e3o interferem no sistema fotovoltaico, pois s\u00f3 \u00e9 preciso da luz do sol, e n\u00e3o do calor, para a gera\u00e7\u00e3o de energia el\u00e9trica. Apesar dos dias serem um pouco mais curtos no inverno, a efici\u00eancia da gera\u00e7\u00e3o \u00e9 a mesma e n\u00e3o sofre impactos. Gra\u00e7as \u00e0 evolu\u00e7\u00e3o da engenharia e ao conhecimento de profissionais do setor de energia solar, os sistemas fotovoltaicos s\u00e3o instalados com o \u00e2ngulo correto de inclina\u00e7\u00e3o que faz com que elas funcionem bem o ano inteiro.\u00a0<\/p>\n\n\n\n<p><\/p>\n\n\n\n<figure class=\"wp-block-image size-full\"><img fetchpriority=\"high\" decoding=\"async\" width=\"550\" height=\"315\" src=\"https:\/\/apiapp.sualuz.com.br\/wp\/wp-content\/uploads\/2023\/12\/shutterstock_2238516721-2.jpeg\" alt=\"\" class=\"wp-image-4162\" srcset=\"https:\/\/sualuz.com.br\/blog\/wp-content\/uploads\/2023\/12\/shutterstock_2238516721-2.jpeg 550w, https:\/\/sualuz.com.br\/blog\/wp-content\/uploads\/2023\/12\/shutterstock_2238516721-2-300x172.jpeg 300w\" sizes=\"(max-width: 550px) 100vw, 550px\" \/><\/figure>\n\n\n\n<p><\/p>\n\n\n\n<h2 class=\"wp-block-heading\"><mark style=\"background-color:rgba(0, 0, 0, 0);color:#fa3eb5\" class=\"has-inline-color\">E como funciona a gera\u00e7\u00e3o de energia solar nas placas?<\/mark><\/h2>\n\n\n\n<p><\/p>\n\n\n\n<p>A energia solar fotovoltaica funciona simples: transforma a luz do sol em eletricidade. Isso acontece atrav\u00e9s das c\u00e9lulas fotovoltaicas que est\u00e3o presentes nas placas instaladas para a capta\u00e7\u00e3o da luz solar. Normalmente, esse equipamento \u00e9 feito de um material chamado sil\u00edcio. Quando a luz solar atinge essas c\u00e9lulas, ela faz com que os el\u00e9trons do sil\u00edcio se movimentem, criando a eletricidade.<\/p>\n\n\n\n<p><\/p>\n\n\n\n<figure class=\"wp-block-image size-full\"><img decoding=\"async\" width=\"500\" height=\"336\" src=\"https:\/\/apiapp.sualuz.com.br\/wp\/wp-content\/uploads\/2024\/07\/shutterstock_2381539101.jpg\" alt=\"\" class=\"wp-image-4583\" srcset=\"https:\/\/sualuz.com.br\/blog\/wp-content\/uploads\/2024\/07\/shutterstock_2381539101.jpg 500w, https:\/\/sualuz.com.br\/blog\/wp-content\/uploads\/2024\/07\/shutterstock_2381539101-300x202.jpg 300w\" sizes=\"(max-width: 500px) 100vw, 500px\" \/><\/figure>\n\n\n\n<p><\/p>\n\n\n\n<h2 class=\"wp-block-heading\"><mark style=\"background-color:rgba(0, 0, 0, 0);color:#fa3eb5\" class=\"has-inline-color\">Mas e o frio?<\/mark><\/h2>\n\n\n\n<p><\/p>\n\n\n\n<p>O frio pode at\u00e9 ajudar no desempenho do equipamento, uma vez que eles s\u00e3o feitos de sil\u00edcio \u2014 mesmo material utilizado para produzir chips de computador \u2014 e perdem efici\u00eancia quando expostos a um calor intenso.\u00a0<\/p>\n\n\n\n<p>Num primeiro momento, voc\u00ea pode achar isso um pouco estranho, mas as temperaturas baixas n\u00e3o prejudicam o sistema de energia solar. Nessa esta\u00e7\u00e3o o c\u00e9u tamb\u00e9m fica mais limpo e seco.<\/p>\n\n\n\n<p><\/p>\n\n\n\n<figure class=\"wp-block-image size-full\"><a href=\"https:\/\/sualuz.com.br\/?utm_source=blog&amp;utm_medium=banner&amp;utm_campaign=energia_solar_eficiencia_inverno\"><img decoding=\"async\" width=\"1024\" height=\"256\" src=\"https:\/\/apiapp.sualuz.com.br\/wp\/wp-content\/uploads\/2024\/01\/Banner-ESG-textos-relacionados-a-sustentabilidade-meio-ambiente-sociedade-2.png\" alt=\"\" class=\"wp-image-4268\" srcset=\"https:\/\/sualuz.com.br\/blog\/wp-content\/uploads\/2024\/01\/Banner-ESG-textos-relacionados-a-sustentabilidade-meio-ambiente-sociedade-2.png 1024w, https:\/\/sualuz.com.br\/blog\/wp-content\/uploads\/2024\/01\/Banner-ESG-textos-relacionados-a-sustentabilidade-meio-ambiente-sociedade-2-300x75.png 300w, https:\/\/sualuz.com.br\/blog\/wp-content\/uploads\/2024\/01\/Banner-ESG-textos-relacionados-a-sustentabilidade-meio-ambiente-sociedade-2-768x192.png 768w\" sizes=\"(max-width: 1024px) 100vw, 1024px\" \/><\/a><\/figure>\n\n\n\n<p><\/p>\n\n\n\n<h2 class=\"wp-block-heading\"><mark style=\"background-color:rgba(0, 0, 0, 0);color:#fa3eb5\" class=\"has-inline-color\">Investimento e solu\u00e7\u00f5es em alta<\/mark><\/h2>\n\n\n\n<p><\/p>\n\n\n\n<p>Com isso, as novas instala\u00e7\u00f5es de placas solares seguem aquecidas, com <a href=\"https:\/\/megawhat.energy\/geracao\/solar\/telhados-solares-chegam-2-milhoes-de-residencias-sp-e-rs-lideram-ranking\/\" target=\"_blank\" rel=\"noreferrer noopener\">mais de 200 mil novos sistemas colocados nos telhados dos im\u00f3veis brasileiros entre abril e maio deste ano<\/a>, conforme um levantamento baseado nos relat\u00f3rios oficiais da <a href=\"https:\/\/www.gov.br\/aneel\/pt-br\" target=\"_blank\" rel=\"noreferrer noopener\">Ag\u00eancia Nacional de Energia El\u00e9trica (Aneel)<\/a> e da <a href=\"https:\/\/www.absolar.org.br\/\" target=\"_blank\" rel=\"noreferrer noopener\">Associa\u00e7\u00e3o Brasileira de Energia Solar Fotovoltaica (ABSOLAR)<\/a>. Um investimento total de R$3,5 bilh\u00f5es.<\/p>\n\n\n\n<p>Para quem tem receio, pouco espa\u00e7o no telhado \u2014 o que passa a ser um investimento a mais para aumentar o tamanho do teto \u2014, n\u00e3o quer se preocupar com manuten\u00e7\u00e3o ou n\u00e3o pode investir na instala\u00e7\u00e3o das placas solares, j\u00e1 existem novas op\u00e7\u00f5es no mercado, que atuam com a energia solar por assinatura.<\/p>\n\n\n\n<p>Trata-se da gera\u00e7\u00e3o de energia em fazendas solares e que \u00e9 injetada na distribuidora local do consumidor que contrata. Assim, as pessoas passam a contratar energia renov\u00e1vel sem precisar se preocupar com nada. Isso proporciona mais liberdade para as pessoas, porque n\u00e3o importa se vai ser constru\u00eddo um pr\u00e9dio ao lado da casa dela, cortando a incid\u00eancia de luz solar na placa, ou se vai haver um per\u00edodo muito chuvoso, por exemplo. <\/p>\n\n\n\n<p>Um exemplo \u00e9 a empresa <a href=\"https:\/\/sualuz.com.br\/?utm_source=blog&amp;utm_medium=texto&amp;utm_campaign=energia_solar_eficiencia_inverno\" target=\"_blank\" rel=\"noreferrer noopener\">LUZ<\/a>, que fornece energia solar para resid\u00eancias e pequenos com\u00e9rcios sem a necessidade de obras e investimentos, com diferenciais de servi\u00e7o, controle de gasto em tempo real e menor pre\u00e7o.\u00a0<\/p>\n\n\n\n<p>A migra\u00e7\u00e3o \u00e9 feita gratuitamente, sem necessidade de qualquer obra na resid\u00eancia ou com\u00e9rcio. Quer saber mais sobre essa solu\u00e7\u00e3o? <a href=\"https:\/\/sualuz.com.br\/?utm_source=blog&amp;utm_medium=texto&amp;utm_campaign=energia_solar_eficiencia_inverno\" target=\"_blank\" rel=\"noreferrer noopener\">Clique aqui e vem conferir!<\/a><\/p>\n","protected":false},"excerpt":{"rendered":"<p>Apesar das altas temperaturas em muitas partes do pa\u00eds, entramos oficialmente no inverno. Nessa \u00e9poca do ano o hemisf\u00e9rio sul est\u00e1 recebendo menos luz solar, o que sustenta a ideia de que as placas solares perdem efici\u00eancia, gerando menos energia. Mas, na verdade, isso n\u00e3o passa de um mito.\u00a0Vem conferir com a gente como fica [&hellip;]<\/p>\n","protected":false},"author":14,"featured_media":4582,"comment_status":"open","ping_status":"open","sticky":false,"template":"","format":"standard","meta":{"footnotes":""},"categories":[5],"tags":[],"class_list":["post-4581","post","type-post","status-publish","format-standard","has-post-thumbnail","hentry","category-energia"],"acf":{"post_title":"Placas solares perdem efici\u00eancia no inverno?","post_description":"Vem conferir com a gente como fica a gera\u00e7\u00e3o de energia solar no inverno!","post_author":"Gian Bariani","post_author_description":"Copywriter e Analista SEO","post_author_image":3801,"post_image":4582},"yoast_head":"<!-- This site is optimized with the Yoast SEO plugin v26.8 - https:\/\/yoast.com\/product\/yoast-seo-wordpress\/ -->\n<title>Placas solares perdem efici\u00eancia no inverno? &#8226; LUZ<\/title>\n<meta name=\"description\" content=\"As baixas temperaturas n\u00e3o interferem no sistema fotovoltaico. S\u00f3 \u00e9 preciso da luz do sol, e n\u00e3o do calor, para a gera\u00e7\u00e3o de energia el\u00e9trica.\" \/>\n<meta name=\"robots\" content=\"index, follow, max-snippet:-1, max-image-preview:large, max-video-preview:-1\" \/>\n<link rel=\"canonical\" href=\"https:\/\/sualuz.com.br\/blog\/placas-solares-perdem-eficiencia-no-inverno\/\" \/>\n<meta property=\"og:locale\" content=\"pt_BR\" \/>\n<meta property=\"og:type\" content=\"article\" \/>\n<meta property=\"og:title\" content=\"Placas solares perdem efici\u00eancia no inverno? &#8226; LUZ\" \/>\n<meta property=\"og:description\" content=\"As baixas temperaturas n\u00e3o interferem no sistema fotovoltaico. S\u00f3 \u00e9 preciso da luz do sol, e n\u00e3o do calor, para a gera\u00e7\u00e3o de energia el\u00e9trica.\" \/>\n<meta property=\"og:url\" content=\"https:\/\/sualuz.com.br\/blog\/placas-solares-perdem-eficiencia-no-inverno\/\" \/>\n<meta property=\"og:site_name\" content=\"Luz\" \/>\n<meta property=\"article:published_time\" content=\"2026-02-06T19:43:00+00:00\" \/>\n<meta property=\"article:modified_time\" content=\"2026-03-12T12:30:50+00:00\" \/>\n<meta property=\"og:image\" content=\"https:\/\/sualuz.com.br\/blog\/wp-content\/uploads\/2024\/07\/placa-solar-inverno-blog.jpg\" \/>\n\t<meta property=\"og:image:width\" content=\"733\" \/>\n\t<meta property=\"og:image:height\" content=\"420\" \/>\n\t<meta property=\"og:image:type\" content=\"image\/jpeg\" \/>\n<meta name=\"author\" content=\"Reda\u00e7\u00e3o Luz\" \/>\n<meta name=\"twitter:card\" content=\"summary_large_image\" \/>\n<meta name=\"twitter:label1\" content=\"Escrito por\" \/>\n\t<meta name=\"twitter:data1\" content=\"Reda\u00e7\u00e3o Luz\" \/>\n\t<meta name=\"twitter:label2\" content=\"Est. tempo de leitura\" \/>\n\t<meta name=\"twitter:data2\" content=\"4 minutos\" \/>\n<script type=\"application\/ld+json\" class=\"yoast-schema-graph\">{\"@context\":\"https:\/\/schema.org\",\"@graph\":[{\"@type\":\"Article\",\"@id\":\"https:\/\/sualuz.com.br\/blog\/placas-solares-perdem-eficiencia-no-inverno\/#article\",\"isPartOf\":{\"@id\":\"https:\/\/sualuz.com.br\/blog\/placas-solares-perdem-eficiencia-no-inverno\/\"},\"author\":{\"name\":\"Reda\u00e7\u00e3o Luz\",\"@id\":\"https:\/\/sualuz.com.br\/blog\/#\/schema\/person\/bbd73e4bf0b112afe9617925355b66a6\"},\"headline\":\"Placas solares perdem efici\u00eancia no inverno?\",\"datePublished\":\"2026-02-06T19:43:00+00:00\",\"dateModified\":\"2026-03-12T12:30:50+00:00\",\"mainEntityOfPage\":{\"@id\":\"https:\/\/sualuz.com.br\/blog\/placas-solares-perdem-eficiencia-no-inverno\/\"},\"wordCount\":603,\"commentCount\":0,\"publisher\":{\"@id\":\"https:\/\/sualuz.com.br\/blog\/#organization\"},\"image\":{\"@id\":\"https:\/\/sualuz.com.br\/blog\/placas-solares-perdem-eficiencia-no-inverno\/#primaryimage\"},\"thumbnailUrl\":\"https:\/\/sualuz.com.br\/blog\/wp-content\/uploads\/2024\/07\/placa-solar-inverno-blog.jpg\",\"articleSection\":[\"Energia\"],\"inLanguage\":\"pt-BR\",\"potentialAction\":[{\"@type\":\"CommentAction\",\"name\":\"Comment\",\"target\":[\"https:\/\/sualuz.com.br\/blog\/placas-solares-perdem-eficiencia-no-inverno\/#respond\"]}]},{\"@type\":\"WebPage\",\"@id\":\"https:\/\/sualuz.com.br\/blog\/placas-solares-perdem-eficiencia-no-inverno\/\",\"url\":\"https:\/\/sualuz.com.br\/blog\/placas-solares-perdem-eficiencia-no-inverno\/\",\"name\":\"Placas solares perdem efici\u00eancia no inverno? &#8226; LUZ\",\"isPartOf\":{\"@id\":\"https:\/\/sualuz.com.br\/blog\/#website\"},\"primaryImageOfPage\":{\"@id\":\"https:\/\/sualuz.com.br\/blog\/placas-solares-perdem-eficiencia-no-inverno\/#primaryimage\"},\"image\":{\"@id\":\"https:\/\/sualuz.com.br\/blog\/placas-solares-perdem-eficiencia-no-inverno\/#primaryimage\"},\"thumbnailUrl\":\"https:\/\/sualuz.com.br\/blog\/wp-content\/uploads\/2024\/07\/placa-solar-inverno-blog.jpg\",\"datePublished\":\"2026-02-06T19:43:00+00:00\",\"dateModified\":\"2026-03-12T12:30:50+00:00\",\"description\":\"As baixas temperaturas n\u00e3o interferem no sistema fotovoltaico. S\u00f3 \u00e9 preciso da luz do sol, e n\u00e3o do calor, para a gera\u00e7\u00e3o de energia el\u00e9trica.\",\"breadcrumb\":{\"@id\":\"https:\/\/sualuz.com.br\/blog\/placas-solares-perdem-eficiencia-no-inverno\/#breadcrumb\"},\"inLanguage\":\"pt-BR\",\"potentialAction\":[{\"@type\":\"ReadAction\",\"target\":[\"https:\/\/sualuz.com.br\/blog\/placas-solares-perdem-eficiencia-no-inverno\/\"]}]},{\"@type\":\"ImageObject\",\"inLanguage\":\"pt-BR\",\"@id\":\"https:\/\/sualuz.com.br\/blog\/placas-solares-perdem-eficiencia-no-inverno\/#primaryimage\",\"url\":\"https:\/\/sualuz.com.br\/blog\/wp-content\/uploads\/2024\/07\/placa-solar-inverno-blog.jpg\",\"contentUrl\":\"https:\/\/sualuz.com.br\/blog\/wp-content\/uploads\/2024\/07\/placa-solar-inverno-blog.jpg\",\"width\":733,\"height\":420},{\"@type\":\"BreadcrumbList\",\"@id\":\"https:\/\/sualuz.com.br\/blog\/placas-solares-perdem-eficiencia-no-inverno\/#breadcrumb\",\"itemListElement\":[{\"@type\":\"ListItem\",\"position\":1,\"name\":\"In\u00edcio\",\"item\":\"https:\/\/sualuz.com.br\/blog\/\"},{\"@type\":\"ListItem\",\"position\":2,\"name\":\"Placas solares perdem efici\u00eancia no inverno?\"}]},{\"@type\":\"WebSite\",\"@id\":\"https:\/\/sualuz.com.br\/blog\/#website\",\"url\":\"https:\/\/sualuz.com.br\/blog\/\",\"name\":\"LUZ\",\"description\":\"\",\"publisher\":{\"@id\":\"https:\/\/sualuz.com.br\/blog\/#organization\"},\"potentialAction\":[{\"@type\":\"SearchAction\",\"target\":{\"@type\":\"EntryPoint\",\"urlTemplate\":\"https:\/\/sualuz.com.br\/blog\/?s={search_term_string}\"},\"query-input\":{\"@type\":\"PropertyValueSpecification\",\"valueRequired\":true,\"valueName\":\"search_term_string\"}}],\"inLanguage\":\"pt-BR\"},{\"@type\":\"Organization\",\"@id\":\"https:\/\/sualuz.com.br\/blog\/#organization\",\"name\":\"LUZ\",\"url\":\"https:\/\/sualuz.com.br\/blog\/\",\"logo\":{\"@type\":\"ImageObject\",\"inLanguage\":\"pt-BR\",\"@id\":\"https:\/\/sualuz.com.br\/blog\/#\/schema\/logo\/image\/\",\"url\":\"https:\/\/sualuz.com.br\/blog\/wp-content\/uploads\/2025\/01\/sua-luz-favicon-flat.png\",\"contentUrl\":\"https:\/\/sualuz.com.br\/blog\/wp-content\/uploads\/2025\/01\/sua-luz-favicon-flat.png\",\"width\":512,\"height\":512,\"caption\":\"LUZ\"},\"image\":{\"@id\":\"https:\/\/sualuz.com.br\/blog\/#\/schema\/logo\/image\/\"}},{\"@type\":\"Person\",\"@id\":\"https:\/\/sualuz.com.br\/blog\/#\/schema\/person\/bbd73e4bf0b112afe9617925355b66a6\",\"name\":\"Reda\u00e7\u00e3o Luz\",\"image\":{\"@type\":\"ImageObject\",\"inLanguage\":\"pt-BR\",\"@id\":\"https:\/\/sualuz.com.br\/blog\/#\/schema\/person\/image\/\",\"url\":\"https:\/\/secure.gravatar.com\/avatar\/ed5b5c3c1f38a53655478b5e2e41d120?s=96&d=mm&r=g\",\"contentUrl\":\"https:\/\/secure.gravatar.com\/avatar\/ed5b5c3c1f38a53655478b5e2e41d120?s=96&d=mm&r=g\",\"caption\":\"Reda\u00e7\u00e3o Luz\"},\"description\":\"A Reda\u00e7\u00e3o Luz \u00e9 a voz da primeira energytech 100% digital do Brasil. Nosso time de especialistas produz conte\u00fados focados em transformar a sua rela\u00e7\u00e3o com a energia, entregando informa\u00e7\u00e3o com a mesma transpar\u00eancia e seguran\u00e7a da nossa tecnologia. Aqui, unimos dados, inova\u00e7\u00e3o e sustentabilidade para trazer dicas pr\u00e1ticas de economia e previsibilidade, para sua casa ou empresa, empoderando voc\u00ea com a liberdade de escolha para assumir o controle total do seu consumo. Afinal, a nova energia do Brasil \u00e9 digital e simples.\",\"sameAs\":[\"https:\/\/sualuz.com.br\/\",\"https:\/\/www.instagram.com\/sualuz_oficial\/\",\"https:\/\/www.linkedin.com\/company\/sualuz\",\"https:\/\/www.youtube.com\/@sualuz\"],\"url\":\"https:\/\/sualuz.com.br\/blog\/author\/marketing-luz\/\"}]}<\/script>\n<!-- \/ Yoast SEO plugin. -->","yoast_head_json":{"title":"Placas solares perdem efici\u00eancia no inverno? &#8226; LUZ","description":"As baixas temperaturas n\u00e3o interferem no sistema fotovoltaico. S\u00f3 \u00e9 preciso da luz do sol, e n\u00e3o do calor, para a gera\u00e7\u00e3o de energia el\u00e9trica.","robots":{"index":"index","follow":"follow","max-snippet":"max-snippet:-1","max-image-preview":"max-image-preview:large","max-video-preview":"max-video-preview:-1"},"canonical":"https:\/\/sualuz.com.br\/blog\/placas-solares-perdem-eficiencia-no-inverno\/","og_locale":"pt_BR","og_type":"article","og_title":"Placas solares perdem efici\u00eancia no inverno? &#8226; LUZ","og_description":"As baixas temperaturas n\u00e3o interferem no sistema fotovoltaico. S\u00f3 \u00e9 preciso da luz do sol, e n\u00e3o do calor, para a gera\u00e7\u00e3o de energia el\u00e9trica.","og_url":"https:\/\/sualuz.com.br\/blog\/placas-solares-perdem-eficiencia-no-inverno\/","og_site_name":"Luz","article_published_time":"2026-02-06T19:43:00+00:00","article_modified_time":"2026-03-12T12:30:50+00:00","og_image":[{"width":733,"height":420,"url":"https:\/\/sualuz.com.br\/blog\/wp-content\/uploads\/2024\/07\/placa-solar-inverno-blog.jpg","type":"image\/jpeg"}],"author":"Reda\u00e7\u00e3o Luz","twitter_card":"summary_large_image","twitter_misc":{"Escrito por":"Reda\u00e7\u00e3o Luz","Est. tempo de leitura":"4 minutos"},"schema":{"@context":"https:\/\/schema.org","@graph":[{"@type":"Article","@id":"https:\/\/sualuz.com.br\/blog\/placas-solares-perdem-eficiencia-no-inverno\/#article","isPartOf":{"@id":"https:\/\/sualuz.com.br\/blog\/placas-solares-perdem-eficiencia-no-inverno\/"},"author":{"name":"Reda\u00e7\u00e3o Luz","@id":"https:\/\/sualuz.com.br\/blog\/#\/schema\/person\/bbd73e4bf0b112afe9617925355b66a6"},"headline":"Placas solares perdem efici\u00eancia no inverno?","datePublished":"2026-02-06T19:43:00+00:00","dateModified":"2026-03-12T12:30:50+00:00","mainEntityOfPage":{"@id":"https:\/\/sualuz.com.br\/blog\/placas-solares-perdem-eficiencia-no-inverno\/"},"wordCount":603,"commentCount":0,"publisher":{"@id":"https:\/\/sualuz.com.br\/blog\/#organization"},"image":{"@id":"https:\/\/sualuz.com.br\/blog\/placas-solares-perdem-eficiencia-no-inverno\/#primaryimage"},"thumbnailUrl":"https:\/\/sualuz.com.br\/blog\/wp-content\/uploads\/2024\/07\/placa-solar-inverno-blog.jpg","articleSection":["Energia"],"inLanguage":"pt-BR","potentialAction":[{"@type":"CommentAction","name":"Comment","target":["https:\/\/sualuz.com.br\/blog\/placas-solares-perdem-eficiencia-no-inverno\/#respond"]}]},{"@type":"WebPage","@id":"https:\/\/sualuz.com.br\/blog\/placas-solares-perdem-eficiencia-no-inverno\/","url":"https:\/\/sualuz.com.br\/blog\/placas-solares-perdem-eficiencia-no-inverno\/","name":"Placas solares perdem efici\u00eancia no inverno? &#8226; LUZ","isPartOf":{"@id":"https:\/\/sualuz.com.br\/blog\/#website"},"primaryImageOfPage":{"@id":"https:\/\/sualuz.com.br\/blog\/placas-solares-perdem-eficiencia-no-inverno\/#primaryimage"},"image":{"@id":"https:\/\/sualuz.com.br\/blog\/placas-solares-perdem-eficiencia-no-inverno\/#primaryimage"},"thumbnailUrl":"https:\/\/sualuz.com.br\/blog\/wp-content\/uploads\/2024\/07\/placa-solar-inverno-blog.jpg","datePublished":"2026-02-06T19:43:00+00:00","dateModified":"2026-03-12T12:30:50+00:00","description":"As baixas temperaturas n\u00e3o interferem no sistema fotovoltaico. S\u00f3 \u00e9 preciso da luz do sol, e n\u00e3o do calor, para a gera\u00e7\u00e3o de energia el\u00e9trica.","breadcrumb":{"@id":"https:\/\/sualuz.com.br\/blog\/placas-solares-perdem-eficiencia-no-inverno\/#breadcrumb"},"inLanguage":"pt-BR","potentialAction":[{"@type":"ReadAction","target":["https:\/\/sualuz.com.br\/blog\/placas-solares-perdem-eficiencia-no-inverno\/"]}]},{"@type":"ImageObject","inLanguage":"pt-BR","@id":"https:\/\/sualuz.com.br\/blog\/placas-solares-perdem-eficiencia-no-inverno\/#primaryimage","url":"https:\/\/sualuz.com.br\/blog\/wp-content\/uploads\/2024\/07\/placa-solar-inverno-blog.jpg","contentUrl":"https:\/\/sualuz.com.br\/blog\/wp-content\/uploads\/2024\/07\/placa-solar-inverno-blog.jpg","width":733,"height":420},{"@type":"BreadcrumbList","@id":"https:\/\/sualuz.com.br\/blog\/placas-solares-perdem-eficiencia-no-inverno\/#breadcrumb","itemListElement":[{"@type":"ListItem","position":1,"name":"In\u00edcio","item":"https:\/\/sualuz.com.br\/blog\/"},{"@type":"ListItem","position":2,"name":"Placas solares perdem efici\u00eancia no inverno?"}]},{"@type":"WebSite","@id":"https:\/\/sualuz.com.br\/blog\/#website","url":"https:\/\/sualuz.com.br\/blog\/","name":"LUZ","description":"","publisher":{"@id":"https:\/\/sualuz.com.br\/blog\/#organization"},"potentialAction":[{"@type":"SearchAction","target":{"@type":"EntryPoint","urlTemplate":"https:\/\/sualuz.com.br\/blog\/?s={search_term_string}"},"query-input":{"@type":"PropertyValueSpecification","valueRequired":true,"valueName":"search_term_string"}}],"inLanguage":"pt-BR"},{"@type":"Organization","@id":"https:\/\/sualuz.com.br\/blog\/#organization","name":"LUZ","url":"https:\/\/sualuz.com.br\/blog\/","logo":{"@type":"ImageObject","inLanguage":"pt-BR","@id":"https:\/\/sualuz.com.br\/blog\/#\/schema\/logo\/image\/","url":"https:\/\/sualuz.com.br\/blog\/wp-content\/uploads\/2025\/01\/sua-luz-favicon-flat.png","contentUrl":"https:\/\/sualuz.com.br\/blog\/wp-content\/uploads\/2025\/01\/sua-luz-favicon-flat.png","width":512,"height":512,"caption":"LUZ"},"image":{"@id":"https:\/\/sualuz.com.br\/blog\/#\/schema\/logo\/image\/"}},{"@type":"Person","@id":"https:\/\/sualuz.com.br\/blog\/#\/schema\/person\/bbd73e4bf0b112afe9617925355b66a6","name":"Reda\u00e7\u00e3o Luz","image":{"@type":"ImageObject","inLanguage":"pt-BR","@id":"https:\/\/sualuz.com.br\/blog\/#\/schema\/person\/image\/","url":"https:\/\/secure.gravatar.com\/avatar\/ed5b5c3c1f38a53655478b5e2e41d120?s=96&d=mm&r=g","contentUrl":"https:\/\/secure.gravatar.com\/avatar\/ed5b5c3c1f38a53655478b5e2e41d120?s=96&d=mm&r=g","caption":"Reda\u00e7\u00e3o Luz"},"description":"A Reda\u00e7\u00e3o Luz \u00e9 a voz da primeira energytech 100% digital do Brasil. Nosso time de especialistas produz conte\u00fados focados em transformar a sua rela\u00e7\u00e3o com a energia, entregando informa\u00e7\u00e3o com a mesma transpar\u00eancia e seguran\u00e7a da nossa tecnologia. Aqui, unimos dados, inova\u00e7\u00e3o e sustentabilidade para trazer dicas pr\u00e1ticas de economia e previsibilidade, para sua casa ou empresa, empoderando voc\u00ea com a liberdade de escolha para assumir o controle total do seu consumo. Afinal, a nova energia do Brasil \u00e9 digital e simples.","sameAs":["https:\/\/sualuz.com.br\/","https:\/\/www.instagram.com\/sualuz_oficial\/","https:\/\/www.linkedin.com\/company\/sualuz","https:\/\/www.youtube.com\/@sualuz"],"url":"https:\/\/sualuz.com.br\/blog\/author\/marketing-luz\/"}]}},"_links":{"self":[{"href":"https:\/\/sualuz.com.br\/blog\/wp-json\/wp\/v2\/posts\/4581","targetHints":{"allow":["GET"]}}],"collection":[{"href":"https:\/\/sualuz.com.br\/blog\/wp-json\/wp\/v2\/posts"}],"about":[{"href":"https:\/\/sualuz.com.br\/blog\/wp-json\/wp\/v2\/types\/post"}],"author":[{"embeddable":true,"href":"https:\/\/sualuz.com.br\/blog\/wp-json\/wp\/v2\/users\/14"}],"replies":[{"embeddable":true,"href":"https:\/\/sualuz.com.br\/blog\/wp-json\/wp\/v2\/comments?post=4581"}],"version-history":[{"count":2,"href":"https:\/\/sualuz.com.br\/blog\/wp-json\/wp\/v2\/posts\/4581\/revisions"}],"predecessor-version":[{"id":4585,"href":"https:\/\/sualuz.com.br\/blog\/wp-json\/wp\/v2\/posts\/4581\/revisions\/4585"}],"wp:featuredmedia":[{"embeddable":true,"href":"https:\/\/sualuz.com.br\/blog\/wp-json\/wp\/v2\/media\/4582"}],"wp:attachment":[{"href":"https:\/\/sualuz.com.br\/blog\/wp-json\/wp\/v2\/media?parent=4581"}],"wp:term":[{"taxonomy":"category","embeddable":true,"href":"https:\/\/sualuz.com.br\/blog\/wp-json\/wp\/v2\/categories?post=4581"},{"taxonomy":"post_tag","embeddable":true,"href":"https:\/\/sualuz.com.br\/blog\/wp-json\/wp\/v2\/tags?post=4581"}],"curies":[{"name":"wp","href":"https:\/\/api.w.org\/{rel}","templated":true}]}}