{"id":4575,"date":"2026-02-16T16:47:00","date_gmt":"2026-02-16T19:47:00","guid":{"rendered":"https:\/\/ec2-34-234-18-95.compute-1.amazonaws.com\/?p=4575"},"modified":"2026-03-12T09:30:33","modified_gmt":"2026-03-12T12:30:33","slug":"quedas-de-energia-conheca-seus-direitos-e-como-diminuir-seus-prejuizos","status":"publish","type":"post","link":"https:\/\/sualuz.com.br\/blog\/quedas-de-energia-conheca-seus-direitos-e-como-diminuir-seus-prejuizos\/","title":{"rendered":"Quedas de energia: conhe\u00e7a seus direitos e como diminuir seus preju\u00edzos"},"content":{"rendered":"\n<p><\/p>\n\n\n\n<p>A falta de energia pode trazer diversos transtornos, desde a perda de alimentos at\u00e9 danos a equipamentos eletr\u00f4nicos. Inclusive, recentemente, tivemos diversos casos espalhados no Brasil. Grandes capitais como <a href=\"https:\/\/www.correiobraziliense.com.br\/brasil\/2024\/01\/6784374-sao-paulo-registra-dois-mortos-em-terceiro-dia-de-apagoes-por-temporais.html\" target=\"_blank\" rel=\"noreferrer noopener\">S\u00e3o Paulo<\/a>, <a href=\"https:\/\/oglobo.globo.com\/rio\/noticia\/2024\/02\/01\/com-apagoes-diarios-ilha-do-governador-vai-precisar-de-geradores-ate-o-fim-do-ano.ghtml\" target=\"_blank\" rel=\"noreferrer noopener\">Rio de Janeiro<\/a>, <a href=\"https:\/\/www.brasildefators.com.br\/2024\/01\/18\/porto-alegre-decreta-situacao-de-emergencia-apos-temporal-de-terca-feira-16\" target=\"_blank\" rel=\"noreferrer noopener\">Porto Alegre<\/a> e at\u00e9 outras cidades menores, j\u00e1 registraram apag\u00f5es esse ano, que geraram muitos preju\u00edzos materiais.&nbsp;<\/p>\n\n\n\n<p>No entanto, muitos consumidores desconhecem seus direitos quando enfrentam essas situa\u00e7\u00f5es. Neste artigo, vamos explorar as possibilidades de ressarcimento e indeniza\u00e7\u00e3o diante de problemas causados por quedas de energia.<\/p>\n\n\n\n<p><\/p>\n\n\n\n<h2 class=\"wp-block-heading\"><mark style=\"background-color:rgba(0, 0, 0, 0);color:#fa3eb5\" class=\"has-inline-color\"><strong>Danos em aparelhos eletr\u00f4nicos: como proceder?<\/strong>\u00a0<\/mark><\/h2>\n\n\n\n<p><\/p>\n\n\n\n<p>Segundo a Ag\u00eancia Nacional de Energia El\u00e9trica (Aneel), em sua resolu\u00e7\u00e3o 1.000\/2021, \u00e9 poss\u00edvel solicitar ressarcimento por equipamentos eletr\u00f4nicos danificados devido a quedas de energia causadas na regi\u00e3o da sua distribuidora. Os consumidores t\u00eam at\u00e9 5 anos a partir da data prov\u00e1vel do dano para fazer a solicita\u00e7\u00e3o.<\/p>\n\n\n\n<p>Certo, mas voc\u00ea deve estar se perguntando: como eu devo realizar essa solicita\u00e7\u00e3o?&nbsp;&nbsp;<\/p>\n\n\n\n<p>O consumidor deve ser o titular da unidade consumidora afetada e fornecer informa\u00e7\u00f5es precisas sobre o incidente, incluindo data e hor\u00e1rio. Documentar os danos \u00e9 crucial, e manter os protocolos de reclama\u00e7\u00e3o junto \u00e0 distribuidora pode ser uma comprova\u00e7\u00e3o valiosa para o processo.<\/p>\n\n\n\n<p><\/p>\n\n\n\n<figure class=\"wp-block-image size-full\"><img fetchpriority=\"high\" decoding=\"async\" width=\"500\" height=\"334\" src=\"https:\/\/apiapp.sualuz.com.br\/wp\/wp-content\/uploads\/2024\/07\/shutterstock_2287892847.jpg\" alt=\"\" class=\"wp-image-4577\" srcset=\"https:\/\/sualuz.com.br\/blog\/wp-content\/uploads\/2024\/07\/shutterstock_2287892847.jpg 500w, https:\/\/sualuz.com.br\/blog\/wp-content\/uploads\/2024\/07\/shutterstock_2287892847-300x200.jpg 300w\" sizes=\"(max-width: 500px) 100vw, 500px\" \/><\/figure>\n\n\n\n<p><\/p>\n\n\n\n<h2 class=\"wp-block-heading\"><mark style=\"background-color:rgba(0, 0, 0, 0);color:#fa3eb5\" class=\"has-inline-color\"><strong>Requisitos importantes para o processo:<\/strong>\u00a0<\/mark><\/h2>\n\n\n\n<ul class=\"wp-block-list\">\n<li>Ser titular da unidade consumidora afetada;&nbsp;<\/li>\n<\/ul>\n\n\n\n<ul class=\"wp-block-list\">\n<li>Fornecer informa\u00e7\u00f5es precisas sobre a data e hor\u00e1rio do incidente;&nbsp;<\/li>\n<\/ul>\n\n\n\n<ul class=\"wp-block-list\">\n<li>Descrever as caracter\u00edsticas do equipamento danificado.&nbsp;<\/li>\n<\/ul>\n\n\n\n<p><\/p>\n\n\n\n<p>\u00c9 fundamental destacar que qualquer problema relacionado \u00e0 falta de energia est\u00e1 intrinsecamente vinculado \u00e0 distribuidora respons\u00e1vel. Mesmo nos casos em que a queda \u00e9 ocasionada por eventos naturais, como tempestades ou ventanias, a distribuidora det\u00e9m a total responsabilidade por fornecer energia at\u00e9 sua resid\u00eancia, incluindo toda a infraestrutura necess\u00e1ria. Dessa forma, \u00e9 imprescind\u00edvel iniciar qualquer processo de ressarcimento diretamente com a empresa respons\u00e1vel pela distribui\u00e7\u00e3o de energia em sua regi\u00e3o.<\/p>\n\n\n\n<p><\/p>\n\n\n\n<figure class=\"wp-block-image size-full\"><img decoding=\"async\" width=\"500\" height=\"334\" src=\"https:\/\/apiapp.sualuz.com.br\/wp\/wp-content\/uploads\/2024\/07\/shutterstock_2409280351.jpg\" alt=\"\" class=\"wp-image-4578\" srcset=\"https:\/\/sualuz.com.br\/blog\/wp-content\/uploads\/2024\/07\/shutterstock_2409280351.jpg 500w, https:\/\/sualuz.com.br\/blog\/wp-content\/uploads\/2024\/07\/shutterstock_2409280351-300x200.jpg 300w\" sizes=\"(max-width: 500px) 100vw, 500px\" \/><\/figure>\n\n\n\n<p><\/p>\n\n\n\n<h2 class=\"wp-block-heading\"><mark style=\"background-color:rgba(0, 0, 0, 0);color:#fa3eb5\" class=\"has-inline-color\"><strong>Preju\u00edzos al\u00e9m dos equipamentos<\/strong>\u00a0<\/mark><\/h2>\n\n\n\n<p><\/p>\n\n\n\n<p>A Aneel calcula um ressarcimento para todas as pessoas afetadas por apag\u00f5es. No entanto, esse valor muitas vezes \u00e9 insuficiente para cobrir os preju\u00edzos de neg\u00f3cios. Por isso, muitos buscam o apelo por vias judiciais, principalmente \u00e0queles que acabaram com um preju\u00edzo bem grande de mercadorias e produtos.&nbsp;<\/p>\n\n\n\n<p>Empres\u00e1rios, por exemplo, podem buscar indeniza\u00e7\u00e3o por via judicial, detalhando todos os preju\u00edzos causados pela falta de energia. O Juizado Especial C\u00edvel (JEC), conhecido como tribunal de pequenas causas, \u00e9 o caminho para esse processo.&nbsp;<\/p>\n\n\n\n<p>E para que sua solicita\u00e7\u00e3o seja atendida, separamos alguns pontos que voc\u00ea deve levantar para requisitar o processo e garantir boa parte do ressarcimento. Veja:\u00a0<\/p>\n\n\n\n<p><\/p>\n\n\n\n<ul class=\"wp-block-list\">\n<li>Detalhar a perda de dias de trabalho, alimentos, medicamentos e e demais mercadorias;&nbsp;<\/li>\n<\/ul>\n\n\n\n<ul class=\"wp-block-list\">\n<li>Relatar o dano moral, descrevendo todo o aborrecimento sofrido devido \u00e0 falta de energia;&nbsp;<\/li>\n<\/ul>\n\n\n\n<ul class=\"wp-block-list\">\n<li>Apresentar notas fiscais, cupons de alimentos e medicamentos, prescri\u00e7\u00f5es m\u00e9dicas, fotos, entre outros, para fortalecer o caso.<\/li>\n<\/ul>\n\n\n\n<p><\/p>\n\n\n\n<figure class=\"wp-block-image size-full\"><a href=\"https:\/\/sualuz.com.br\/?utm_source=blog&amp;utm_medium=banner&amp;utm_campaign=queda-energia-direitos-prejuizos\"><img decoding=\"async\" width=\"1024\" height=\"256\" src=\"https:\/\/apiapp.sualuz.com.br\/wp\/wp-content\/uploads\/2024\/01\/Banner-generico-textod-do-dia-a-dia-1-1.png\" alt=\"\" class=\"wp-image-4322\" srcset=\"https:\/\/sualuz.com.br\/blog\/wp-content\/uploads\/2024\/01\/Banner-generico-textod-do-dia-a-dia-1-1.png 1024w, https:\/\/sualuz.com.br\/blog\/wp-content\/uploads\/2024\/01\/Banner-generico-textod-do-dia-a-dia-1-1-300x75.png 300w, https:\/\/sualuz.com.br\/blog\/wp-content\/uploads\/2024\/01\/Banner-generico-textod-do-dia-a-dia-1-1-768x192.png 768w\" sizes=\"(max-width: 1024px) 100vw, 1024px\" \/><\/a><\/figure>\n\n\n\n<p><\/p>\n\n\n\n<h2 class=\"wp-block-heading\"><mark style=\"background-color:rgba(0, 0, 0, 0);color:#fa3eb5\" class=\"has-inline-color\"><strong>Conhe\u00e7a seus direitos e proteja-se<\/strong>\u00a0<\/mark><\/h2>\n\n\n\n<p><\/p>\n\n\n\n<p>Diante de quedas de energia, \u00e9 essencial que os consumidores conhe\u00e7am seus direitos. A possibilidade de ressarcimento por danos a equipamentos e a busca por indeniza\u00e7\u00e3o para neg\u00f3cios s\u00e3o ferramentas importantes para proteger os interesses dos afetados. Guardar documenta\u00e7\u00e3o e buscar apoio jur\u00eddico s\u00e3o passos cruciais para garantir a justa repara\u00e7\u00e3o diante dessas situa\u00e7\u00f5es desafiadoras.<\/p>\n","protected":false},"excerpt":{"rendered":"<p>A falta de energia pode trazer diversos transtornos, desde a perda de alimentos at\u00e9 danos a equipamentos eletr\u00f4nicos. Inclusive, recentemente, tivemos diversos casos espalhados no Brasil. Grandes capitais como S\u00e3o Paulo, Rio de Janeiro, Porto Alegre e at\u00e9 outras cidades menores, j\u00e1 registraram apag\u00f5es esse ano, que geraram muitos preju\u00edzos materiais.&nbsp; No entanto, muitos consumidores [&hellip;]<\/p>\n","protected":false},"author":14,"featured_media":4576,"comment_status":"open","ping_status":"open","sticky":false,"template":"","format":"standard","meta":{"footnotes":""},"categories":[6],"tags":[],"class_list":["post-4575","post","type-post","status-publish","format-standard","has-post-thumbnail","hentry","category-dia-a-dia"],"acf":{"post_title":"Quedas de energia: conhe\u00e7a seus direitos e como diminuir seus preju\u00edzos","post_description":"A falta de energia pode trazer diversos transtornos para o consumidor. Descubra aqui os direitos de ressarcimento e indeniza\u00e7\u00e3o diante de problemas causados por quedas de energia.","post_author":"Gian Bariani","post_author_description":"Copywriter e Analista SEO","post_author_image":3801,"post_image":4576},"yoast_head":"<!-- This site is optimized with the Yoast SEO plugin v26.8 - https:\/\/yoast.com\/product\/yoast-seo-wordpress\/ -->\n<title>Quedas de energia: conhe\u00e7a seus direitos e como diminuir seus preju\u00edzos &#8226; Luz<\/title>\n<meta name=\"description\" content=\"Segundo a Ag\u00eancia Nacional de Energia El\u00e9trica, em sua resolu\u00e7\u00e3o 1.000\/2021, \u00e9 poss\u00edvel solicitar ressarcimento por equipamentos danificados.\" \/>\n<meta name=\"robots\" content=\"index, follow, max-snippet:-1, max-image-preview:large, max-video-preview:-1\" \/>\n<link rel=\"canonical\" href=\"https:\/\/sualuz.com.br\/blog\/quedas-de-energia-conheca-seus-direitos-e-como-diminuir-seus-prejuizos\/\" \/>\n<meta property=\"og:locale\" content=\"pt_BR\" \/>\n<meta property=\"og:type\" content=\"article\" \/>\n<meta property=\"og:title\" content=\"Quedas de energia: conhe\u00e7a seus direitos e como diminuir seus preju\u00edzos &#8226; Luz\" \/>\n<meta property=\"og:description\" content=\"Segundo a Ag\u00eancia Nacional de Energia El\u00e9trica, em sua resolu\u00e7\u00e3o 1.000\/2021, \u00e9 poss\u00edvel solicitar ressarcimento por equipamentos danificados.\" \/>\n<meta property=\"og:url\" content=\"https:\/\/sualuz.com.br\/blog\/quedas-de-energia-conheca-seus-direitos-e-como-diminuir-seus-prejuizos\/\" \/>\n<meta property=\"og:site_name\" content=\"Luz\" \/>\n<meta property=\"article:published_time\" content=\"2026-02-16T19:47:00+00:00\" \/>\n<meta property=\"article:modified_time\" content=\"2026-03-12T12:30:33+00:00\" \/>\n<meta property=\"og:image\" content=\"https:\/\/sualuz.com.br\/blog\/wp-content\/uploads\/2024\/07\/queda-energia-direitos-prejuizos-blog.jpg\" \/>\n\t<meta property=\"og:image:width\" content=\"733\" \/>\n\t<meta property=\"og:image:height\" content=\"420\" \/>\n\t<meta property=\"og:image:type\" content=\"image\/jpeg\" \/>\n<meta name=\"author\" content=\"Reda\u00e7\u00e3o Luz\" \/>\n<meta name=\"twitter:card\" content=\"summary_large_image\" \/>\n<meta name=\"twitter:label1\" content=\"Escrito por\" \/>\n\t<meta name=\"twitter:data1\" content=\"Reda\u00e7\u00e3o Luz\" \/>\n\t<meta name=\"twitter:label2\" content=\"Est. tempo de leitura\" \/>\n\t<meta name=\"twitter:data2\" content=\"4 minutos\" \/>\n<script type=\"application\/ld+json\" class=\"yoast-schema-graph\">{\"@context\":\"https:\/\/schema.org\",\"@graph\":[{\"@type\":\"Article\",\"@id\":\"https:\/\/sualuz.com.br\/blog\/quedas-de-energia-conheca-seus-direitos-e-como-diminuir-seus-prejuizos\/#article\",\"isPartOf\":{\"@id\":\"https:\/\/sualuz.com.br\/blog\/quedas-de-energia-conheca-seus-direitos-e-como-diminuir-seus-prejuizos\/\"},\"author\":{\"name\":\"Reda\u00e7\u00e3o Luz\",\"@id\":\"https:\/\/sualuz.com.br\/blog\/#\/schema\/person\/bbd73e4bf0b112afe9617925355b66a6\"},\"headline\":\"Quedas de energia: conhe\u00e7a seus direitos e como diminuir seus preju\u00edzos\",\"datePublished\":\"2026-02-16T19:47:00+00:00\",\"dateModified\":\"2026-03-12T12:30:33+00:00\",\"mainEntityOfPage\":{\"@id\":\"https:\/\/sualuz.com.br\/blog\/quedas-de-energia-conheca-seus-direitos-e-como-diminuir-seus-prejuizos\/\"},\"wordCount\":568,\"commentCount\":0,\"publisher\":{\"@id\":\"https:\/\/sualuz.com.br\/blog\/#organization\"},\"image\":{\"@id\":\"https:\/\/sualuz.com.br\/blog\/quedas-de-energia-conheca-seus-direitos-e-como-diminuir-seus-prejuizos\/#primaryimage\"},\"thumbnailUrl\":\"https:\/\/sualuz.com.br\/blog\/wp-content\/uploads\/2024\/07\/queda-energia-direitos-prejuizos-blog.jpg\",\"articleSection\":[\"Dia a dia\"],\"inLanguage\":\"pt-BR\",\"potentialAction\":[{\"@type\":\"CommentAction\",\"name\":\"Comment\",\"target\":[\"https:\/\/sualuz.com.br\/blog\/quedas-de-energia-conheca-seus-direitos-e-como-diminuir-seus-prejuizos\/#respond\"]}]},{\"@type\":\"WebPage\",\"@id\":\"https:\/\/sualuz.com.br\/blog\/quedas-de-energia-conheca-seus-direitos-e-como-diminuir-seus-prejuizos\/\",\"url\":\"https:\/\/sualuz.com.br\/blog\/quedas-de-energia-conheca-seus-direitos-e-como-diminuir-seus-prejuizos\/\",\"name\":\"Quedas de energia: conhe\u00e7a seus direitos e como diminuir seus preju\u00edzos &#8226; Luz\",\"isPartOf\":{\"@id\":\"https:\/\/sualuz.com.br\/blog\/#website\"},\"primaryImageOfPage\":{\"@id\":\"https:\/\/sualuz.com.br\/blog\/quedas-de-energia-conheca-seus-direitos-e-como-diminuir-seus-prejuizos\/#primaryimage\"},\"image\":{\"@id\":\"https:\/\/sualuz.com.br\/blog\/quedas-de-energia-conheca-seus-direitos-e-como-diminuir-seus-prejuizos\/#primaryimage\"},\"thumbnailUrl\":\"https:\/\/sualuz.com.br\/blog\/wp-content\/uploads\/2024\/07\/queda-energia-direitos-prejuizos-blog.jpg\",\"datePublished\":\"2026-02-16T19:47:00+00:00\",\"dateModified\":\"2026-03-12T12:30:33+00:00\",\"description\":\"Segundo a Ag\u00eancia Nacional de Energia El\u00e9trica, em sua resolu\u00e7\u00e3o 1.000\/2021, \u00e9 poss\u00edvel solicitar ressarcimento por equipamentos danificados.\",\"breadcrumb\":{\"@id\":\"https:\/\/sualuz.com.br\/blog\/quedas-de-energia-conheca-seus-direitos-e-como-diminuir-seus-prejuizos\/#breadcrumb\"},\"inLanguage\":\"pt-BR\",\"potentialAction\":[{\"@type\":\"ReadAction\",\"target\":[\"https:\/\/sualuz.com.br\/blog\/quedas-de-energia-conheca-seus-direitos-e-como-diminuir-seus-prejuizos\/\"]}]},{\"@type\":\"ImageObject\",\"inLanguage\":\"pt-BR\",\"@id\":\"https:\/\/sualuz.com.br\/blog\/quedas-de-energia-conheca-seus-direitos-e-como-diminuir-seus-prejuizos\/#primaryimage\",\"url\":\"https:\/\/sualuz.com.br\/blog\/wp-content\/uploads\/2024\/07\/queda-energia-direitos-prejuizos-blog.jpg\",\"contentUrl\":\"https:\/\/sualuz.com.br\/blog\/wp-content\/uploads\/2024\/07\/queda-energia-direitos-prejuizos-blog.jpg\",\"width\":733,\"height\":420},{\"@type\":\"BreadcrumbList\",\"@id\":\"https:\/\/sualuz.com.br\/blog\/quedas-de-energia-conheca-seus-direitos-e-como-diminuir-seus-prejuizos\/#breadcrumb\",\"itemListElement\":[{\"@type\":\"ListItem\",\"position\":1,\"name\":\"In\u00edcio\",\"item\":\"https:\/\/sualuz.com.br\/blog\/\"},{\"@type\":\"ListItem\",\"position\":2,\"name\":\"Quedas de energia: conhe\u00e7a seus direitos e como diminuir seus preju\u00edzos\"}]},{\"@type\":\"WebSite\",\"@id\":\"https:\/\/sualuz.com.br\/blog\/#website\",\"url\":\"https:\/\/sualuz.com.br\/blog\/\",\"name\":\"LUZ\",\"description\":\"\",\"publisher\":{\"@id\":\"https:\/\/sualuz.com.br\/blog\/#organization\"},\"potentialAction\":[{\"@type\":\"SearchAction\",\"target\":{\"@type\":\"EntryPoint\",\"urlTemplate\":\"https:\/\/sualuz.com.br\/blog\/?s={search_term_string}\"},\"query-input\":{\"@type\":\"PropertyValueSpecification\",\"valueRequired\":true,\"valueName\":\"search_term_string\"}}],\"inLanguage\":\"pt-BR\"},{\"@type\":\"Organization\",\"@id\":\"https:\/\/sualuz.com.br\/blog\/#organization\",\"name\":\"LUZ\",\"url\":\"https:\/\/sualuz.com.br\/blog\/\",\"logo\":{\"@type\":\"ImageObject\",\"inLanguage\":\"pt-BR\",\"@id\":\"https:\/\/sualuz.com.br\/blog\/#\/schema\/logo\/image\/\",\"url\":\"https:\/\/sualuz.com.br\/blog\/wp-content\/uploads\/2025\/01\/sua-luz-favicon-flat.png\",\"contentUrl\":\"https:\/\/sualuz.com.br\/blog\/wp-content\/uploads\/2025\/01\/sua-luz-favicon-flat.png\",\"width\":512,\"height\":512,\"caption\":\"LUZ\"},\"image\":{\"@id\":\"https:\/\/sualuz.com.br\/blog\/#\/schema\/logo\/image\/\"}},{\"@type\":\"Person\",\"@id\":\"https:\/\/sualuz.com.br\/blog\/#\/schema\/person\/bbd73e4bf0b112afe9617925355b66a6\",\"name\":\"Reda\u00e7\u00e3o Luz\",\"image\":{\"@type\":\"ImageObject\",\"inLanguage\":\"pt-BR\",\"@id\":\"https:\/\/sualuz.com.br\/blog\/#\/schema\/person\/image\/\",\"url\":\"https:\/\/secure.gravatar.com\/avatar\/ed5b5c3c1f38a53655478b5e2e41d120?s=96&d=mm&r=g\",\"contentUrl\":\"https:\/\/secure.gravatar.com\/avatar\/ed5b5c3c1f38a53655478b5e2e41d120?s=96&d=mm&r=g\",\"caption\":\"Reda\u00e7\u00e3o Luz\"},\"description\":\"A Reda\u00e7\u00e3o Luz \u00e9 a voz da primeira energytech 100% digital do Brasil. Nosso time de especialistas produz conte\u00fados focados em transformar a sua rela\u00e7\u00e3o com a energia, entregando informa\u00e7\u00e3o com a mesma transpar\u00eancia e seguran\u00e7a da nossa tecnologia. Aqui, unimos dados, inova\u00e7\u00e3o e sustentabilidade para trazer dicas pr\u00e1ticas de economia e previsibilidade, para sua casa ou empresa, empoderando voc\u00ea com a liberdade de escolha para assumir o controle total do seu consumo. Afinal, a nova energia do Brasil \u00e9 digital e simples.\",\"sameAs\":[\"https:\/\/sualuz.com.br\/\",\"https:\/\/www.instagram.com\/sualuz_oficial\/\",\"https:\/\/www.linkedin.com\/company\/sualuz\",\"https:\/\/www.youtube.com\/@sualuz\"],\"url\":\"https:\/\/sualuz.com.br\/blog\/author\/marketing-luz\/\"}]}<\/script>\n<!-- \/ Yoast SEO plugin. -->","yoast_head_json":{"title":"Quedas de energia: conhe\u00e7a seus direitos e como diminuir seus preju\u00edzos &#8226; Luz","description":"Segundo a Ag\u00eancia Nacional de Energia El\u00e9trica, em sua resolu\u00e7\u00e3o 1.000\/2021, \u00e9 poss\u00edvel solicitar ressarcimento por equipamentos danificados.","robots":{"index":"index","follow":"follow","max-snippet":"max-snippet:-1","max-image-preview":"max-image-preview:large","max-video-preview":"max-video-preview:-1"},"canonical":"https:\/\/sualuz.com.br\/blog\/quedas-de-energia-conheca-seus-direitos-e-como-diminuir-seus-prejuizos\/","og_locale":"pt_BR","og_type":"article","og_title":"Quedas de energia: conhe\u00e7a seus direitos e como diminuir seus preju\u00edzos &#8226; Luz","og_description":"Segundo a Ag\u00eancia Nacional de Energia El\u00e9trica, em sua resolu\u00e7\u00e3o 1.000\/2021, \u00e9 poss\u00edvel solicitar ressarcimento por equipamentos danificados.","og_url":"https:\/\/sualuz.com.br\/blog\/quedas-de-energia-conheca-seus-direitos-e-como-diminuir-seus-prejuizos\/","og_site_name":"Luz","article_published_time":"2026-02-16T19:47:00+00:00","article_modified_time":"2026-03-12T12:30:33+00:00","og_image":[{"width":733,"height":420,"url":"https:\/\/sualuz.com.br\/blog\/wp-content\/uploads\/2024\/07\/queda-energia-direitos-prejuizos-blog.jpg","type":"image\/jpeg"}],"author":"Reda\u00e7\u00e3o Luz","twitter_card":"summary_large_image","twitter_misc":{"Escrito por":"Reda\u00e7\u00e3o Luz","Est. tempo de leitura":"4 minutos"},"schema":{"@context":"https:\/\/schema.org","@graph":[{"@type":"Article","@id":"https:\/\/sualuz.com.br\/blog\/quedas-de-energia-conheca-seus-direitos-e-como-diminuir-seus-prejuizos\/#article","isPartOf":{"@id":"https:\/\/sualuz.com.br\/blog\/quedas-de-energia-conheca-seus-direitos-e-como-diminuir-seus-prejuizos\/"},"author":{"name":"Reda\u00e7\u00e3o Luz","@id":"https:\/\/sualuz.com.br\/blog\/#\/schema\/person\/bbd73e4bf0b112afe9617925355b66a6"},"headline":"Quedas de energia: conhe\u00e7a seus direitos e como diminuir seus preju\u00edzos","datePublished":"2026-02-16T19:47:00+00:00","dateModified":"2026-03-12T12:30:33+00:00","mainEntityOfPage":{"@id":"https:\/\/sualuz.com.br\/blog\/quedas-de-energia-conheca-seus-direitos-e-como-diminuir-seus-prejuizos\/"},"wordCount":568,"commentCount":0,"publisher":{"@id":"https:\/\/sualuz.com.br\/blog\/#organization"},"image":{"@id":"https:\/\/sualuz.com.br\/blog\/quedas-de-energia-conheca-seus-direitos-e-como-diminuir-seus-prejuizos\/#primaryimage"},"thumbnailUrl":"https:\/\/sualuz.com.br\/blog\/wp-content\/uploads\/2024\/07\/queda-energia-direitos-prejuizos-blog.jpg","articleSection":["Dia a dia"],"inLanguage":"pt-BR","potentialAction":[{"@type":"CommentAction","name":"Comment","target":["https:\/\/sualuz.com.br\/blog\/quedas-de-energia-conheca-seus-direitos-e-como-diminuir-seus-prejuizos\/#respond"]}]},{"@type":"WebPage","@id":"https:\/\/sualuz.com.br\/blog\/quedas-de-energia-conheca-seus-direitos-e-como-diminuir-seus-prejuizos\/","url":"https:\/\/sualuz.com.br\/blog\/quedas-de-energia-conheca-seus-direitos-e-como-diminuir-seus-prejuizos\/","name":"Quedas de energia: conhe\u00e7a seus direitos e como diminuir seus preju\u00edzos &#8226; Luz","isPartOf":{"@id":"https:\/\/sualuz.com.br\/blog\/#website"},"primaryImageOfPage":{"@id":"https:\/\/sualuz.com.br\/blog\/quedas-de-energia-conheca-seus-direitos-e-como-diminuir-seus-prejuizos\/#primaryimage"},"image":{"@id":"https:\/\/sualuz.com.br\/blog\/quedas-de-energia-conheca-seus-direitos-e-como-diminuir-seus-prejuizos\/#primaryimage"},"thumbnailUrl":"https:\/\/sualuz.com.br\/blog\/wp-content\/uploads\/2024\/07\/queda-energia-direitos-prejuizos-blog.jpg","datePublished":"2026-02-16T19:47:00+00:00","dateModified":"2026-03-12T12:30:33+00:00","description":"Segundo a Ag\u00eancia Nacional de Energia El\u00e9trica, em sua resolu\u00e7\u00e3o 1.000\/2021, \u00e9 poss\u00edvel solicitar ressarcimento por equipamentos danificados.","breadcrumb":{"@id":"https:\/\/sualuz.com.br\/blog\/quedas-de-energia-conheca-seus-direitos-e-como-diminuir-seus-prejuizos\/#breadcrumb"},"inLanguage":"pt-BR","potentialAction":[{"@type":"ReadAction","target":["https:\/\/sualuz.com.br\/blog\/quedas-de-energia-conheca-seus-direitos-e-como-diminuir-seus-prejuizos\/"]}]},{"@type":"ImageObject","inLanguage":"pt-BR","@id":"https:\/\/sualuz.com.br\/blog\/quedas-de-energia-conheca-seus-direitos-e-como-diminuir-seus-prejuizos\/#primaryimage","url":"https:\/\/sualuz.com.br\/blog\/wp-content\/uploads\/2024\/07\/queda-energia-direitos-prejuizos-blog.jpg","contentUrl":"https:\/\/sualuz.com.br\/blog\/wp-content\/uploads\/2024\/07\/queda-energia-direitos-prejuizos-blog.jpg","width":733,"height":420},{"@type":"BreadcrumbList","@id":"https:\/\/sualuz.com.br\/blog\/quedas-de-energia-conheca-seus-direitos-e-como-diminuir-seus-prejuizos\/#breadcrumb","itemListElement":[{"@type":"ListItem","position":1,"name":"In\u00edcio","item":"https:\/\/sualuz.com.br\/blog\/"},{"@type":"ListItem","position":2,"name":"Quedas de energia: conhe\u00e7a seus direitos e como diminuir seus preju\u00edzos"}]},{"@type":"WebSite","@id":"https:\/\/sualuz.com.br\/blog\/#website","url":"https:\/\/sualuz.com.br\/blog\/","name":"LUZ","description":"","publisher":{"@id":"https:\/\/sualuz.com.br\/blog\/#organization"},"potentialAction":[{"@type":"SearchAction","target":{"@type":"EntryPoint","urlTemplate":"https:\/\/sualuz.com.br\/blog\/?s={search_term_string}"},"query-input":{"@type":"PropertyValueSpecification","valueRequired":true,"valueName":"search_term_string"}}],"inLanguage":"pt-BR"},{"@type":"Organization","@id":"https:\/\/sualuz.com.br\/blog\/#organization","name":"LUZ","url":"https:\/\/sualuz.com.br\/blog\/","logo":{"@type":"ImageObject","inLanguage":"pt-BR","@id":"https:\/\/sualuz.com.br\/blog\/#\/schema\/logo\/image\/","url":"https:\/\/sualuz.com.br\/blog\/wp-content\/uploads\/2025\/01\/sua-luz-favicon-flat.png","contentUrl":"https:\/\/sualuz.com.br\/blog\/wp-content\/uploads\/2025\/01\/sua-luz-favicon-flat.png","width":512,"height":512,"caption":"LUZ"},"image":{"@id":"https:\/\/sualuz.com.br\/blog\/#\/schema\/logo\/image\/"}},{"@type":"Person","@id":"https:\/\/sualuz.com.br\/blog\/#\/schema\/person\/bbd73e4bf0b112afe9617925355b66a6","name":"Reda\u00e7\u00e3o Luz","image":{"@type":"ImageObject","inLanguage":"pt-BR","@id":"https:\/\/sualuz.com.br\/blog\/#\/schema\/person\/image\/","url":"https:\/\/secure.gravatar.com\/avatar\/ed5b5c3c1f38a53655478b5e2e41d120?s=96&d=mm&r=g","contentUrl":"https:\/\/secure.gravatar.com\/avatar\/ed5b5c3c1f38a53655478b5e2e41d120?s=96&d=mm&r=g","caption":"Reda\u00e7\u00e3o Luz"},"description":"A Reda\u00e7\u00e3o Luz \u00e9 a voz da primeira energytech 100% digital do Brasil. Nosso time de especialistas produz conte\u00fados focados em transformar a sua rela\u00e7\u00e3o com a energia, entregando informa\u00e7\u00e3o com a mesma transpar\u00eancia e seguran\u00e7a da nossa tecnologia. Aqui, unimos dados, inova\u00e7\u00e3o e sustentabilidade para trazer dicas pr\u00e1ticas de economia e previsibilidade, para sua casa ou empresa, empoderando voc\u00ea com a liberdade de escolha para assumir o controle total do seu consumo. Afinal, a nova energia do Brasil \u00e9 digital e simples.","sameAs":["https:\/\/sualuz.com.br\/","https:\/\/www.instagram.com\/sualuz_oficial\/","https:\/\/www.linkedin.com\/company\/sualuz","https:\/\/www.youtube.com\/@sualuz"],"url":"https:\/\/sualuz.com.br\/blog\/author\/marketing-luz\/"}]}},"_links":{"self":[{"href":"https:\/\/sualuz.com.br\/blog\/wp-json\/wp\/v2\/posts\/4575","targetHints":{"allow":["GET"]}}],"collection":[{"href":"https:\/\/sualuz.com.br\/blog\/wp-json\/wp\/v2\/posts"}],"about":[{"href":"https:\/\/sualuz.com.br\/blog\/wp-json\/wp\/v2\/types\/post"}],"author":[{"embeddable":true,"href":"https:\/\/sualuz.com.br\/blog\/wp-json\/wp\/v2\/users\/14"}],"replies":[{"embeddable":true,"href":"https:\/\/sualuz.com.br\/blog\/wp-json\/wp\/v2\/comments?post=4575"}],"version-history":[{"count":2,"href":"https:\/\/sualuz.com.br\/blog\/wp-json\/wp\/v2\/posts\/4575\/revisions"}],"predecessor-version":[{"id":4580,"href":"https:\/\/sualuz.com.br\/blog\/wp-json\/wp\/v2\/posts\/4575\/revisions\/4580"}],"wp:featuredmedia":[{"embeddable":true,"href":"https:\/\/sualuz.com.br\/blog\/wp-json\/wp\/v2\/media\/4576"}],"wp:attachment":[{"href":"https:\/\/sualuz.com.br\/blog\/wp-json\/wp\/v2\/media?parent=4575"}],"wp:term":[{"taxonomy":"category","embeddable":true,"href":"https:\/\/sualuz.com.br\/blog\/wp-json\/wp\/v2\/categories?post=4575"},{"taxonomy":"post_tag","embeddable":true,"href":"https:\/\/sualuz.com.br\/blog\/wp-json\/wp\/v2\/tags?post=4575"}],"curies":[{"name":"wp","href":"https:\/\/api.w.org\/{rel}","templated":true}]}}