{"id":4532,"date":"2026-02-10T16:45:00","date_gmt":"2026-02-10T19:45:00","guid":{"rendered":"https:\/\/ec2-34-234-18-95.compute-1.amazonaws.com\/?p=4532"},"modified":"2026-03-12T09:30:33","modified_gmt":"2026-03-12T12:30:33","slug":"qual-a-melhor-modalidade-para-minha-empresa-no-mercado-livre-de-energia-varejista-ou-atacadista","status":"publish","type":"post","link":"https:\/\/sualuz.com.br\/blog\/qual-a-melhor-modalidade-para-minha-empresa-no-mercado-livre-de-energia-varejista-ou-atacadista\/","title":{"rendered":"Qual a melhor modalidade para minha empresa no Mercado Livre de Energia: Varejista ou Atacadista?"},"content":{"rendered":"\n<p><\/p>\n\n\n\n<p>Se sua empresa est\u00e1 considerando a migra\u00e7\u00e3o para o <a href=\"https:\/\/sualuz.com.br\/blog\/quais-as-principais-vantagens-do-mercado-livre-de-energia-para-a-minha-empresa\" target=\"_blank\" rel=\"noreferrer noopener\">Mercado Livre de Energia<\/a>, \u00e9 essencial compreender as diferen\u00e7as entre as duas modalidades de contrata\u00e7\u00e3o dispon\u00edveis: Atacadista e Varejista.&nbsp;&nbsp;<\/p>\n\n\n\n<p>Cada uma dessas op\u00e7\u00f5es tem suas particularidades, impactando desde a associa\u00e7\u00e3o \u00e0 CCEE at\u00e9 as responsabilidades assumidas pelo pr\u00f3prio consumidor. Vamos explorar as diferen\u00e7as para que voc\u00ea possa fazer escolhas assertivas e que se encaixe na realidade do seu neg\u00f3cio.<\/p>\n\n\n\n<p><\/p>\n\n\n\n<h2 class=\"wp-block-heading\"><mark style=\"background-color:rgba(0, 0, 0, 0);color:#fa3eb5\" class=\"has-inline-color\">O Mercado Livre de Energia<\/mark><\/h2>\n\n\n\n<p><\/p>\n\n\n\n<p>O Mercado Livre de Energia \u00e9 um ambiente onde consumidores t\u00eam a liberdade de escolha do seu fornecedor de energia el\u00e9trica, negociando pre\u00e7os, condi\u00e7\u00f5es de pagamento e prazos de contrato diretamente com geradores e comercializadores de energia. &nbsp;<\/p>\n\n\n\n<p>Esse modelo \u00e9 bem diferente do Mercado Cativo, que os consumidores s\u00e3o atendidos exclusivamente pelas distribuidoras locais, com tarifas reguladas pelo governo.&nbsp;<\/p>\n\n\n\n<p>Os benef\u00edcios do Mercado Livre de Energia garantem redu\u00e7\u00e3o de custos dos consumidores, previsibilidade e gest\u00e3o de riscos, flexibilidade contratual e escolha por fontes de energia renov\u00e1vel. &nbsp;<\/p>\n\n\n\n<p>Atualmente, todas as empresas do Grupo A, ou seja, conectadas em m\u00e9dia e alta tens\u00e3o podem migrar para esse modelo.&nbsp;<\/p>\n\n\n\n<p>Mas antes de realizar a migra\u00e7\u00e3o da sua empresa, \u00e9 importante conhecer os modelos de contrata\u00e7\u00e3o dentro do Mercado Livre de Energia: Atacadista e Varejista.<\/p>\n\n\n\n<p><\/p>\n\n\n\n<figure class=\"wp-block-image size-full\"><img fetchpriority=\"high\" decoding=\"async\" width=\"500\" height=\"334\" src=\"https:\/\/apiapp.sualuz.com.br\/wp\/wp-content\/uploads\/2024\/06\/shutterstock_2344910607.jpg\" alt=\"\" class=\"wp-image-4539\" srcset=\"https:\/\/sualuz.com.br\/blog\/wp-content\/uploads\/2024\/06\/shutterstock_2344910607.jpg 500w, https:\/\/sualuz.com.br\/blog\/wp-content\/uploads\/2024\/06\/shutterstock_2344910607-300x200.jpg 300w\" sizes=\"(max-width: 500px) 100vw, 500px\" \/><\/figure>\n\n\n\n<p><\/p>\n\n\n\n<h2 class=\"wp-block-heading\"><mark style=\"background-color:rgba(0, 0, 0, 0);color:#fa3eb5\" class=\"has-inline-color\">Modelo Atacadista: sua empresa a frente das a\u00e7\u00f5es<\/mark><\/h2>\n\n\n\n<p><\/p>\n\n\n\n<p>Ao escolher a modalidade Atacadista, prepare-se para um cen\u00e1rio que demanda maior envolvimento e comprometimento. O consumidor precisa associar-se \u00e0 <a href=\"https:\/\/www.ccee.org.br\/\" target=\"_blank\" rel=\"noreferrer noopener\">C\u00e2mara de Comercializa\u00e7\u00e3o de Energia El\u00e9trica (CCEE)<\/a> e assumir uma s\u00e9rie de responsabilidades setoriais. Isso inclui:&nbsp;&nbsp;<\/p>\n\n\n\n<ul class=\"wp-block-list\">\n<li>Obriga\u00e7\u00f5es financeiras;&nbsp;&nbsp;<\/li>\n<\/ul>\n\n\n\n<ul class=\"wp-block-list\">\n<li>Gest\u00e3o de contratos;&nbsp;&nbsp;<\/li>\n<\/ul>\n\n\n\n<ul class=\"wp-block-list\">\n<li>Pagamento de encargos e acompanhamento de lastro;&nbsp;&nbsp;<\/li>\n<\/ul>\n\n\n\n<ul class=\"wp-block-list\">\n<li>Necessidade de abrir uma conta banc\u00e1ria espec\u00edfica.&nbsp;&nbsp;<\/li>\n<\/ul>\n\n\n\n<p>Este modelo \u00e9 recomendado para organiza\u00e7\u00f5es que est\u00e3o preparadas para gerenciar essas atividades adicionais ou para aquelas que optam por contar com uma equipe de consultorias especializadas. Mas, normalmente, \u00e9 considerado um modelo mais complexo para as empresas j\u00e1 que elas internalizam os processos que citamos acima.<\/p>\n\n\n\n<p><\/p>\n\n\n\n<figure class=\"wp-block-image size-full\"><a href=\"https:\/\/sualuz.com.br\/?utm_source=blog&amp;utm_medium=banner&amp;utm_campaign=blog_modelo_varejista_atacadista\"><img decoding=\"async\" width=\"1024\" height=\"256\" src=\"https:\/\/apiapp.sualuz.com.br\/wp\/wp-content\/uploads\/2024\/05\/Banner-ESG-textos-relacionados-a-sustentabilidade-meio-ambiente-sociedade-2.png\" alt=\"\" class=\"wp-image-4445\" srcset=\"https:\/\/sualuz.com.br\/blog\/wp-content\/uploads\/2024\/05\/Banner-ESG-textos-relacionados-a-sustentabilidade-meio-ambiente-sociedade-2.png 1024w, https:\/\/sualuz.com.br\/blog\/wp-content\/uploads\/2024\/05\/Banner-ESG-textos-relacionados-a-sustentabilidade-meio-ambiente-sociedade-2-300x75.png 300w, https:\/\/sualuz.com.br\/blog\/wp-content\/uploads\/2024\/05\/Banner-ESG-textos-relacionados-a-sustentabilidade-meio-ambiente-sociedade-2-768x192.png 768w\" sizes=\"(max-width: 1024px) 100vw, 1024px\" \/><\/a><\/figure>\n\n\n\n<p><\/p>\n\n\n\n<h2 class=\"wp-block-heading\"><mark style=\"background-color:rgba(0, 0, 0, 0);color:#fa3eb5\" class=\"has-inline-color\">Modelo Varejista: processo simplificado para sua empresa<\/mark><\/h2>\n\n\n\n<p><\/p>\n\n\n\n<p>Por outro lado, a modalidade Varejista se destaca mais pela simplicidade e menos pela burocracia. Nesse formato, o consumidor transfere boa parte das responsabilidades para o comercializador varejista.&nbsp;&nbsp;<\/p>\n\n\n\n<p>Toda a rela\u00e7\u00e3o com a CCEE, desde a migra\u00e7\u00e3o para o Ambiente de Contrata\u00e7\u00e3o Livre (ACL) at\u00e9 a gest\u00e3o operacional, \u00e9 gerenciada pela comercializadora. Essa op\u00e7\u00e3o \u00e9 ideal para empresas que valorizam agilidade e simplicidade, delegando a responsabilidade do processo ao fornecedor de energia.<\/p>\n\n\n\n<p><\/p>\n\n\n\n<figure class=\"wp-block-image size-full\"><img decoding=\"async\" width=\"550\" height=\"315\" src=\"https:\/\/apiapp.sualuz.com.br\/wp\/wp-content\/uploads\/2023\/08\/shutterstock_2109724295-1.jpg\" alt=\"\" class=\"wp-image-3782\" srcset=\"https:\/\/sualuz.com.br\/blog\/wp-content\/uploads\/2023\/08\/shutterstock_2109724295-1.jpg 550w, https:\/\/sualuz.com.br\/blog\/wp-content\/uploads\/2023\/08\/shutterstock_2109724295-1-300x172.jpg 300w\" sizes=\"(max-width: 550px) 100vw, 550px\" \/><\/figure>\n\n\n\n<p><\/p>\n\n\n\n<h2 class=\"wp-block-heading\"><mark style=\"background-color:rgba(0, 0, 0, 0);color:#fa3eb5\" class=\"has-inline-color\">Qual devo escolher?<\/mark><\/h2>\n\n\n\n<p><\/p>\n\n\n\n<p>Ao avaliar entre as modalidades, voc\u00ea precisa considerar o perfil e as necessidades espec\u00edficas da sua empresa. Se busca uma abordagem mais ativa e est\u00e1 disposto a assumir responsabilidades setoriais, o modelo Atacadista pode ser uma escolha interessante.&nbsp;&nbsp;<\/p>\n\n\n\n<p>J\u00e1 para quem prioriza simplicidade e quer deixar todo o processo nas m\u00e3os do fornecedor de energia, que conta com profissionais experientes no setor, a modalidade Varejista se destaca como melhor op\u00e7\u00e3o, j\u00e1 que traz agilidade e efici\u00eancia para os processos dentro do Mercado Livre de Energia.&nbsp;<\/p>\n\n\n\n<p>O <a href=\"https:\/\/deltaenergia.com.br\/?utm_source=blog&amp;utm_medium=texto&amp;utm_campaign=blog_modelo_varejista_atacadista\" target=\"_blank\" rel=\"noreferrer noopener\">Grupo Delta<\/a>, por exemplo, \u00e9 uma refer\u00eancia quando falamos em Mercado Livre de Energia. A empresa foi respons\u00e1vel por migrar o primeiro cliente no Brasil para o&nbsp;ACL e possui um alto conhecimento nos modelos varejista e atacadista. &nbsp;<\/p>\n\n\n\n<p>Pertencente ao Grupo Delta, a <a href=\"https:\/\/sualuz.com.br\/blog\/quem-e-a-luz-no-mercado-de-energia\" target=\"_blank\" rel=\"noreferrer noopener\">LUZ<\/a> \u00e9 um exemplo de fornecedora varejista que utiliza todo o conhecimento de mercado para desburocratizar e garantir todos os benef\u00edcios para as empresas que desejam entrar nesse ambiente livre. <a href=\"https:\/\/sualuz.com.br\/?utm_source=blog&amp;utm_medium=texto&amp;utm_campaign=blog_modelo_varejista_atacadista\" target=\"_blank\" rel=\"noreferrer noopener\">Conhe\u00e7a os benef\u00edcios aqui!<\/a>&nbsp;<\/p>\n\n\n\n<p>Entender bem essas modalidades \u00e9 o primeiro passo para uma migra\u00e7\u00e3o bem-sucedida alinhada ao seu perfil, permitindo que sua organiza\u00e7\u00e3o aproveite ao m\u00e1ximo as oportunidades oferecidas pelo Mercado Livre de Energia.&nbsp;<\/p>\n","protected":false},"excerpt":{"rendered":"<p>Se sua empresa est\u00e1 considerando a migra\u00e7\u00e3o para o Mercado Livre de Energia, \u00e9 essencial compreender as diferen\u00e7as entre as duas modalidades de contrata\u00e7\u00e3o dispon\u00edveis: Atacadista e Varejista.&nbsp;&nbsp; Cada uma dessas op\u00e7\u00f5es tem suas particularidades, impactando desde a associa\u00e7\u00e3o \u00e0 CCEE at\u00e9 as responsabilidades assumidas pelo pr\u00f3prio consumidor. Vamos explorar as diferen\u00e7as para que voc\u00ea [&hellip;]<\/p>\n","protected":false},"author":14,"featured_media":4537,"comment_status":"open","ping_status":"open","sticky":false,"template":"","format":"standard","meta":{"footnotes":""},"categories":[5,251],"tags":[],"class_list":["post-4532","post","type-post","status-publish","format-standard","has-post-thumbnail","hentry","category-energia","category-mercado-livre-de-energia"],"acf":{"post_title":"Qual a melhor modalidade para minha empresa no Mercado Livre de Energia: Varejista ou Atacadista?","post_description":"Conhe\u00e7a os dois modelos de contrata\u00e7\u00e3o dentro do Mercado Livre de Energia e saiba qual escolher na hora de realizar a sua migra\u00e7\u00e3o.","post_author":"Gian Bariani","post_author_description":"Copywriter e Analista SEO","post_author_image":3801,"post_image":4537},"yoast_head":"<!-- This site is optimized with the Yoast SEO plugin v26.8 - https:\/\/yoast.com\/product\/yoast-seo-wordpress\/ -->\n<title>Qual a melhor modalidade para minha empresa no Mercado Livre de Energia: Varejista ou Atacadista? &#8226; Luz<\/title>\n<meta name=\"description\" content=\"O Mercado Livre de Energia oferece a liberdade de escolha do seu fornecedor e do modelo de neg\u00f3cio, seja ele varejista ou atacadista.\" \/>\n<meta name=\"robots\" content=\"index, follow, max-snippet:-1, max-image-preview:large, max-video-preview:-1\" \/>\n<link rel=\"canonical\" href=\"https:\/\/sualuz.com.br\/blog\/qual-a-melhor-modalidade-para-minha-empresa-no-mercado-livre-de-energia-varejista-ou-atacadista\/\" \/>\n<meta property=\"og:locale\" content=\"pt_BR\" \/>\n<meta property=\"og:type\" content=\"article\" \/>\n<meta property=\"og:title\" content=\"Qual a melhor modalidade para minha empresa no Mercado Livre de Energia: Varejista ou Atacadista? &#8226; Luz\" \/>\n<meta property=\"og:description\" content=\"O Mercado Livre de Energia oferece a liberdade de escolha do seu fornecedor e do modelo de neg\u00f3cio, seja ele varejista ou atacadista.\" \/>\n<meta property=\"og:url\" content=\"https:\/\/sualuz.com.br\/blog\/qual-a-melhor-modalidade-para-minha-empresa-no-mercado-livre-de-energia-varejista-ou-atacadista\/\" \/>\n<meta property=\"og:site_name\" content=\"Luz\" \/>\n<meta property=\"article:published_time\" content=\"2026-02-10T19:45:00+00:00\" \/>\n<meta property=\"article:modified_time\" content=\"2026-03-12T12:30:33+00:00\" \/>\n<meta property=\"og:image\" content=\"https:\/\/sualuz.com.br\/blog\/wp-content\/uploads\/2024\/06\/mercado-energia-varejista-atacadista.jpg\" \/>\n\t<meta property=\"og:image:width\" content=\"733\" \/>\n\t<meta property=\"og:image:height\" content=\"420\" \/>\n\t<meta property=\"og:image:type\" content=\"image\/jpeg\" \/>\n<meta name=\"author\" content=\"Reda\u00e7\u00e3o Luz\" \/>\n<meta name=\"twitter:card\" content=\"summary_large_image\" \/>\n<meta name=\"twitter:label1\" content=\"Escrito por\" \/>\n\t<meta name=\"twitter:data1\" content=\"Reda\u00e7\u00e3o Luz\" \/>\n\t<meta name=\"twitter:label2\" content=\"Est. tempo de leitura\" \/>\n\t<meta name=\"twitter:data2\" content=\"5 minutos\" \/>\n<script type=\"application\/ld+json\" class=\"yoast-schema-graph\">{\"@context\":\"https:\/\/schema.org\",\"@graph\":[{\"@type\":\"Article\",\"@id\":\"https:\/\/sualuz.com.br\/blog\/qual-a-melhor-modalidade-para-minha-empresa-no-mercado-livre-de-energia-varejista-ou-atacadista\/#article\",\"isPartOf\":{\"@id\":\"https:\/\/sualuz.com.br\/blog\/qual-a-melhor-modalidade-para-minha-empresa-no-mercado-livre-de-energia-varejista-ou-atacadista\/\"},\"author\":{\"name\":\"Reda\u00e7\u00e3o Luz\",\"@id\":\"https:\/\/sualuz.com.br\/blog\/#\/schema\/person\/bbd73e4bf0b112afe9617925355b66a6\"},\"headline\":\"Qual a melhor modalidade para minha empresa no Mercado Livre de Energia: Varejista ou Atacadista?\",\"datePublished\":\"2026-02-10T19:45:00+00:00\",\"dateModified\":\"2026-03-12T12:30:33+00:00\",\"mainEntityOfPage\":{\"@id\":\"https:\/\/sualuz.com.br\/blog\/qual-a-melhor-modalidade-para-minha-empresa-no-mercado-livre-de-energia-varejista-ou-atacadista\/\"},\"wordCount\":668,\"commentCount\":0,\"publisher\":{\"@id\":\"https:\/\/sualuz.com.br\/blog\/#organization\"},\"image\":{\"@id\":\"https:\/\/sualuz.com.br\/blog\/qual-a-melhor-modalidade-para-minha-empresa-no-mercado-livre-de-energia-varejista-ou-atacadista\/#primaryimage\"},\"thumbnailUrl\":\"https:\/\/sualuz.com.br\/blog\/wp-content\/uploads\/2024\/06\/mercado-energia-varejista-atacadista.jpg\",\"articleSection\":[\"Energia\",\"Mercado Livre de Energia\"],\"inLanguage\":\"pt-BR\",\"potentialAction\":[{\"@type\":\"CommentAction\",\"name\":\"Comment\",\"target\":[\"https:\/\/sualuz.com.br\/blog\/qual-a-melhor-modalidade-para-minha-empresa-no-mercado-livre-de-energia-varejista-ou-atacadista\/#respond\"]}]},{\"@type\":\"WebPage\",\"@id\":\"https:\/\/sualuz.com.br\/blog\/qual-a-melhor-modalidade-para-minha-empresa-no-mercado-livre-de-energia-varejista-ou-atacadista\/\",\"url\":\"https:\/\/sualuz.com.br\/blog\/qual-a-melhor-modalidade-para-minha-empresa-no-mercado-livre-de-energia-varejista-ou-atacadista\/\",\"name\":\"Qual a melhor modalidade para minha empresa no Mercado Livre de Energia: Varejista ou Atacadista? &#8226; Luz\",\"isPartOf\":{\"@id\":\"https:\/\/sualuz.com.br\/blog\/#website\"},\"primaryImageOfPage\":{\"@id\":\"https:\/\/sualuz.com.br\/blog\/qual-a-melhor-modalidade-para-minha-empresa-no-mercado-livre-de-energia-varejista-ou-atacadista\/#primaryimage\"},\"image\":{\"@id\":\"https:\/\/sualuz.com.br\/blog\/qual-a-melhor-modalidade-para-minha-empresa-no-mercado-livre-de-energia-varejista-ou-atacadista\/#primaryimage\"},\"thumbnailUrl\":\"https:\/\/sualuz.com.br\/blog\/wp-content\/uploads\/2024\/06\/mercado-energia-varejista-atacadista.jpg\",\"datePublished\":\"2026-02-10T19:45:00+00:00\",\"dateModified\":\"2026-03-12T12:30:33+00:00\",\"description\":\"O Mercado Livre de Energia oferece a liberdade de escolha do seu fornecedor e do modelo de neg\u00f3cio, seja ele varejista ou atacadista.\",\"breadcrumb\":{\"@id\":\"https:\/\/sualuz.com.br\/blog\/qual-a-melhor-modalidade-para-minha-empresa-no-mercado-livre-de-energia-varejista-ou-atacadista\/#breadcrumb\"},\"inLanguage\":\"pt-BR\",\"potentialAction\":[{\"@type\":\"ReadAction\",\"target\":[\"https:\/\/sualuz.com.br\/blog\/qual-a-melhor-modalidade-para-minha-empresa-no-mercado-livre-de-energia-varejista-ou-atacadista\/\"]}]},{\"@type\":\"ImageObject\",\"inLanguage\":\"pt-BR\",\"@id\":\"https:\/\/sualuz.com.br\/blog\/qual-a-melhor-modalidade-para-minha-empresa-no-mercado-livre-de-energia-varejista-ou-atacadista\/#primaryimage\",\"url\":\"https:\/\/sualuz.com.br\/blog\/wp-content\/uploads\/2024\/06\/mercado-energia-varejista-atacadista.jpg\",\"contentUrl\":\"https:\/\/sualuz.com.br\/blog\/wp-content\/uploads\/2024\/06\/mercado-energia-varejista-atacadista.jpg\",\"width\":733,\"height\":420},{\"@type\":\"BreadcrumbList\",\"@id\":\"https:\/\/sualuz.com.br\/blog\/qual-a-melhor-modalidade-para-minha-empresa-no-mercado-livre-de-energia-varejista-ou-atacadista\/#breadcrumb\",\"itemListElement\":[{\"@type\":\"ListItem\",\"position\":1,\"name\":\"In\u00edcio\",\"item\":\"https:\/\/sualuz.com.br\/blog\/\"},{\"@type\":\"ListItem\",\"position\":2,\"name\":\"Qual a melhor modalidade para minha empresa no Mercado Livre de Energia: Varejista ou Atacadista?\"}]},{\"@type\":\"WebSite\",\"@id\":\"https:\/\/sualuz.com.br\/blog\/#website\",\"url\":\"https:\/\/sualuz.com.br\/blog\/\",\"name\":\"LUZ\",\"description\":\"\",\"publisher\":{\"@id\":\"https:\/\/sualuz.com.br\/blog\/#organization\"},\"potentialAction\":[{\"@type\":\"SearchAction\",\"target\":{\"@type\":\"EntryPoint\",\"urlTemplate\":\"https:\/\/sualuz.com.br\/blog\/?s={search_term_string}\"},\"query-input\":{\"@type\":\"PropertyValueSpecification\",\"valueRequired\":true,\"valueName\":\"search_term_string\"}}],\"inLanguage\":\"pt-BR\"},{\"@type\":\"Organization\",\"@id\":\"https:\/\/sualuz.com.br\/blog\/#organization\",\"name\":\"LUZ\",\"url\":\"https:\/\/sualuz.com.br\/blog\/\",\"logo\":{\"@type\":\"ImageObject\",\"inLanguage\":\"pt-BR\",\"@id\":\"https:\/\/sualuz.com.br\/blog\/#\/schema\/logo\/image\/\",\"url\":\"https:\/\/sualuz.com.br\/blog\/wp-content\/uploads\/2025\/01\/sua-luz-favicon-flat.png\",\"contentUrl\":\"https:\/\/sualuz.com.br\/blog\/wp-content\/uploads\/2025\/01\/sua-luz-favicon-flat.png\",\"width\":512,\"height\":512,\"caption\":\"LUZ\"},\"image\":{\"@id\":\"https:\/\/sualuz.com.br\/blog\/#\/schema\/logo\/image\/\"}},{\"@type\":\"Person\",\"@id\":\"https:\/\/sualuz.com.br\/blog\/#\/schema\/person\/bbd73e4bf0b112afe9617925355b66a6\",\"name\":\"Reda\u00e7\u00e3o Luz\",\"image\":{\"@type\":\"ImageObject\",\"inLanguage\":\"pt-BR\",\"@id\":\"https:\/\/sualuz.com.br\/blog\/#\/schema\/person\/image\/\",\"url\":\"https:\/\/secure.gravatar.com\/avatar\/ed5b5c3c1f38a53655478b5e2e41d120?s=96&d=mm&r=g\",\"contentUrl\":\"https:\/\/secure.gravatar.com\/avatar\/ed5b5c3c1f38a53655478b5e2e41d120?s=96&d=mm&r=g\",\"caption\":\"Reda\u00e7\u00e3o Luz\"},\"description\":\"A Reda\u00e7\u00e3o Luz \u00e9 a voz da primeira energytech 100% digital do Brasil. Nosso time de especialistas produz conte\u00fados focados em transformar a sua rela\u00e7\u00e3o com a energia, entregando informa\u00e7\u00e3o com a mesma transpar\u00eancia e seguran\u00e7a da nossa tecnologia. Aqui, unimos dados, inova\u00e7\u00e3o e sustentabilidade para trazer dicas pr\u00e1ticas de economia e previsibilidade, para sua casa ou empresa, empoderando voc\u00ea com a liberdade de escolha para assumir o controle total do seu consumo. Afinal, a nova energia do Brasil \u00e9 digital e simples.\",\"sameAs\":[\"https:\/\/sualuz.com.br\/\",\"https:\/\/www.instagram.com\/sualuz_oficial\/\",\"https:\/\/www.linkedin.com\/company\/sualuz\",\"https:\/\/www.youtube.com\/@sualuz\"],\"url\":\"https:\/\/sualuz.com.br\/blog\/author\/marketing-luz\/\"}]}<\/script>\n<!-- \/ Yoast SEO plugin. -->","yoast_head_json":{"title":"Qual a melhor modalidade para minha empresa no Mercado Livre de Energia: Varejista ou Atacadista? &#8226; Luz","description":"O Mercado Livre de Energia oferece a liberdade de escolha do seu fornecedor e do modelo de neg\u00f3cio, seja ele varejista ou atacadista.","robots":{"index":"index","follow":"follow","max-snippet":"max-snippet:-1","max-image-preview":"max-image-preview:large","max-video-preview":"max-video-preview:-1"},"canonical":"https:\/\/sualuz.com.br\/blog\/qual-a-melhor-modalidade-para-minha-empresa-no-mercado-livre-de-energia-varejista-ou-atacadista\/","og_locale":"pt_BR","og_type":"article","og_title":"Qual a melhor modalidade para minha empresa no Mercado Livre de Energia: Varejista ou Atacadista? &#8226; Luz","og_description":"O Mercado Livre de Energia oferece a liberdade de escolha do seu fornecedor e do modelo de neg\u00f3cio, seja ele varejista ou atacadista.","og_url":"https:\/\/sualuz.com.br\/blog\/qual-a-melhor-modalidade-para-minha-empresa-no-mercado-livre-de-energia-varejista-ou-atacadista\/","og_site_name":"Luz","article_published_time":"2026-02-10T19:45:00+00:00","article_modified_time":"2026-03-12T12:30:33+00:00","og_image":[{"width":733,"height":420,"url":"https:\/\/sualuz.com.br\/blog\/wp-content\/uploads\/2024\/06\/mercado-energia-varejista-atacadista.jpg","type":"image\/jpeg"}],"author":"Reda\u00e7\u00e3o Luz","twitter_card":"summary_large_image","twitter_misc":{"Escrito por":"Reda\u00e7\u00e3o Luz","Est. tempo de leitura":"5 minutos"},"schema":{"@context":"https:\/\/schema.org","@graph":[{"@type":"Article","@id":"https:\/\/sualuz.com.br\/blog\/qual-a-melhor-modalidade-para-minha-empresa-no-mercado-livre-de-energia-varejista-ou-atacadista\/#article","isPartOf":{"@id":"https:\/\/sualuz.com.br\/blog\/qual-a-melhor-modalidade-para-minha-empresa-no-mercado-livre-de-energia-varejista-ou-atacadista\/"},"author":{"name":"Reda\u00e7\u00e3o Luz","@id":"https:\/\/sualuz.com.br\/blog\/#\/schema\/person\/bbd73e4bf0b112afe9617925355b66a6"},"headline":"Qual a melhor modalidade para minha empresa no Mercado Livre de Energia: Varejista ou Atacadista?","datePublished":"2026-02-10T19:45:00+00:00","dateModified":"2026-03-12T12:30:33+00:00","mainEntityOfPage":{"@id":"https:\/\/sualuz.com.br\/blog\/qual-a-melhor-modalidade-para-minha-empresa-no-mercado-livre-de-energia-varejista-ou-atacadista\/"},"wordCount":668,"commentCount":0,"publisher":{"@id":"https:\/\/sualuz.com.br\/blog\/#organization"},"image":{"@id":"https:\/\/sualuz.com.br\/blog\/qual-a-melhor-modalidade-para-minha-empresa-no-mercado-livre-de-energia-varejista-ou-atacadista\/#primaryimage"},"thumbnailUrl":"https:\/\/sualuz.com.br\/blog\/wp-content\/uploads\/2024\/06\/mercado-energia-varejista-atacadista.jpg","articleSection":["Energia","Mercado Livre de Energia"],"inLanguage":"pt-BR","potentialAction":[{"@type":"CommentAction","name":"Comment","target":["https:\/\/sualuz.com.br\/blog\/qual-a-melhor-modalidade-para-minha-empresa-no-mercado-livre-de-energia-varejista-ou-atacadista\/#respond"]}]},{"@type":"WebPage","@id":"https:\/\/sualuz.com.br\/blog\/qual-a-melhor-modalidade-para-minha-empresa-no-mercado-livre-de-energia-varejista-ou-atacadista\/","url":"https:\/\/sualuz.com.br\/blog\/qual-a-melhor-modalidade-para-minha-empresa-no-mercado-livre-de-energia-varejista-ou-atacadista\/","name":"Qual a melhor modalidade para minha empresa no Mercado Livre de Energia: Varejista ou Atacadista? &#8226; Luz","isPartOf":{"@id":"https:\/\/sualuz.com.br\/blog\/#website"},"primaryImageOfPage":{"@id":"https:\/\/sualuz.com.br\/blog\/qual-a-melhor-modalidade-para-minha-empresa-no-mercado-livre-de-energia-varejista-ou-atacadista\/#primaryimage"},"image":{"@id":"https:\/\/sualuz.com.br\/blog\/qual-a-melhor-modalidade-para-minha-empresa-no-mercado-livre-de-energia-varejista-ou-atacadista\/#primaryimage"},"thumbnailUrl":"https:\/\/sualuz.com.br\/blog\/wp-content\/uploads\/2024\/06\/mercado-energia-varejista-atacadista.jpg","datePublished":"2026-02-10T19:45:00+00:00","dateModified":"2026-03-12T12:30:33+00:00","description":"O Mercado Livre de Energia oferece a liberdade de escolha do seu fornecedor e do modelo de neg\u00f3cio, seja ele varejista ou atacadista.","breadcrumb":{"@id":"https:\/\/sualuz.com.br\/blog\/qual-a-melhor-modalidade-para-minha-empresa-no-mercado-livre-de-energia-varejista-ou-atacadista\/#breadcrumb"},"inLanguage":"pt-BR","potentialAction":[{"@type":"ReadAction","target":["https:\/\/sualuz.com.br\/blog\/qual-a-melhor-modalidade-para-minha-empresa-no-mercado-livre-de-energia-varejista-ou-atacadista\/"]}]},{"@type":"ImageObject","inLanguage":"pt-BR","@id":"https:\/\/sualuz.com.br\/blog\/qual-a-melhor-modalidade-para-minha-empresa-no-mercado-livre-de-energia-varejista-ou-atacadista\/#primaryimage","url":"https:\/\/sualuz.com.br\/blog\/wp-content\/uploads\/2024\/06\/mercado-energia-varejista-atacadista.jpg","contentUrl":"https:\/\/sualuz.com.br\/blog\/wp-content\/uploads\/2024\/06\/mercado-energia-varejista-atacadista.jpg","width":733,"height":420},{"@type":"BreadcrumbList","@id":"https:\/\/sualuz.com.br\/blog\/qual-a-melhor-modalidade-para-minha-empresa-no-mercado-livre-de-energia-varejista-ou-atacadista\/#breadcrumb","itemListElement":[{"@type":"ListItem","position":1,"name":"In\u00edcio","item":"https:\/\/sualuz.com.br\/blog\/"},{"@type":"ListItem","position":2,"name":"Qual a melhor modalidade para minha empresa no Mercado Livre de Energia: Varejista ou Atacadista?"}]},{"@type":"WebSite","@id":"https:\/\/sualuz.com.br\/blog\/#website","url":"https:\/\/sualuz.com.br\/blog\/","name":"LUZ","description":"","publisher":{"@id":"https:\/\/sualuz.com.br\/blog\/#organization"},"potentialAction":[{"@type":"SearchAction","target":{"@type":"EntryPoint","urlTemplate":"https:\/\/sualuz.com.br\/blog\/?s={search_term_string}"},"query-input":{"@type":"PropertyValueSpecification","valueRequired":true,"valueName":"search_term_string"}}],"inLanguage":"pt-BR"},{"@type":"Organization","@id":"https:\/\/sualuz.com.br\/blog\/#organization","name":"LUZ","url":"https:\/\/sualuz.com.br\/blog\/","logo":{"@type":"ImageObject","inLanguage":"pt-BR","@id":"https:\/\/sualuz.com.br\/blog\/#\/schema\/logo\/image\/","url":"https:\/\/sualuz.com.br\/blog\/wp-content\/uploads\/2025\/01\/sua-luz-favicon-flat.png","contentUrl":"https:\/\/sualuz.com.br\/blog\/wp-content\/uploads\/2025\/01\/sua-luz-favicon-flat.png","width":512,"height":512,"caption":"LUZ"},"image":{"@id":"https:\/\/sualuz.com.br\/blog\/#\/schema\/logo\/image\/"}},{"@type":"Person","@id":"https:\/\/sualuz.com.br\/blog\/#\/schema\/person\/bbd73e4bf0b112afe9617925355b66a6","name":"Reda\u00e7\u00e3o Luz","image":{"@type":"ImageObject","inLanguage":"pt-BR","@id":"https:\/\/sualuz.com.br\/blog\/#\/schema\/person\/image\/","url":"https:\/\/secure.gravatar.com\/avatar\/ed5b5c3c1f38a53655478b5e2e41d120?s=96&d=mm&r=g","contentUrl":"https:\/\/secure.gravatar.com\/avatar\/ed5b5c3c1f38a53655478b5e2e41d120?s=96&d=mm&r=g","caption":"Reda\u00e7\u00e3o Luz"},"description":"A Reda\u00e7\u00e3o Luz \u00e9 a voz da primeira energytech 100% digital do Brasil. Nosso time de especialistas produz conte\u00fados focados em transformar a sua rela\u00e7\u00e3o com a energia, entregando informa\u00e7\u00e3o com a mesma transpar\u00eancia e seguran\u00e7a da nossa tecnologia. Aqui, unimos dados, inova\u00e7\u00e3o e sustentabilidade para trazer dicas pr\u00e1ticas de economia e previsibilidade, para sua casa ou empresa, empoderando voc\u00ea com a liberdade de escolha para assumir o controle total do seu consumo. Afinal, a nova energia do Brasil \u00e9 digital e simples.","sameAs":["https:\/\/sualuz.com.br\/","https:\/\/www.instagram.com\/sualuz_oficial\/","https:\/\/www.linkedin.com\/company\/sualuz","https:\/\/www.youtube.com\/@sualuz"],"url":"https:\/\/sualuz.com.br\/blog\/author\/marketing-luz\/"}]}},"_links":{"self":[{"href":"https:\/\/sualuz.com.br\/blog\/wp-json\/wp\/v2\/posts\/4532","targetHints":{"allow":["GET"]}}],"collection":[{"href":"https:\/\/sualuz.com.br\/blog\/wp-json\/wp\/v2\/posts"}],"about":[{"href":"https:\/\/sualuz.com.br\/blog\/wp-json\/wp\/v2\/types\/post"}],"author":[{"embeddable":true,"href":"https:\/\/sualuz.com.br\/blog\/wp-json\/wp\/v2\/users\/14"}],"replies":[{"embeddable":true,"href":"https:\/\/sualuz.com.br\/blog\/wp-json\/wp\/v2\/comments?post=4532"}],"version-history":[{"count":7,"href":"https:\/\/sualuz.com.br\/blog\/wp-json\/wp\/v2\/posts\/4532\/revisions"}],"predecessor-version":[{"id":4542,"href":"https:\/\/sualuz.com.br\/blog\/wp-json\/wp\/v2\/posts\/4532\/revisions\/4542"}],"wp:featuredmedia":[{"embeddable":true,"href":"https:\/\/sualuz.com.br\/blog\/wp-json\/wp\/v2\/media\/4537"}],"wp:attachment":[{"href":"https:\/\/sualuz.com.br\/blog\/wp-json\/wp\/v2\/media?parent=4532"}],"wp:term":[{"taxonomy":"category","embeddable":true,"href":"https:\/\/sualuz.com.br\/blog\/wp-json\/wp\/v2\/categories?post=4532"},{"taxonomy":"post_tag","embeddable":true,"href":"https:\/\/sualuz.com.br\/blog\/wp-json\/wp\/v2\/tags?post=4532"}],"curies":[{"name":"wp","href":"https:\/\/api.w.org\/{rel}","templated":true}]}}