{"id":4460,"date":"2026-01-20T16:22:00","date_gmt":"2026-01-20T19:22:00","guid":{"rendered":"https:\/\/ec2-34-234-18-95.compute-1.amazonaws.com\/?p=4460"},"modified":"2026-03-12T09:31:04","modified_gmt":"2026-03-12T12:31:04","slug":"energia-renovavel-pequena-media-empresa","status":"publish","type":"post","link":"https:\/\/sualuz.com.br\/blog\/energia-renovavel-pequena-media-empresa\/","title":{"rendered":"Energia renov\u00e1vel para pequenas e m\u00e9dias empresas\u00a0"},"content":{"rendered":"\n<p><\/p>\n\n\n\n<p>Para as pequenas e m\u00e9dias empresas (PMEs), a transi\u00e7\u00e3o para fontes de <a href=\"https:\/\/deltanews.com.br\/artigo\/energia-renovavel-quais-as-principais-fontes\" target=\"_blank\" rel=\"noreferrer noopener\">energia renov\u00e1vel<\/a> n\u00e3o s\u00f3 representa uma a\u00e7\u00e3o de responsabilidade social, mas tamb\u00e9m oferece benef\u00edcios econ\u00f4micos e competitivos.&nbsp;<\/p>\n\n\n\n<p>De acordo com dados divulgados pela Ag\u00eancia Internacional de <a href=\"https:\/\/www.iea.org\/\" target=\"_blank\" rel=\"noreferrer noopener\">Energia (IEA)<\/a>, o setor de energia renov\u00e1vel tem crescido rapidamente e deve fornecer cerca de 30% da demanda global de eletricidade at\u00e9 o fim de 2024. Um relat\u00f3rio recente da <a href=\"https:\/\/about.bnef.com\/\" target=\"_blank\" rel=\"noreferrer noopener\">BloombergNEF<\/a>, revelou que os pre\u00e7os da energia renov\u00e1vel est\u00e3o reduzindo significativamente, tornando-se cada vez mais acess\u00edveis para diferentes consumidores.&nbsp;<\/p>\n\n\n\n<p>Da\u00ed surge uma gama de oportunidades que podem ser fundamentais para os neg\u00f3cios explorarem. Vamos explicar aqui como pequenas e m\u00e9dias empresas podem ter acesso \u00e0 energia renov\u00e1vel, fornecendo informa\u00e7\u00f5es sobre implementa\u00e7\u00e3o, fornecedores e principais fontes.&nbsp;<\/p>\n\n\n\n<p><\/p>\n\n\n\n<h2 class=\"wp-block-heading\"><mark style=\"background-color:rgba(0, 0, 0, 0);color:#fa3eb5\" class=\"has-inline-color\"><strong>Energia renov\u00e1vel: o que \u00e9?<\/strong>\u00a0<\/mark><\/h2>\n\n\n\n<p><\/p>\n\n\n\n<p>A energia renov\u00e1vel \u00e9 aquela originada de fontes naturais que s\u00e3o consideradas inesgot\u00e1veis ou que se regeneram ao longo do tempo, como a <a href=\"https:\/\/deltanews.com.br\/artigo\/energia-solar-fotovoltaica\" target=\"_blank\" rel=\"noreferrer noopener\">energia solar<\/a>, <a href=\"https:\/\/sualuz.com.br\/blog\/energia-eolica\" target=\"_blank\" rel=\"noreferrer noopener\">e\u00f3lica<\/a>, <a href=\"https:\/\/deltanews.com.br\/artigo\/usinas-hidreletricas-como-funcionam\" target=\"_blank\" rel=\"noreferrer noopener\">hidrel\u00e9trica<\/a>, <a href=\"https:\/\/deltanews.com.br\/artigo\/o-que-e-biomassa\" target=\"_blank\" rel=\"noreferrer noopener\">biomassa<\/a>, geot\u00e9rmica e <a href=\"https:\/\/www.sualuz.com.br\/blog\/a-energia-das-mares-conheca-a-maremotriz\" target=\"_blank\" rel=\"noreferrer noopener\">oce\u00e2nica<\/a>. O termo \u201cenergia renov\u00e1vel\u201d surgiu para designar essas fontes de energia que possuem um ciclo de renova\u00e7\u00e3o, ou seja, n\u00e3o se esgotam com o uso cont\u00ednuo.&nbsp;&nbsp;<\/p>\n\n\n\n<p>As energias renov\u00e1veis desempenham um papel importante na matriz energ\u00e9tica global. Atualmente, cerca de 80% da energia global e 66% da gera\u00e7\u00e3o el\u00e9trica s\u00e3o provenientes de combust\u00edveis f\u00f3sseis, contribuindo com aproximadamente 60% das emiss\u00f5es de gases de efeito estufa respons\u00e1veis pela mudan\u00e7a clim\u00e1tica. Por\u00e9m, estudos recentes mostram uma crescente ado\u00e7\u00e3o e investimento em energias renov\u00e1veis.&nbsp;&nbsp;<\/p>\n\n\n\n<p><\/p>\n\n\n\n<figure class=\"wp-block-image size-full\"><img fetchpriority=\"high\" decoding=\"async\" width=\"470\" height=\"315\" src=\"https:\/\/apiapp.sualuz.com.br\/wp\/wp-content\/uploads\/2024\/05\/shutterstock_1956229762.jpg\" alt=\"\" class=\"wp-image-4468\" srcset=\"https:\/\/sualuz.com.br\/blog\/wp-content\/uploads\/2024\/05\/shutterstock_1956229762.jpg 470w, https:\/\/sualuz.com.br\/blog\/wp-content\/uploads\/2024\/05\/shutterstock_1956229762-300x201.jpg 300w\" sizes=\"(max-width: 470px) 100vw, 470px\" \/><\/figure>\n\n\n\n<p><\/p>\n\n\n\n<h2 class=\"wp-block-heading\"><mark style=\"background-color:rgba(0, 0, 0, 0);color:#fa3eb5\" class=\"has-inline-color\"><strong>Como a sustentabilidade pode impulsionar PMEs<\/strong>\u00a0<\/mark><\/h2>\n\n\n\n<p><\/p>\n\n\n\n<p>As PMEs t\u00eam muito a ganhar ao adotar a energia renov\u00e1vel. Al\u00e9m de reduzir a pegada de carbono e contribuir com a preserva\u00e7\u00e3o do meio ambiente, a energia renov\u00e1vel pode trazer benef\u00edcios econ\u00f4micos substanciais para esses neg\u00f3cios.&nbsp;<\/p>\n\n\n\n<p>De acordo com um estudo da <a href=\"https:\/\/www.stanford.edu\/\" target=\"_blank\" rel=\"noreferrer noopener\">Universidade de Stanford<\/a>, a implementa\u00e7\u00e3o de solu\u00e7\u00f5es de energia renov\u00e1vel pode resultar em uma redu\u00e7\u00e3o significativa nos custos de eletricidade para pequenas e m\u00e9dias empresas. O estudo constatou que neg\u00f3cios que adotaram energia solar, por exemplo, tiveram uma redu\u00e7\u00e3o m\u00e9dia de 20% nos custos de energia.&nbsp;<\/p>\n\n\n\n<p>Essa economia pode ter um impacto direto na lucratividade das PMEs, permitindo que elas aloquem recursos adicionais para outras \u00e1reas do neg\u00f3cio, aumentando a produtividade.&nbsp;<\/p>\n\n\n\n<p>Al\u00e9m disso, investir em fontes de energia renov\u00e1vel pode ajudar as pequenas e m\u00e9dias empresas a melhorar sua reputa\u00e7\u00e3o entre os consumidores, especialmente aqueles comprometidos com a sustentabilidade. Essas pessoas t\u00eam maior probabilidade de apoiar empresas que adotam pr\u00e1ticas ambientalmente conscientes, o que pode se traduzir em aumento das vendas.&nbsp;<\/p>\n\n\n\n<p><\/p>\n\n\n\n<figure class=\"wp-block-image size-full\"><a href=\"https:\/\/sualuz.com.br\/?utm_source=blog&amp;utm_medium=banner&amp;utm_campaign=pme_energia_renovavel\"><img decoding=\"async\" width=\"1024\" height=\"256\" src=\"https:\/\/apiapp.sualuz.com.br\/wp\/wp-content\/uploads\/2024\/01\/Banner-ESG-textos-relacionados-a-sustentabilidade-meio-ambiente-sociedade-2.png\" alt=\"\" class=\"wp-image-4268\" srcset=\"https:\/\/sualuz.com.br\/blog\/wp-content\/uploads\/2024\/01\/Banner-ESG-textos-relacionados-a-sustentabilidade-meio-ambiente-sociedade-2.png 1024w, https:\/\/sualuz.com.br\/blog\/wp-content\/uploads\/2024\/01\/Banner-ESG-textos-relacionados-a-sustentabilidade-meio-ambiente-sociedade-2-300x75.png 300w, https:\/\/sualuz.com.br\/blog\/wp-content\/uploads\/2024\/01\/Banner-ESG-textos-relacionados-a-sustentabilidade-meio-ambiente-sociedade-2-768x192.png 768w\" sizes=\"(max-width: 1024px) 100vw, 1024px\" \/><\/a><\/figure>\n\n\n\n<p><\/p>\n\n\n\n<h2 class=\"wp-block-heading\"><mark style=\"background-color:rgba(0, 0, 0, 0);color:#fa3eb5\" class=\"has-inline-color\"><strong>Op\u00e7\u00f5es de energia renov\u00e1vel para PMEs<\/strong>\u00a0<\/mark><\/h2>\n\n\n\n<p><\/p>\n\n\n\n<p>Existem diversas op\u00e7\u00f5es de energia renov\u00e1vel que as PMEs podem considerar para satisfazer suas necessidades energ\u00e9ticas. Uma das alternativas mais populares \u00e9 a energia solar. Para os empres\u00e1rios que desejam alternativas \u00e0 instala\u00e7\u00e3o de pain\u00e9is, \u00e9 poss\u00edvel contar com empresas como a <a href=\"https:\/\/sualuz.com.br\/para-seu-negocio?utm_source=blog_delta&amp;utm_medium=social&amp;utm_campaign=blog_delta_\" target=\"_blank\" rel=\"noreferrer noopener\">LUZ<\/a>, que trabalha com <a href=\"https:\/\/sualuz.com.br\/blog\/geracao-distribuida\" target=\"_blank\" rel=\"noreferrer noopener\">gera\u00e7\u00e3o distribu\u00edda<\/a> para neg\u00f3cios e resid\u00eancias.&nbsp;<\/p>\n\n\n\n<p>Sem a necessidade de obras e investimentos iniciais, os consumidores conseguem economizar na fatura de energia mensal e ainda t\u00eam acesso aos dados de consumo em tempo real atrav\u00e9s de uma plataforma digital ou um app exclusivos.&nbsp;<\/p>\n\n\n\n<p>\u00c9 importante mencionar que PMEs podem considerar solu\u00e7\u00f5es de energia renov\u00e1vel por meio de contratos de energia verde no mercado livre. Essa modalidade permite que as empresas adquiram energia de fontes limpas, como solar e e\u00f3lica, diretamente de projetos espec\u00edficos, contribuindo para o crescimento do setor e reduzindo a pegada de carbono.&nbsp;<\/p>\n\n\n\n<p><\/p>\n\n\n\n<figure class=\"wp-block-image size-full\"><img decoding=\"async\" width=\"394\" height=\"315\" src=\"https:\/\/apiapp.sualuz.com.br\/wp\/wp-content\/uploads\/2024\/05\/shutterstock_572645767.jpg\" alt=\"\" class=\"wp-image-4469\" srcset=\"https:\/\/sualuz.com.br\/blog\/wp-content\/uploads\/2024\/05\/shutterstock_572645767.jpg 394w, https:\/\/sualuz.com.br\/blog\/wp-content\/uploads\/2024\/05\/shutterstock_572645767-300x240.jpg 300w\" sizes=\"(max-width: 394px) 100vw, 394px\" \/><\/figure>\n\n\n\n<p><\/p>\n\n\n\n<h2 class=\"wp-block-heading\"><mark style=\"background-color:rgba(0, 0, 0, 0);color:#fa3eb5\" class=\"has-inline-color\"><strong>Energia limpa para PMEs no Mercado Livre de Energia<\/strong>\u00a0<\/mark><\/h2>\n\n\n\n<p><\/p>\n\n\n\n<p>O mercado livre de energia oferece a possibilidade de escolher o fornecedor de energia e firmar contratos com base em fontes limpas, como solar, e\u00f3lica e biomassa. Segundo dados da <a href=\"https:\/\/www.ccee.org.br\/\" target=\"_blank\" rel=\"noreferrer noopener\">C\u00e2mara de Comercializa\u00e7\u00e3o de Energia El\u00e9trica (CCEE)<\/a>, esse ambiente de contrata\u00e7\u00e3o representa aproximadamente 30% do consumo total de energia no Brasil.&nbsp;<\/p>\n\n\n\n<p>Desde 1 de janeiro de 2024, PMEs passaram a poder migrar para o Ambiente de Contrata\u00e7\u00e3o Livre (ACL). Assim, a melhor alternativa para elas acessarem energias renov\u00e1veis no ACL \u00e9 atrav\u00e9s de empresas comercializadoras de energia. Essas companhias atuam como intermedi\u00e1rias entre os consumidores e os geradores de energia, oferecendo contratos customizados de acordo com as necessidades de cada cliente. Al\u00e9m disso, possuem expertise no mercado, acompanhando as tend\u00eancias e negociando pre\u00e7os competitivos.&nbsp;<\/p>\n\n\n\n<p>Com o crescimento da oferta e a diminui\u00e7\u00e3o dos custos das energias renov\u00e1veis no Brasil, tanto grandes empresas quanto PMEs t\u00eam agora a chance de adotar fontes mais sustent\u00e1veis de energia no <a href=\"https:\/\/deltanews.com.br\/artigo\/mercado-livre-de-energia-vantagens-de-migrar\" target=\"_blank\" rel=\"noreferrer noopener\">mercado livre de energia<\/a>. A busca por fornecedores confi\u00e1veis, a negocia\u00e7\u00e3o de contratos vantajosos e a participa\u00e7\u00e3o em iniciativas compartilhadas s\u00e3o caminhos promissores para as empresas que desejam ingressar nessa tend\u00eancia.&nbsp;<\/p>\n\n\n\n<p><\/p>\n\n\n\n<h2 class=\"wp-block-heading\"><mark style=\"background-color:rgba(0, 0, 0, 0);color:#fa3eb5\" class=\"has-inline-color\"><strong>Migrar para o mercado livre de energia com a LUZ<\/strong>\u00a0<\/mark><\/h2>\n\n\n\n<p><\/p>\n\n\n\n<p>Como falamos, PMEs j\u00e1 podem migrar para o mercado livre de energia. Para isso, \u00e9 necess\u00e1rio contar com o apoio de empresas especializadas que atuam como intermedi\u00e1rias entre os compradores e os geradores de energia renov\u00e1vel, auxiliando em todas as etapas necess\u00e1rias. Esse tamb\u00e9m \u00e9 o caso da <a href=\"https:\/\/www.sualuz.com.br\/\" target=\"_blank\" rel=\"noreferrer noopener\">LUZ<\/a>. A companhia pertence ao <a href=\"https:\/\/deltanews.com.br\/artigo\/grupo-delta-energia-conheca-a-historia-da-companhia\" target=\"_blank\" rel=\"noreferrer noopener\">Grupo Delta Energia<\/a>, com mais de 20 anos de experi\u00eancia no setor, e \u00e9 a primeira <a href=\"https:\/\/deltanews.com.br\/artigo\/fornecedores-de-energia-5-dicas-para-escolher-o-ideal-para-sua-empresa\" target=\"_blank\" rel=\"noreferrer noopener\">fornecedora<\/a> digital de energia do Brasil.&nbsp;&nbsp;&nbsp;<\/p>\n\n\n\n<p><a href=\"https:\/\/sualuz.com.br\/acl?utm_source=blog_delta&amp;utm_medium=social&amp;utm_campaign=blog_delta_\" target=\"_blank\" rel=\"noreferrer noopener\">Clique aqui<\/a> e saiba mais sobre como migrar com a LUZ.&nbsp;<\/p>\n","protected":false},"excerpt":{"rendered":"<p>Para as pequenas e m\u00e9dias empresas (PMEs), a transi\u00e7\u00e3o para fontes de energia renov\u00e1vel n\u00e3o s\u00f3 representa uma a\u00e7\u00e3o de responsabilidade social, mas tamb\u00e9m oferece benef\u00edcios econ\u00f4micos e competitivos.&nbsp; De acordo com dados divulgados pela Ag\u00eancia Internacional de Energia (IEA), o setor de energia renov\u00e1vel tem crescido rapidamente e deve fornecer cerca de 30% da [&hellip;]<\/p>\n","protected":false},"author":14,"featured_media":4466,"comment_status":"open","ping_status":"open","sticky":false,"template":"","format":"standard","meta":{"footnotes":""},"categories":[5],"tags":[],"class_list":["post-4460","post","type-post","status-publish","format-standard","has-post-thumbnail","hentry","category-energia"],"acf":{"post_title":"Energia renov\u00e1vel para pequenas e m\u00e9dias empresas\u00a0","post_description":"Veja como pequenas e m\u00e9dias empresas podem ter acesso \u00e0 energia renov\u00e1vel, fornecendo informa\u00e7\u00f5es sobre implementa\u00e7\u00e3o, fornecedores e principais fontes.","post_author":"Giovanna Dagnino","post_author_description":"Copywriter","post_author_image":4433,"post_image":4466},"yoast_head":"<!-- This site is optimized with the Yoast SEO plugin v26.8 - https:\/\/yoast.com\/product\/yoast-seo-wordpress\/ -->\n<title>Energia renov\u00e1vel para pequenas e m\u00e9dias empresas\u00a0 &#8226; LUZ<\/title>\n<meta name=\"description\" content=\"Para as PMEs, a transi\u00e7\u00e3o para fontes de energia renov\u00e1vel gera responsabilidade social e oferece benef\u00edcios econ\u00f4micos e competitivos.\" \/>\n<meta name=\"robots\" content=\"index, follow, max-snippet:-1, max-image-preview:large, max-video-preview:-1\" \/>\n<link rel=\"canonical\" href=\"https:\/\/sualuz.com.br\/blog\/energia-renovavel-pequena-media-empresa\/\" \/>\n<meta property=\"og:locale\" content=\"pt_BR\" \/>\n<meta property=\"og:type\" content=\"article\" \/>\n<meta property=\"og:title\" content=\"Energia renov\u00e1vel para pequenas e m\u00e9dias empresas\u00a0 &#8226; LUZ\" \/>\n<meta property=\"og:description\" content=\"Para as PMEs, a transi\u00e7\u00e3o para fontes de energia renov\u00e1vel gera responsabilidade social e oferece benef\u00edcios econ\u00f4micos e competitivos.\" \/>\n<meta property=\"og:url\" content=\"https:\/\/sualuz.com.br\/blog\/energia-renovavel-pequena-media-empresa\/\" \/>\n<meta property=\"og:site_name\" content=\"Luz\" \/>\n<meta property=\"article:published_time\" content=\"2026-01-20T19:22:00+00:00\" \/>\n<meta property=\"article:modified_time\" content=\"2026-03-12T12:31:04+00:00\" \/>\n<meta property=\"og:image\" content=\"https:\/\/sualuz.com.br\/blog\/wp-content\/uploads\/2024\/05\/pme-energia-renovavel-blog.jpg\" \/>\n\t<meta property=\"og:image:width\" content=\"733\" \/>\n\t<meta property=\"og:image:height\" content=\"420\" \/>\n\t<meta property=\"og:image:type\" content=\"image\/jpeg\" \/>\n<meta name=\"author\" content=\"Reda\u00e7\u00e3o Luz\" \/>\n<meta name=\"twitter:card\" content=\"summary_large_image\" \/>\n<meta name=\"twitter:label1\" content=\"Escrito por\" \/>\n\t<meta name=\"twitter:data1\" content=\"Reda\u00e7\u00e3o Luz\" \/>\n\t<meta name=\"twitter:label2\" content=\"Est. tempo de leitura\" \/>\n\t<meta name=\"twitter:data2\" content=\"6 minutos\" \/>\n<script type=\"application\/ld+json\" class=\"yoast-schema-graph\">{\"@context\":\"https:\/\/schema.org\",\"@graph\":[{\"@type\":\"Article\",\"@id\":\"https:\/\/sualuz.com.br\/blog\/energia-renovavel-pequena-media-empresa\/#article\",\"isPartOf\":{\"@id\":\"https:\/\/sualuz.com.br\/blog\/energia-renovavel-pequena-media-empresa\/\"},\"author\":{\"name\":\"Reda\u00e7\u00e3o Luz\",\"@id\":\"https:\/\/sualuz.com.br\/blog\/#\/schema\/person\/bbd73e4bf0b112afe9617925355b66a6\"},\"headline\":\"Energia renov\u00e1vel para pequenas e m\u00e9dias empresas\u00a0\",\"datePublished\":\"2026-01-20T19:22:00+00:00\",\"dateModified\":\"2026-03-12T12:31:04+00:00\",\"mainEntityOfPage\":{\"@id\":\"https:\/\/sualuz.com.br\/blog\/energia-renovavel-pequena-media-empresa\/\"},\"wordCount\":973,\"commentCount\":0,\"publisher\":{\"@id\":\"https:\/\/sualuz.com.br\/blog\/#organization\"},\"image\":{\"@id\":\"https:\/\/sualuz.com.br\/blog\/energia-renovavel-pequena-media-empresa\/#primaryimage\"},\"thumbnailUrl\":\"https:\/\/sualuz.com.br\/blog\/wp-content\/uploads\/2024\/05\/pme-energia-renovavel-blog.jpg\",\"articleSection\":[\"Energia\"],\"inLanguage\":\"pt-BR\",\"potentialAction\":[{\"@type\":\"CommentAction\",\"name\":\"Comment\",\"target\":[\"https:\/\/sualuz.com.br\/blog\/energia-renovavel-pequena-media-empresa\/#respond\"]}]},{\"@type\":\"WebPage\",\"@id\":\"https:\/\/sualuz.com.br\/blog\/energia-renovavel-pequena-media-empresa\/\",\"url\":\"https:\/\/sualuz.com.br\/blog\/energia-renovavel-pequena-media-empresa\/\",\"name\":\"Energia renov\u00e1vel para pequenas e m\u00e9dias empresas\u00a0 &#8226; LUZ\",\"isPartOf\":{\"@id\":\"https:\/\/sualuz.com.br\/blog\/#website\"},\"primaryImageOfPage\":{\"@id\":\"https:\/\/sualuz.com.br\/blog\/energia-renovavel-pequena-media-empresa\/#primaryimage\"},\"image\":{\"@id\":\"https:\/\/sualuz.com.br\/blog\/energia-renovavel-pequena-media-empresa\/#primaryimage\"},\"thumbnailUrl\":\"https:\/\/sualuz.com.br\/blog\/wp-content\/uploads\/2024\/05\/pme-energia-renovavel-blog.jpg\",\"datePublished\":\"2026-01-20T19:22:00+00:00\",\"dateModified\":\"2026-03-12T12:31:04+00:00\",\"description\":\"Para as PMEs, a transi\u00e7\u00e3o para fontes de energia renov\u00e1vel gera responsabilidade social e oferece benef\u00edcios econ\u00f4micos e competitivos.\",\"breadcrumb\":{\"@id\":\"https:\/\/sualuz.com.br\/blog\/energia-renovavel-pequena-media-empresa\/#breadcrumb\"},\"inLanguage\":\"pt-BR\",\"potentialAction\":[{\"@type\":\"ReadAction\",\"target\":[\"https:\/\/sualuz.com.br\/blog\/energia-renovavel-pequena-media-empresa\/\"]}]},{\"@type\":\"ImageObject\",\"inLanguage\":\"pt-BR\",\"@id\":\"https:\/\/sualuz.com.br\/blog\/energia-renovavel-pequena-media-empresa\/#primaryimage\",\"url\":\"https:\/\/sualuz.com.br\/blog\/wp-content\/uploads\/2024\/05\/pme-energia-renovavel-blog.jpg\",\"contentUrl\":\"https:\/\/sualuz.com.br\/blog\/wp-content\/uploads\/2024\/05\/pme-energia-renovavel-blog.jpg\",\"width\":733,\"height\":420},{\"@type\":\"BreadcrumbList\",\"@id\":\"https:\/\/sualuz.com.br\/blog\/energia-renovavel-pequena-media-empresa\/#breadcrumb\",\"itemListElement\":[{\"@type\":\"ListItem\",\"position\":1,\"name\":\"In\u00edcio\",\"item\":\"https:\/\/sualuz.com.br\/blog\/\"},{\"@type\":\"ListItem\",\"position\":2,\"name\":\"Energia renov\u00e1vel para pequenas e m\u00e9dias empresas\u00a0\"}]},{\"@type\":\"WebSite\",\"@id\":\"https:\/\/sualuz.com.br\/blog\/#website\",\"url\":\"https:\/\/sualuz.com.br\/blog\/\",\"name\":\"LUZ\",\"description\":\"\",\"publisher\":{\"@id\":\"https:\/\/sualuz.com.br\/blog\/#organization\"},\"potentialAction\":[{\"@type\":\"SearchAction\",\"target\":{\"@type\":\"EntryPoint\",\"urlTemplate\":\"https:\/\/sualuz.com.br\/blog\/?s={search_term_string}\"},\"query-input\":{\"@type\":\"PropertyValueSpecification\",\"valueRequired\":true,\"valueName\":\"search_term_string\"}}],\"inLanguage\":\"pt-BR\"},{\"@type\":\"Organization\",\"@id\":\"https:\/\/sualuz.com.br\/blog\/#organization\",\"name\":\"LUZ\",\"url\":\"https:\/\/sualuz.com.br\/blog\/\",\"logo\":{\"@type\":\"ImageObject\",\"inLanguage\":\"pt-BR\",\"@id\":\"https:\/\/sualuz.com.br\/blog\/#\/schema\/logo\/image\/\",\"url\":\"https:\/\/sualuz.com.br\/blog\/wp-content\/uploads\/2025\/01\/sua-luz-favicon-flat.png\",\"contentUrl\":\"https:\/\/sualuz.com.br\/blog\/wp-content\/uploads\/2025\/01\/sua-luz-favicon-flat.png\",\"width\":512,\"height\":512,\"caption\":\"LUZ\"},\"image\":{\"@id\":\"https:\/\/sualuz.com.br\/blog\/#\/schema\/logo\/image\/\"}},{\"@type\":\"Person\",\"@id\":\"https:\/\/sualuz.com.br\/blog\/#\/schema\/person\/bbd73e4bf0b112afe9617925355b66a6\",\"name\":\"Reda\u00e7\u00e3o Luz\",\"image\":{\"@type\":\"ImageObject\",\"inLanguage\":\"pt-BR\",\"@id\":\"https:\/\/sualuz.com.br\/blog\/#\/schema\/person\/image\/\",\"url\":\"https:\/\/secure.gravatar.com\/avatar\/ed5b5c3c1f38a53655478b5e2e41d120?s=96&d=mm&r=g\",\"contentUrl\":\"https:\/\/secure.gravatar.com\/avatar\/ed5b5c3c1f38a53655478b5e2e41d120?s=96&d=mm&r=g\",\"caption\":\"Reda\u00e7\u00e3o Luz\"},\"description\":\"A Reda\u00e7\u00e3o Luz \u00e9 a voz da primeira energytech 100% digital do Brasil. Nosso time de especialistas produz conte\u00fados focados em transformar a sua rela\u00e7\u00e3o com a energia, entregando informa\u00e7\u00e3o com a mesma transpar\u00eancia e seguran\u00e7a da nossa tecnologia. Aqui, unimos dados, inova\u00e7\u00e3o e sustentabilidade para trazer dicas pr\u00e1ticas de economia e previsibilidade, para sua casa ou empresa, empoderando voc\u00ea com a liberdade de escolha para assumir o controle total do seu consumo. Afinal, a nova energia do Brasil \u00e9 digital e simples.\",\"sameAs\":[\"https:\/\/sualuz.com.br\/\",\"https:\/\/www.instagram.com\/sualuz_oficial\/\",\"https:\/\/www.linkedin.com\/company\/sualuz\",\"https:\/\/www.youtube.com\/@sualuz\"],\"url\":\"https:\/\/sualuz.com.br\/blog\/author\/marketing-luz\/\"}]}<\/script>\n<!-- \/ Yoast SEO plugin. -->","yoast_head_json":{"title":"Energia renov\u00e1vel para pequenas e m\u00e9dias empresas\u00a0 &#8226; LUZ","description":"Para as PMEs, a transi\u00e7\u00e3o para fontes de energia renov\u00e1vel gera responsabilidade social e oferece benef\u00edcios econ\u00f4micos e competitivos.","robots":{"index":"index","follow":"follow","max-snippet":"max-snippet:-1","max-image-preview":"max-image-preview:large","max-video-preview":"max-video-preview:-1"},"canonical":"https:\/\/sualuz.com.br\/blog\/energia-renovavel-pequena-media-empresa\/","og_locale":"pt_BR","og_type":"article","og_title":"Energia renov\u00e1vel para pequenas e m\u00e9dias empresas\u00a0 &#8226; LUZ","og_description":"Para as PMEs, a transi\u00e7\u00e3o para fontes de energia renov\u00e1vel gera responsabilidade social e oferece benef\u00edcios econ\u00f4micos e competitivos.","og_url":"https:\/\/sualuz.com.br\/blog\/energia-renovavel-pequena-media-empresa\/","og_site_name":"Luz","article_published_time":"2026-01-20T19:22:00+00:00","article_modified_time":"2026-03-12T12:31:04+00:00","og_image":[{"width":733,"height":420,"url":"https:\/\/sualuz.com.br\/blog\/wp-content\/uploads\/2024\/05\/pme-energia-renovavel-blog.jpg","type":"image\/jpeg"}],"author":"Reda\u00e7\u00e3o Luz","twitter_card":"summary_large_image","twitter_misc":{"Escrito por":"Reda\u00e7\u00e3o Luz","Est. tempo de leitura":"6 minutos"},"schema":{"@context":"https:\/\/schema.org","@graph":[{"@type":"Article","@id":"https:\/\/sualuz.com.br\/blog\/energia-renovavel-pequena-media-empresa\/#article","isPartOf":{"@id":"https:\/\/sualuz.com.br\/blog\/energia-renovavel-pequena-media-empresa\/"},"author":{"name":"Reda\u00e7\u00e3o Luz","@id":"https:\/\/sualuz.com.br\/blog\/#\/schema\/person\/bbd73e4bf0b112afe9617925355b66a6"},"headline":"Energia renov\u00e1vel para pequenas e m\u00e9dias empresas\u00a0","datePublished":"2026-01-20T19:22:00+00:00","dateModified":"2026-03-12T12:31:04+00:00","mainEntityOfPage":{"@id":"https:\/\/sualuz.com.br\/blog\/energia-renovavel-pequena-media-empresa\/"},"wordCount":973,"commentCount":0,"publisher":{"@id":"https:\/\/sualuz.com.br\/blog\/#organization"},"image":{"@id":"https:\/\/sualuz.com.br\/blog\/energia-renovavel-pequena-media-empresa\/#primaryimage"},"thumbnailUrl":"https:\/\/sualuz.com.br\/blog\/wp-content\/uploads\/2024\/05\/pme-energia-renovavel-blog.jpg","articleSection":["Energia"],"inLanguage":"pt-BR","potentialAction":[{"@type":"CommentAction","name":"Comment","target":["https:\/\/sualuz.com.br\/blog\/energia-renovavel-pequena-media-empresa\/#respond"]}]},{"@type":"WebPage","@id":"https:\/\/sualuz.com.br\/blog\/energia-renovavel-pequena-media-empresa\/","url":"https:\/\/sualuz.com.br\/blog\/energia-renovavel-pequena-media-empresa\/","name":"Energia renov\u00e1vel para pequenas e m\u00e9dias empresas\u00a0 &#8226; LUZ","isPartOf":{"@id":"https:\/\/sualuz.com.br\/blog\/#website"},"primaryImageOfPage":{"@id":"https:\/\/sualuz.com.br\/blog\/energia-renovavel-pequena-media-empresa\/#primaryimage"},"image":{"@id":"https:\/\/sualuz.com.br\/blog\/energia-renovavel-pequena-media-empresa\/#primaryimage"},"thumbnailUrl":"https:\/\/sualuz.com.br\/blog\/wp-content\/uploads\/2024\/05\/pme-energia-renovavel-blog.jpg","datePublished":"2026-01-20T19:22:00+00:00","dateModified":"2026-03-12T12:31:04+00:00","description":"Para as PMEs, a transi\u00e7\u00e3o para fontes de energia renov\u00e1vel gera responsabilidade social e oferece benef\u00edcios econ\u00f4micos e competitivos.","breadcrumb":{"@id":"https:\/\/sualuz.com.br\/blog\/energia-renovavel-pequena-media-empresa\/#breadcrumb"},"inLanguage":"pt-BR","potentialAction":[{"@type":"ReadAction","target":["https:\/\/sualuz.com.br\/blog\/energia-renovavel-pequena-media-empresa\/"]}]},{"@type":"ImageObject","inLanguage":"pt-BR","@id":"https:\/\/sualuz.com.br\/blog\/energia-renovavel-pequena-media-empresa\/#primaryimage","url":"https:\/\/sualuz.com.br\/blog\/wp-content\/uploads\/2024\/05\/pme-energia-renovavel-blog.jpg","contentUrl":"https:\/\/sualuz.com.br\/blog\/wp-content\/uploads\/2024\/05\/pme-energia-renovavel-blog.jpg","width":733,"height":420},{"@type":"BreadcrumbList","@id":"https:\/\/sualuz.com.br\/blog\/energia-renovavel-pequena-media-empresa\/#breadcrumb","itemListElement":[{"@type":"ListItem","position":1,"name":"In\u00edcio","item":"https:\/\/sualuz.com.br\/blog\/"},{"@type":"ListItem","position":2,"name":"Energia renov\u00e1vel para pequenas e m\u00e9dias empresas\u00a0"}]},{"@type":"WebSite","@id":"https:\/\/sualuz.com.br\/blog\/#website","url":"https:\/\/sualuz.com.br\/blog\/","name":"LUZ","description":"","publisher":{"@id":"https:\/\/sualuz.com.br\/blog\/#organization"},"potentialAction":[{"@type":"SearchAction","target":{"@type":"EntryPoint","urlTemplate":"https:\/\/sualuz.com.br\/blog\/?s={search_term_string}"},"query-input":{"@type":"PropertyValueSpecification","valueRequired":true,"valueName":"search_term_string"}}],"inLanguage":"pt-BR"},{"@type":"Organization","@id":"https:\/\/sualuz.com.br\/blog\/#organization","name":"LUZ","url":"https:\/\/sualuz.com.br\/blog\/","logo":{"@type":"ImageObject","inLanguage":"pt-BR","@id":"https:\/\/sualuz.com.br\/blog\/#\/schema\/logo\/image\/","url":"https:\/\/sualuz.com.br\/blog\/wp-content\/uploads\/2025\/01\/sua-luz-favicon-flat.png","contentUrl":"https:\/\/sualuz.com.br\/blog\/wp-content\/uploads\/2025\/01\/sua-luz-favicon-flat.png","width":512,"height":512,"caption":"LUZ"},"image":{"@id":"https:\/\/sualuz.com.br\/blog\/#\/schema\/logo\/image\/"}},{"@type":"Person","@id":"https:\/\/sualuz.com.br\/blog\/#\/schema\/person\/bbd73e4bf0b112afe9617925355b66a6","name":"Reda\u00e7\u00e3o Luz","image":{"@type":"ImageObject","inLanguage":"pt-BR","@id":"https:\/\/sualuz.com.br\/blog\/#\/schema\/person\/image\/","url":"https:\/\/secure.gravatar.com\/avatar\/ed5b5c3c1f38a53655478b5e2e41d120?s=96&d=mm&r=g","contentUrl":"https:\/\/secure.gravatar.com\/avatar\/ed5b5c3c1f38a53655478b5e2e41d120?s=96&d=mm&r=g","caption":"Reda\u00e7\u00e3o Luz"},"description":"A Reda\u00e7\u00e3o Luz \u00e9 a voz da primeira energytech 100% digital do Brasil. Nosso time de especialistas produz conte\u00fados focados em transformar a sua rela\u00e7\u00e3o com a energia, entregando informa\u00e7\u00e3o com a mesma transpar\u00eancia e seguran\u00e7a da nossa tecnologia. Aqui, unimos dados, inova\u00e7\u00e3o e sustentabilidade para trazer dicas pr\u00e1ticas de economia e previsibilidade, para sua casa ou empresa, empoderando voc\u00ea com a liberdade de escolha para assumir o controle total do seu consumo. Afinal, a nova energia do Brasil \u00e9 digital e simples.","sameAs":["https:\/\/sualuz.com.br\/","https:\/\/www.instagram.com\/sualuz_oficial\/","https:\/\/www.linkedin.com\/company\/sualuz","https:\/\/www.youtube.com\/@sualuz"],"url":"https:\/\/sualuz.com.br\/blog\/author\/marketing-luz\/"}]}},"_links":{"self":[{"href":"https:\/\/sualuz.com.br\/blog\/wp-json\/wp\/v2\/posts\/4460","targetHints":{"allow":["GET"]}}],"collection":[{"href":"https:\/\/sualuz.com.br\/blog\/wp-json\/wp\/v2\/posts"}],"about":[{"href":"https:\/\/sualuz.com.br\/blog\/wp-json\/wp\/v2\/types\/post"}],"author":[{"embeddable":true,"href":"https:\/\/sualuz.com.br\/blog\/wp-json\/wp\/v2\/users\/14"}],"replies":[{"embeddable":true,"href":"https:\/\/sualuz.com.br\/blog\/wp-json\/wp\/v2\/comments?post=4460"}],"version-history":[{"count":8,"href":"https:\/\/sualuz.com.br\/blog\/wp-json\/wp\/v2\/posts\/4460\/revisions"}],"predecessor-version":[{"id":4473,"href":"https:\/\/sualuz.com.br\/blog\/wp-json\/wp\/v2\/posts\/4460\/revisions\/4473"}],"wp:featuredmedia":[{"embeddable":true,"href":"https:\/\/sualuz.com.br\/blog\/wp-json\/wp\/v2\/media\/4466"}],"wp:attachment":[{"href":"https:\/\/sualuz.com.br\/blog\/wp-json\/wp\/v2\/media?parent=4460"}],"wp:term":[{"taxonomy":"category","embeddable":true,"href":"https:\/\/sualuz.com.br\/blog\/wp-json\/wp\/v2\/categories?post=4460"},{"taxonomy":"post_tag","embeddable":true,"href":"https:\/\/sualuz.com.br\/blog\/wp-json\/wp\/v2\/tags?post=4460"}],"curies":[{"name":"wp","href":"https:\/\/api.w.org\/{rel}","templated":true}]}}