{"id":4238,"date":"2026-02-17T16:48:00","date_gmt":"2026-02-17T19:48:00","guid":{"rendered":"https:\/\/3.236.142.92\/?p=4238"},"modified":"2026-03-12T09:30:33","modified_gmt":"2026-03-12T12:30:33","slug":"quem-e-a-luz-no-mercado-de-energia","status":"publish","type":"post","link":"https:\/\/sualuz.com.br\/blog\/quem-e-a-luz-no-mercado-de-energia\/","title":{"rendered":"Quem \u00e9 a LUZ no Mercado de Energia?\u00a0"},"content":{"rendered":"\n<p><\/p>\n\n\n\n<p>A rela\u00e7\u00e3o entre as pessoas e a energia \u00e9 intensa e fundamental para o funcionamento da sociedade moderna. Desde o simples ato de acender uma l\u00e2mpada at\u00e9 o uso de dispositivos eletr\u00f4nicos avan\u00e7ados, a energia permeia todos os aspectos de nossas vidas. Para entender melhor essa rela\u00e7\u00e3o, basta ficar sem luz em casa ou no trabalho para ver a nossa necessidade e depend\u00eancia do setor el\u00e9trico como um todo.&nbsp;<\/p>\n\n\n\n<p>No entanto, essa intera\u00e7\u00e3o vai al\u00e9m do simples consumo. Ela envolve tamb\u00e9m quest\u00f5es ambientais, necessidade de economia, conscientiza\u00e7\u00e3o sobre o uso eficiente e a busca por fontes mais sustent\u00e1veis.&nbsp;&nbsp;<\/p>\n\n\n\n<p>\u00c9 dentro desta complexa teia de conex\u00f5es entre as pessoas e a energia, explorando como essa rela\u00e7\u00e3o molda nossa rotina di\u00e1ria, impacta o meio ambiente e, cada vez mais, influencia as escolhas individuais e coletivas em busca de um futuro mais sustent\u00e1vel, que nasceu a <a href=\"https:\/\/sualuz.com.br\/?utm_source=blog&amp;utm_medium=texto&amp;utm_campaign=quem_%C3%A9_a_luz_no_mercado_energia\" target=\"_blank\" rel=\"noreferrer noopener\">LUZ<\/a>.&nbsp;<\/p>\n\n\n\n<p><\/p>\n\n\n\n<h2 class=\"wp-block-heading\"><mark style=\"background-color:rgba(0, 0, 0, 0);color:#fa3eb5\" class=\"has-inline-color\"><strong>Afinal, o que \u00e9 a LUZ?<\/strong>\u00a0<\/mark><\/h2>\n\n\n\n<p><\/p>\n\n\n\n<p>A LUZ \u00e9 uma empresa de energia, que utiliza o conhecimento de mercado com tecnologia para trazer solu\u00e7\u00f5es sustent\u00e1veis e econ\u00f4micas para todos os tipos de consumidores. Ela \u00e9 conhecida por ser uma fornecedora digital porque seus processos est\u00e3o entrela\u00e7ados com a tecnologia e a <a href=\"https:\/\/sualuz.com.br\/blog\/o-que-e-a-internet-das-coisas\" target=\"_blank\" rel=\"noreferrer noopener\">internet das coisas<\/a>.&nbsp;<\/p>\n\n\n\n<p>Fundada em 2022, a LUZ faz parte de um dos maiores grupos do setor el\u00e9trico do pa\u00eds: o Grupo Delta. Para se ter uma dimens\u00e3o do seu tamanho, s\u00e3o mais de 22 anos atuando como protagonista no mercado de energia, sendo respons\u00e1vel por transacionar quase&nbsp;8% de toda energia do Brasil.&nbsp;<\/p>\n\n\n\n<p>Com apoio de uma empresa s\u00f3lida, a<strong> LUZ<\/strong> nasce com uma miss\u00e3o muito clara: <strong>simplificar a rela\u00e7\u00e3o das pessoas com a energia, desde o jeito de comprar<\/strong>, controlar, at\u00e9 pagar o&nbsp;pelo consumo de energia el\u00e9trica.<\/p>\n\n\n\n<p><\/p>\n\n\n\n<figure class=\"wp-block-image size-full\"><a href=\"https:\/\/sualuz.com.br\/simulacao?utm_source=blog&amp;utm_medium=banner&amp;utm_campaign=quem_e_a_luz_no_mercado_energia\"><img fetchpriority=\"high\" decoding=\"async\" width=\"1024\" height=\"256\" src=\"https:\/\/apiapp.sualuz.com.br\/wp\/wp-content\/uploads\/2023\/12\/Banner-ESG-textos-relacionados-a-sustentabilidade-meio-ambiente-sociedade-2-3.png\" alt=\"\" class=\"wp-image-4239\" srcset=\"https:\/\/sualuz.com.br\/blog\/wp-content\/uploads\/2023\/12\/Banner-ESG-textos-relacionados-a-sustentabilidade-meio-ambiente-sociedade-2-3.png 1024w, https:\/\/sualuz.com.br\/blog\/wp-content\/uploads\/2023\/12\/Banner-ESG-textos-relacionados-a-sustentabilidade-meio-ambiente-sociedade-2-3-300x75.png 300w, https:\/\/sualuz.com.br\/blog\/wp-content\/uploads\/2023\/12\/Banner-ESG-textos-relacionados-a-sustentabilidade-meio-ambiente-sociedade-2-3-768x192.png 768w\" sizes=\"(max-width: 1024px) 100vw, 1024px\" \/><\/a><\/figure>\n\n\n\n<p><\/p>\n\n\n\n<h2 class=\"wp-block-heading\"><mark style=\"background-color:rgba(0, 0, 0, 0);color:#fa3eb5\" class=\"has-inline-color\"><strong>Como \u00e9 a atua\u00e7\u00e3o da LUZ no mercado de energia?<\/strong>\u00a0<\/mark><\/h2>\n\n\n\n<p><\/p>\n\n\n\n<p>A LUZ \u00e9 uma empresa que atende todos os tipos de consumidor, seja ele Pessoa F\u00edsica em casas e apartamentos, ou Pessoa Jur\u00eddica, que vai desde os pequenos com\u00e9rcios locais como padarias, lojas de bairros, postos de gasolinas at\u00e9 grandes empresas. Atendemos quem est\u00e1 conectado em baixa, m\u00e9dia ou alta tens\u00e3o. &nbsp;<\/p>\n\n\n\n<p>Produzimos energia renov\u00e1vel atrav\u00e9s de nossas fazendas solares e direcionamos essa eletricidade para as distribuidoras, contribuindo com a sustentabilidade e efici\u00eancia energ\u00e9tica no planeta.&nbsp;<\/p>\n\n\n\n<p>Nosso objetivo \u00e9 ser a melhor op\u00e7\u00e3o de escolha para quem quer fugir do monop\u00f3lio das distribuidoras, dando acesso \u00e0 energia mais barata, 100% renov\u00e1vel, sem a necessidade de investimentos e obras.<\/p>\n\n\n\n<p><\/p>\n\n\n\n<h2 class=\"wp-block-heading\"><strong><mark style=\"background-color:rgba(0, 0, 0, 0);color:#fa3eb5\" class=\"has-inline-color\">Diferenciais da LUZ no Mercado de Energia<\/mark><\/strong><\/h2>\n\n\n\n<p><\/p>\n\n\n\n<p><strong>Transpar\u00eancia e Controle:<\/strong> A LUZ proporciona aos consumidores transpar\u00eancia total sobre o consumo de energia, permitindo um controle mais efetivo e consciente por meio de um aplicativo que simplifica a maneira de se relacionar com a energia.&nbsp;<\/p>\n\n\n\n<p><strong>Efici\u00eancia Energ\u00e9tica:<\/strong> Com solu\u00e7\u00f5es inteligentes, a LUZ auxilia na gest\u00e3o eficiente do consumo, contribuindo para a redu\u00e7\u00e3o de desperd\u00edcios e otimiza\u00e7\u00e3o dos recursos.&nbsp;<\/p>\n\n\n\n<p><strong>Participa\u00e7\u00e3o no Mercado Livre de Energia:<\/strong> A LUZ possibilita que consumidores acessem o Mercado Livre de Energia, oferecendo op\u00e7\u00f5es de contrata\u00e7\u00e3o mais flex\u00edveis e adaptadas \u00e0s necessidades espec\u00edficas.&nbsp;<\/p>\n\n\n\n<p><strong>Fontes Renov\u00e1veis:<\/strong> Comprometida com a sustentabilidade, a LUZ promove o uso de fontes renov\u00e1veis de energia, alinhando-se a pr\u00e1ticas mais amig\u00e1veis ao meio ambiente.&nbsp;<\/p>\n\n\n\n<p><strong>Redu\u00e7\u00e3o de Custos:<\/strong> Com estrat\u00e9gias personalizadas, a LUZ visa reduzir os custos de energia para seus consumidores, proporcionando uma economia mensal no bolso de cada cliente.&nbsp;<\/p>\n\n\n\n<p><strong>Inova\u00e7\u00e3o e Tecnologia:<\/strong> A empresa utiliza tecnologias avan\u00e7adas para oferecer solu\u00e7\u00f5es inovadoras, mantendo-se na vanguarda do setor de energia. A cria\u00e7\u00e3o de um medidor inteligente exclusivo, conectado a um sistema de intelig\u00eancia artificial, traz informa\u00e7\u00f5es detalhadas sobre seu consumo em tempo real.&nbsp;<\/p>\n\n\n\n<p><\/p>\n\n\n\n<figure class=\"wp-block-image size-large is-resized\"><img decoding=\"async\" src=\"https:\/\/apiapp.sualuz.com.br\/wp\/wp-content\/uploads\/2022\/10\/Banners_blog_Medidor-inteligente-de-energia-1024x299.jpg\" alt=\"medidor inteligente de energia\" class=\"wp-image-1846\" width=\"596\" height=\"174\" srcset=\"https:\/\/sualuz.com.br\/blog\/wp-content\/uploads\/2022\/10\/Banners_blog_Medidor-inteligente-de-energia-1024x299.jpg 1024w, https:\/\/sualuz.com.br\/blog\/wp-content\/uploads\/2022\/10\/Banners_blog_Medidor-inteligente-de-energia-300x88.jpg 300w, https:\/\/sualuz.com.br\/blog\/wp-content\/uploads\/2022\/10\/Banners_blog_Medidor-inteligente-de-energia-768x224.jpg 768w, https:\/\/sualuz.com.br\/blog\/wp-content\/uploads\/2022\/10\/Banners_blog_Medidor-inteligente-de-energia-1536x448.jpg 1536w, https:\/\/sualuz.com.br\/blog\/wp-content\/uploads\/2022\/10\/Banners_blog_Medidor-inteligente-de-energia-1200x350.jpg 1200w, https:\/\/sualuz.com.br\/blog\/wp-content\/uploads\/2022\/10\/Banners_blog_Medidor-inteligente-de-energia.jpg 1920w\" sizes=\"(max-width: 596px) 100vw, 596px\" \/><\/figure>\n\n\n\n<p><\/p>\n\n\n\n<h2 class=\"wp-block-heading\"><mark style=\"background-color:rgba(0, 0, 0, 0);color:#fa3eb5\" class=\"has-inline-color\"><strong>Por que escolher a LUZ?<\/strong>\u00a0<\/mark><\/h2>\n\n\n\n<p><\/p>\n\n\n\n<p>Escolher a LUZ como sua fornecedora de energia garante uma s\u00e9rie de vantagens e diferenciais, diferente do que voc\u00ea est\u00e1 acostumado a ter com a sua atual distribuidora.&nbsp;&nbsp;<\/p>\n\n\n\n<p>Formada pela energia de um time incr\u00edvel, a LUZ <strong>busca diariamente melhorar<\/strong> a forma como as pessoas se relacionam com a <strong>energia<\/strong>, oferecendo:&nbsp;<\/p>\n\n\n\n<ul class=\"wp-block-list\">\n<li>Controle do consumo em tempo real, via aplicativo;&nbsp;<\/li>\n\n\n\n<li>Mais transpar\u00eancia com previsibilidade dos gastos ao longo do m\u00eas;&nbsp;<\/li>\n\n\n\n<li>Desconto mensal na conta de energia;&nbsp;<\/li>\n\n\n\n<li>Sem obras e investimentos;&nbsp;<\/li>\n\n\n\n<li>Compromisso com a sustentabilidade e o meio ambiente com energia 100% renov\u00e1vel;&nbsp;<\/li>\n\n\n\n<li>Mais liberdade dentro de um setor tradicional;&nbsp;<\/li>\n\n\n\n<li>Atendimento humanizado;&nbsp;<\/li>\n\n\n\n<li>Acesso \u00e0 inova\u00e7\u00e3o e tecnologias do mercado por meio de um <strong>medidor inteligente<\/strong>.&nbsp;<\/li>\n<\/ul>\n\n\n\n<p><a href=\"https:\/\/sualuz.com.br\/?utm_source=blog&amp;utm_medium=texto&amp;utm_campaign=quem_%C3%A9_a_luz_no_mercado_energia\" target=\"_blank\" rel=\"noreferrer noopener\">Conhe\u00e7a mais sobre a LUZ<\/a> e como ela pode te ajudar diariamente, seja na sua resid\u00eancia ou na sua empresa.&nbsp;&nbsp;<\/p>\n","protected":false},"excerpt":{"rendered":"<p>A rela\u00e7\u00e3o entre as pessoas e a energia \u00e9 intensa e fundamental para o funcionamento da sociedade moderna. Desde o simples ato de acender uma l\u00e2mpada at\u00e9 o uso de dispositivos eletr\u00f4nicos avan\u00e7ados, a energia permeia todos os aspectos de nossas vidas. Para entender melhor essa rela\u00e7\u00e3o, basta ficar sem luz em casa ou no [&hellip;]<\/p>\n","protected":false},"author":14,"featured_media":1044,"comment_status":"open","ping_status":"open","sticky":false,"template":"","format":"standard","meta":{"footnotes":""},"categories":[6,5,4],"tags":[],"class_list":["post-4238","post","type-post","status-publish","format-standard","has-post-thumbnail","hentry","category-dia-a-dia","category-energia","category-tecnologia"],"acf":{"post_title":"Quem \u00e9 a LUZ no Mercado de Energia?","post_description":"Conhe\u00e7a um pouco mais sobre a LUZ e como suas solu\u00e7\u00f5es impactam positivamente o mercado de energia e a vida das pessoas","post_author":"Gian Bariani","post_author_description":"Copywriter e Analista SEO ","post_author_image":3801,"post_image":1044},"yoast_head":"<!-- This site is optimized with the Yoast SEO plugin v26.8 - https:\/\/yoast.com\/product\/yoast-seo-wordpress\/ -->\n<title>Quem \u00e9 a LUZ no Mercado de Energia?\u00a0 &#8226; LUZ<\/title>\n<meta name=\"description\" content=\"A LUZ \u00e9 uma empresa de energia, que utiliza o conhecimento e a tecnologia para trazer solu\u00e7\u00f5es sustent\u00e1veis e econ\u00f4micas para consumidores.\" \/>\n<meta name=\"robots\" content=\"index, follow, max-snippet:-1, max-image-preview:large, max-video-preview:-1\" \/>\n<link rel=\"canonical\" href=\"https:\/\/sualuz.com.br\/blog\/quem-e-a-luz-no-mercado-de-energia\/\" \/>\n<meta property=\"og:locale\" content=\"pt_BR\" \/>\n<meta property=\"og:type\" content=\"article\" \/>\n<meta property=\"og:title\" content=\"Quem \u00e9 a LUZ no Mercado de Energia?\u00a0 &#8226; LUZ\" \/>\n<meta property=\"og:description\" content=\"A LUZ \u00e9 uma empresa de energia, que utiliza o conhecimento e a tecnologia para trazer solu\u00e7\u00f5es sustent\u00e1veis e econ\u00f4micas para consumidores.\" \/>\n<meta property=\"og:url\" content=\"https:\/\/sualuz.com.br\/blog\/quem-e-a-luz-no-mercado-de-energia\/\" \/>\n<meta property=\"og:site_name\" content=\"Luz\" \/>\n<meta property=\"article:published_time\" content=\"2026-02-17T19:48:00+00:00\" \/>\n<meta property=\"article:modified_time\" content=\"2026-03-12T12:30:33+00:00\" \/>\n<meta property=\"og:image\" content=\"https:\/\/sualuz.com.br\/blog\/wp-content\/uploads\/2022\/05\/logo-luz.png\" \/>\n\t<meta property=\"og:image:width\" content=\"239\" \/>\n\t<meta property=\"og:image:height\" content=\"238\" \/>\n\t<meta property=\"og:image:type\" content=\"image\/png\" \/>\n<meta name=\"author\" content=\"Reda\u00e7\u00e3o Luz\" \/>\n<meta name=\"twitter:card\" content=\"summary_large_image\" \/>\n<meta name=\"twitter:label1\" content=\"Escrito por\" \/>\n\t<meta name=\"twitter:data1\" content=\"Reda\u00e7\u00e3o Luz\" \/>\n\t<meta name=\"twitter:label2\" content=\"Est. tempo de leitura\" \/>\n\t<meta name=\"twitter:data2\" content=\"5 minutos\" \/>\n<script type=\"application\/ld+json\" class=\"yoast-schema-graph\">{\"@context\":\"https:\/\/schema.org\",\"@graph\":[{\"@type\":\"Article\",\"@id\":\"https:\/\/sualuz.com.br\/blog\/quem-e-a-luz-no-mercado-de-energia\/#article\",\"isPartOf\":{\"@id\":\"https:\/\/sualuz.com.br\/blog\/quem-e-a-luz-no-mercado-de-energia\/\"},\"author\":{\"name\":\"Reda\u00e7\u00e3o Luz\",\"@id\":\"https:\/\/sualuz.com.br\/blog\/#\/schema\/person\/bbd73e4bf0b112afe9617925355b66a6\"},\"headline\":\"Quem \u00e9 a LUZ no Mercado de Energia?\u00a0\",\"datePublished\":\"2026-02-17T19:48:00+00:00\",\"dateModified\":\"2026-03-12T12:30:33+00:00\",\"mainEntityOfPage\":{\"@id\":\"https:\/\/sualuz.com.br\/blog\/quem-e-a-luz-no-mercado-de-energia\/\"},\"wordCount\":826,\"commentCount\":0,\"publisher\":{\"@id\":\"https:\/\/sualuz.com.br\/blog\/#organization\"},\"image\":{\"@id\":\"https:\/\/sualuz.com.br\/blog\/quem-e-a-luz-no-mercado-de-energia\/#primaryimage\"},\"thumbnailUrl\":\"https:\/\/sualuz.com.br\/blog\/wp-content\/uploads\/2022\/05\/logo-luz.png\",\"articleSection\":[\"Dia a dia\",\"Energia\",\"Tecnologia\"],\"inLanguage\":\"pt-BR\",\"potentialAction\":[{\"@type\":\"CommentAction\",\"name\":\"Comment\",\"target\":[\"https:\/\/sualuz.com.br\/blog\/quem-e-a-luz-no-mercado-de-energia\/#respond\"]}]},{\"@type\":\"WebPage\",\"@id\":\"https:\/\/sualuz.com.br\/blog\/quem-e-a-luz-no-mercado-de-energia\/\",\"url\":\"https:\/\/sualuz.com.br\/blog\/quem-e-a-luz-no-mercado-de-energia\/\",\"name\":\"Quem \u00e9 a LUZ no Mercado de Energia?\u00a0 &#8226; LUZ\",\"isPartOf\":{\"@id\":\"https:\/\/sualuz.com.br\/blog\/#website\"},\"primaryImageOfPage\":{\"@id\":\"https:\/\/sualuz.com.br\/blog\/quem-e-a-luz-no-mercado-de-energia\/#primaryimage\"},\"image\":{\"@id\":\"https:\/\/sualuz.com.br\/blog\/quem-e-a-luz-no-mercado-de-energia\/#primaryimage\"},\"thumbnailUrl\":\"https:\/\/sualuz.com.br\/blog\/wp-content\/uploads\/2022\/05\/logo-luz.png\",\"datePublished\":\"2026-02-17T19:48:00+00:00\",\"dateModified\":\"2026-03-12T12:30:33+00:00\",\"description\":\"A LUZ \u00e9 uma empresa de energia, que utiliza o conhecimento e a tecnologia para trazer solu\u00e7\u00f5es sustent\u00e1veis e econ\u00f4micas para consumidores.\",\"breadcrumb\":{\"@id\":\"https:\/\/sualuz.com.br\/blog\/quem-e-a-luz-no-mercado-de-energia\/#breadcrumb\"},\"inLanguage\":\"pt-BR\",\"potentialAction\":[{\"@type\":\"ReadAction\",\"target\":[\"https:\/\/sualuz.com.br\/blog\/quem-e-a-luz-no-mercado-de-energia\/\"]}]},{\"@type\":\"ImageObject\",\"inLanguage\":\"pt-BR\",\"@id\":\"https:\/\/sualuz.com.br\/blog\/quem-e-a-luz-no-mercado-de-energia\/#primaryimage\",\"url\":\"https:\/\/sualuz.com.br\/blog\/wp-content\/uploads\/2022\/05\/logo-luz.png\",\"contentUrl\":\"https:\/\/sualuz.com.br\/blog\/wp-content\/uploads\/2022\/05\/logo-luz.png\",\"width\":239,\"height\":238},{\"@type\":\"BreadcrumbList\",\"@id\":\"https:\/\/sualuz.com.br\/blog\/quem-e-a-luz-no-mercado-de-energia\/#breadcrumb\",\"itemListElement\":[{\"@type\":\"ListItem\",\"position\":1,\"name\":\"In\u00edcio\",\"item\":\"https:\/\/sualuz.com.br\/blog\/\"},{\"@type\":\"ListItem\",\"position\":2,\"name\":\"Quem \u00e9 a LUZ no Mercado de Energia?\u00a0\"}]},{\"@type\":\"WebSite\",\"@id\":\"https:\/\/sualuz.com.br\/blog\/#website\",\"url\":\"https:\/\/sualuz.com.br\/blog\/\",\"name\":\"LUZ\",\"description\":\"\",\"publisher\":{\"@id\":\"https:\/\/sualuz.com.br\/blog\/#organization\"},\"potentialAction\":[{\"@type\":\"SearchAction\",\"target\":{\"@type\":\"EntryPoint\",\"urlTemplate\":\"https:\/\/sualuz.com.br\/blog\/?s={search_term_string}\"},\"query-input\":{\"@type\":\"PropertyValueSpecification\",\"valueRequired\":true,\"valueName\":\"search_term_string\"}}],\"inLanguage\":\"pt-BR\"},{\"@type\":\"Organization\",\"@id\":\"https:\/\/sualuz.com.br\/blog\/#organization\",\"name\":\"LUZ\",\"url\":\"https:\/\/sualuz.com.br\/blog\/\",\"logo\":{\"@type\":\"ImageObject\",\"inLanguage\":\"pt-BR\",\"@id\":\"https:\/\/sualuz.com.br\/blog\/#\/schema\/logo\/image\/\",\"url\":\"https:\/\/sualuz.com.br\/blog\/wp-content\/uploads\/2025\/01\/sua-luz-favicon-flat.png\",\"contentUrl\":\"https:\/\/sualuz.com.br\/blog\/wp-content\/uploads\/2025\/01\/sua-luz-favicon-flat.png\",\"width\":512,\"height\":512,\"caption\":\"LUZ\"},\"image\":{\"@id\":\"https:\/\/sualuz.com.br\/blog\/#\/schema\/logo\/image\/\"}},{\"@type\":\"Person\",\"@id\":\"https:\/\/sualuz.com.br\/blog\/#\/schema\/person\/bbd73e4bf0b112afe9617925355b66a6\",\"name\":\"Reda\u00e7\u00e3o Luz\",\"image\":{\"@type\":\"ImageObject\",\"inLanguage\":\"pt-BR\",\"@id\":\"https:\/\/sualuz.com.br\/blog\/#\/schema\/person\/image\/\",\"url\":\"https:\/\/secure.gravatar.com\/avatar\/ed5b5c3c1f38a53655478b5e2e41d120?s=96&d=mm&r=g\",\"contentUrl\":\"https:\/\/secure.gravatar.com\/avatar\/ed5b5c3c1f38a53655478b5e2e41d120?s=96&d=mm&r=g\",\"caption\":\"Reda\u00e7\u00e3o Luz\"},\"description\":\"A Reda\u00e7\u00e3o Luz \u00e9 a voz da primeira energytech 100% digital do Brasil. Nosso time de especialistas produz conte\u00fados focados em transformar a sua rela\u00e7\u00e3o com a energia, entregando informa\u00e7\u00e3o com a mesma transpar\u00eancia e seguran\u00e7a da nossa tecnologia. Aqui, unimos dados, inova\u00e7\u00e3o e sustentabilidade para trazer dicas pr\u00e1ticas de economia e previsibilidade, para sua casa ou empresa, empoderando voc\u00ea com a liberdade de escolha para assumir o controle total do seu consumo. Afinal, a nova energia do Brasil \u00e9 digital e simples.\",\"sameAs\":[\"https:\/\/sualuz.com.br\/\",\"https:\/\/www.instagram.com\/sualuz_oficial\/\",\"https:\/\/www.linkedin.com\/company\/sualuz\",\"https:\/\/www.youtube.com\/@sualuz\"],\"url\":\"https:\/\/sualuz.com.br\/blog\/author\/marketing-luz\/\"}]}<\/script>\n<!-- \/ Yoast SEO plugin. -->","yoast_head_json":{"title":"Quem \u00e9 a LUZ no Mercado de Energia?\u00a0 &#8226; LUZ","description":"A LUZ \u00e9 uma empresa de energia, que utiliza o conhecimento e a tecnologia para trazer solu\u00e7\u00f5es sustent\u00e1veis e econ\u00f4micas para consumidores.","robots":{"index":"index","follow":"follow","max-snippet":"max-snippet:-1","max-image-preview":"max-image-preview:large","max-video-preview":"max-video-preview:-1"},"canonical":"https:\/\/sualuz.com.br\/blog\/quem-e-a-luz-no-mercado-de-energia\/","og_locale":"pt_BR","og_type":"article","og_title":"Quem \u00e9 a LUZ no Mercado de Energia?\u00a0 &#8226; LUZ","og_description":"A LUZ \u00e9 uma empresa de energia, que utiliza o conhecimento e a tecnologia para trazer solu\u00e7\u00f5es sustent\u00e1veis e econ\u00f4micas para consumidores.","og_url":"https:\/\/sualuz.com.br\/blog\/quem-e-a-luz-no-mercado-de-energia\/","og_site_name":"Luz","article_published_time":"2026-02-17T19:48:00+00:00","article_modified_time":"2026-03-12T12:30:33+00:00","og_image":[{"width":239,"height":238,"url":"https:\/\/sualuz.com.br\/blog\/wp-content\/uploads\/2022\/05\/logo-luz.png","type":"image\/png"}],"author":"Reda\u00e7\u00e3o Luz","twitter_card":"summary_large_image","twitter_misc":{"Escrito por":"Reda\u00e7\u00e3o Luz","Est. tempo de leitura":"5 minutos"},"schema":{"@context":"https:\/\/schema.org","@graph":[{"@type":"Article","@id":"https:\/\/sualuz.com.br\/blog\/quem-e-a-luz-no-mercado-de-energia\/#article","isPartOf":{"@id":"https:\/\/sualuz.com.br\/blog\/quem-e-a-luz-no-mercado-de-energia\/"},"author":{"name":"Reda\u00e7\u00e3o Luz","@id":"https:\/\/sualuz.com.br\/blog\/#\/schema\/person\/bbd73e4bf0b112afe9617925355b66a6"},"headline":"Quem \u00e9 a LUZ no Mercado de Energia?\u00a0","datePublished":"2026-02-17T19:48:00+00:00","dateModified":"2026-03-12T12:30:33+00:00","mainEntityOfPage":{"@id":"https:\/\/sualuz.com.br\/blog\/quem-e-a-luz-no-mercado-de-energia\/"},"wordCount":826,"commentCount":0,"publisher":{"@id":"https:\/\/sualuz.com.br\/blog\/#organization"},"image":{"@id":"https:\/\/sualuz.com.br\/blog\/quem-e-a-luz-no-mercado-de-energia\/#primaryimage"},"thumbnailUrl":"https:\/\/sualuz.com.br\/blog\/wp-content\/uploads\/2022\/05\/logo-luz.png","articleSection":["Dia a dia","Energia","Tecnologia"],"inLanguage":"pt-BR","potentialAction":[{"@type":"CommentAction","name":"Comment","target":["https:\/\/sualuz.com.br\/blog\/quem-e-a-luz-no-mercado-de-energia\/#respond"]}]},{"@type":"WebPage","@id":"https:\/\/sualuz.com.br\/blog\/quem-e-a-luz-no-mercado-de-energia\/","url":"https:\/\/sualuz.com.br\/blog\/quem-e-a-luz-no-mercado-de-energia\/","name":"Quem \u00e9 a LUZ no Mercado de Energia?\u00a0 &#8226; LUZ","isPartOf":{"@id":"https:\/\/sualuz.com.br\/blog\/#website"},"primaryImageOfPage":{"@id":"https:\/\/sualuz.com.br\/blog\/quem-e-a-luz-no-mercado-de-energia\/#primaryimage"},"image":{"@id":"https:\/\/sualuz.com.br\/blog\/quem-e-a-luz-no-mercado-de-energia\/#primaryimage"},"thumbnailUrl":"https:\/\/sualuz.com.br\/blog\/wp-content\/uploads\/2022\/05\/logo-luz.png","datePublished":"2026-02-17T19:48:00+00:00","dateModified":"2026-03-12T12:30:33+00:00","description":"A LUZ \u00e9 uma empresa de energia, que utiliza o conhecimento e a tecnologia para trazer solu\u00e7\u00f5es sustent\u00e1veis e econ\u00f4micas para consumidores.","breadcrumb":{"@id":"https:\/\/sualuz.com.br\/blog\/quem-e-a-luz-no-mercado-de-energia\/#breadcrumb"},"inLanguage":"pt-BR","potentialAction":[{"@type":"ReadAction","target":["https:\/\/sualuz.com.br\/blog\/quem-e-a-luz-no-mercado-de-energia\/"]}]},{"@type":"ImageObject","inLanguage":"pt-BR","@id":"https:\/\/sualuz.com.br\/blog\/quem-e-a-luz-no-mercado-de-energia\/#primaryimage","url":"https:\/\/sualuz.com.br\/blog\/wp-content\/uploads\/2022\/05\/logo-luz.png","contentUrl":"https:\/\/sualuz.com.br\/blog\/wp-content\/uploads\/2022\/05\/logo-luz.png","width":239,"height":238},{"@type":"BreadcrumbList","@id":"https:\/\/sualuz.com.br\/blog\/quem-e-a-luz-no-mercado-de-energia\/#breadcrumb","itemListElement":[{"@type":"ListItem","position":1,"name":"In\u00edcio","item":"https:\/\/sualuz.com.br\/blog\/"},{"@type":"ListItem","position":2,"name":"Quem \u00e9 a LUZ no Mercado de Energia?\u00a0"}]},{"@type":"WebSite","@id":"https:\/\/sualuz.com.br\/blog\/#website","url":"https:\/\/sualuz.com.br\/blog\/","name":"LUZ","description":"","publisher":{"@id":"https:\/\/sualuz.com.br\/blog\/#organization"},"potentialAction":[{"@type":"SearchAction","target":{"@type":"EntryPoint","urlTemplate":"https:\/\/sualuz.com.br\/blog\/?s={search_term_string}"},"query-input":{"@type":"PropertyValueSpecification","valueRequired":true,"valueName":"search_term_string"}}],"inLanguage":"pt-BR"},{"@type":"Organization","@id":"https:\/\/sualuz.com.br\/blog\/#organization","name":"LUZ","url":"https:\/\/sualuz.com.br\/blog\/","logo":{"@type":"ImageObject","inLanguage":"pt-BR","@id":"https:\/\/sualuz.com.br\/blog\/#\/schema\/logo\/image\/","url":"https:\/\/sualuz.com.br\/blog\/wp-content\/uploads\/2025\/01\/sua-luz-favicon-flat.png","contentUrl":"https:\/\/sualuz.com.br\/blog\/wp-content\/uploads\/2025\/01\/sua-luz-favicon-flat.png","width":512,"height":512,"caption":"LUZ"},"image":{"@id":"https:\/\/sualuz.com.br\/blog\/#\/schema\/logo\/image\/"}},{"@type":"Person","@id":"https:\/\/sualuz.com.br\/blog\/#\/schema\/person\/bbd73e4bf0b112afe9617925355b66a6","name":"Reda\u00e7\u00e3o Luz","image":{"@type":"ImageObject","inLanguage":"pt-BR","@id":"https:\/\/sualuz.com.br\/blog\/#\/schema\/person\/image\/","url":"https:\/\/secure.gravatar.com\/avatar\/ed5b5c3c1f38a53655478b5e2e41d120?s=96&d=mm&r=g","contentUrl":"https:\/\/secure.gravatar.com\/avatar\/ed5b5c3c1f38a53655478b5e2e41d120?s=96&d=mm&r=g","caption":"Reda\u00e7\u00e3o Luz"},"description":"A Reda\u00e7\u00e3o Luz \u00e9 a voz da primeira energytech 100% digital do Brasil. Nosso time de especialistas produz conte\u00fados focados em transformar a sua rela\u00e7\u00e3o com a energia, entregando informa\u00e7\u00e3o com a mesma transpar\u00eancia e seguran\u00e7a da nossa tecnologia. Aqui, unimos dados, inova\u00e7\u00e3o e sustentabilidade para trazer dicas pr\u00e1ticas de economia e previsibilidade, para sua casa ou empresa, empoderando voc\u00ea com a liberdade de escolha para assumir o controle total do seu consumo. Afinal, a nova energia do Brasil \u00e9 digital e simples.","sameAs":["https:\/\/sualuz.com.br\/","https:\/\/www.instagram.com\/sualuz_oficial\/","https:\/\/www.linkedin.com\/company\/sualuz","https:\/\/www.youtube.com\/@sualuz"],"url":"https:\/\/sualuz.com.br\/blog\/author\/marketing-luz\/"}]}},"_links":{"self":[{"href":"https:\/\/sualuz.com.br\/blog\/wp-json\/wp\/v2\/posts\/4238","targetHints":{"allow":["GET"]}}],"collection":[{"href":"https:\/\/sualuz.com.br\/blog\/wp-json\/wp\/v2\/posts"}],"about":[{"href":"https:\/\/sualuz.com.br\/blog\/wp-json\/wp\/v2\/types\/post"}],"author":[{"embeddable":true,"href":"https:\/\/sualuz.com.br\/blog\/wp-json\/wp\/v2\/users\/14"}],"replies":[{"embeddable":true,"href":"https:\/\/sualuz.com.br\/blog\/wp-json\/wp\/v2\/comments?post=4238"}],"version-history":[{"count":4,"href":"https:\/\/sualuz.com.br\/blog\/wp-json\/wp\/v2\/posts\/4238\/revisions"}],"predecessor-version":[{"id":4693,"href":"https:\/\/sualuz.com.br\/blog\/wp-json\/wp\/v2\/posts\/4238\/revisions\/4693"}],"wp:featuredmedia":[{"embeddable":true,"href":"https:\/\/sualuz.com.br\/blog\/wp-json\/wp\/v2\/media\/1044"}],"wp:attachment":[{"href":"https:\/\/sualuz.com.br\/blog\/wp-json\/wp\/v2\/media?parent=4238"}],"wp:term":[{"taxonomy":"category","embeddable":true,"href":"https:\/\/sualuz.com.br\/blog\/wp-json\/wp\/v2\/categories?post=4238"},{"taxonomy":"post_tag","embeddable":true,"href":"https:\/\/sualuz.com.br\/blog\/wp-json\/wp\/v2\/tags?post=4238"}],"curies":[{"name":"wp","href":"https:\/\/api.w.org\/{rel}","templated":true}]}}