{"id":3913,"date":"2026-02-12T16:46:00","date_gmt":"2026-02-12T19:46:00","guid":{"rendered":"https:\/\/3.236.142.92\/?p=3913"},"modified":"2026-03-12T09:30:33","modified_gmt":"2026-03-12T12:30:33","slug":"qual-e-a-relacao-entre-energia-e-a-sustentabilidade","status":"publish","type":"post","link":"https:\/\/sualuz.com.br\/blog\/qual-e-a-relacao-entre-energia-e-a-sustentabilidade\/","title":{"rendered":"Qual \u00e9 a rela\u00e7\u00e3o entre Energia e a Sustentabilidade?\u00a0"},"content":{"rendered":"\n<p>Em um mundo em constante evolu\u00e7\u00e3o, nossa rela\u00e7\u00e3o com a energia se transformou em uma pe\u00e7a central para a nossa exist\u00eancia. A eletricidade ilumina nossas casas, alimenta nossos dispositivos e impulsiona nossa vida cotidiana. No entanto, essa conex\u00e3o intensa com a energia tamb\u00e9m desencadeou quest\u00f5es fundamentais sobre sustentabilidade e responsabilidade ambiental. &nbsp;<br>&nbsp;<br>Afinal, como devemos continuar progredindo com o nosso desenvolvimento enquanto mantemos nosso compromisso com um planeta saud\u00e1vel? &nbsp;<br>&nbsp;<br>Vamos explorar aqui as necessidades energ\u00e9ticas da humanidade e a busca cont\u00ednua pela sustentabilidade, descobrindo como podemos, juntos, moldar um futuro mais brilhante e ambientalmente consciente.&nbsp;<\/p>\n\n\n\n<h2 class=\"wp-block-heading\"><mark style=\"background-color:rgba(0, 0, 0, 0);color:#fa3eb5\" class=\"has-inline-color\"><strong>A energia no dia a dia<\/strong>\u00a0<\/mark><\/h2>\n\n\n\n<p>\u00c9 comum muitas coisas passarem despercebidas no nosso cotidiano, ainda mais com os dias t\u00e3o intensos e cheios que vivemos atualmente. A nossa conviv\u00eancia com a energia est\u00e1 inserida nesse contexto. \u00c9 t\u00e3o natural nosso relacionamento com a energia el\u00e9trica que s\u00f3 notamos ela quando ela acaba ou quando chega sua conta no fim do m\u00eas.&nbsp;<\/p>\n\n\n\n<figure class=\"wp-block-image size-full\"><img fetchpriority=\"high\" decoding=\"async\" width=\"550\" height=\"315\" src=\"https:\/\/apiapp.sualuz.com.br\/wp\/wp-content\/uploads\/2023\/10\/shutterstock_2064527462-1.jpg\" alt=\"\" class=\"wp-image-3917\" srcset=\"https:\/\/sualuz.com.br\/blog\/wp-content\/uploads\/2023\/10\/shutterstock_2064527462-1.jpg 550w, https:\/\/sualuz.com.br\/blog\/wp-content\/uploads\/2023\/10\/shutterstock_2064527462-1-300x172.jpg 300w\" sizes=\"(max-width: 550px) 100vw, 550px\" \/><\/figure>\n\n\n\n<p>Pode parecer engra\u00e7ado, mas \u00e9 a realidade. Segundo um levantamento feito pela <a href=\"https:\/\/www.gov.br\/aneel\/pt-br\" target=\"_blank\" rel=\"noreferrer noopener\">Ag\u00eancia Nacional de Energia El\u00e9trica (ANEEL)<\/a>, o consumo m\u00e9dio dos brasileiros vem crescendo ano a ano. S\u00f3 no primeiro semestre de 2023, o aumento foi de 1,4%. Existem estimativas que o consumo energ\u00e9tico deve crescer ainda mais at\u00e9 2040.&nbsp;<br>&nbsp;<br>Pensando nesse aumento de consumo, come\u00e7amos a criar la\u00e7os com assuntos que preocupam o meio ambiente, isso porque a gera\u00e7\u00e3o de energia pode trazer preju\u00edzos ao planeta. Assim, o uso de fontes alternativas se transformou numa tend\u00eancia mundial: utilizar recursos renov\u00e1veis para refor\u00e7ar o conceito mundial de sustentabilidade.&nbsp;<\/p>\n\n\n\n<figure class=\"wp-block-image size-full\"><a href=\"https:\/\/sualuz.com.br\/?utm_source=blog&amp;utm_medium=banner&amp;utm_campaign=Qual_%C3%A9_a_rela%C3%A7%C3%A3o_entre_energia_e_a_sustentabilidade_%3F#simulador\"><img decoding=\"async\" width=\"1024\" height=\"256\" src=\"https:\/\/apiapp.sualuz.com.br\/wp\/wp-content\/uploads\/2023\/10\/Banner-ESG-textos-relacionados-a-sustentabilidade-meio-ambiente-sociedade-2-1.png\" alt=\"\" class=\"wp-image-3919\" srcset=\"https:\/\/sualuz.com.br\/blog\/wp-content\/uploads\/2023\/10\/Banner-ESG-textos-relacionados-a-sustentabilidade-meio-ambiente-sociedade-2-1.png 1024w, https:\/\/sualuz.com.br\/blog\/wp-content\/uploads\/2023\/10\/Banner-ESG-textos-relacionados-a-sustentabilidade-meio-ambiente-sociedade-2-1-300x75.png 300w, https:\/\/sualuz.com.br\/blog\/wp-content\/uploads\/2023\/10\/Banner-ESG-textos-relacionados-a-sustentabilidade-meio-ambiente-sociedade-2-1-768x192.png 768w\" sizes=\"(max-width: 1024px) 100vw, 1024px\" \/><\/a><\/figure>\n\n\n\n<h2 class=\"wp-block-heading\"><mark style=\"background-color:rgba(0, 0, 0, 0);color:#fa3eb5\" class=\"has-inline-color\"><strong>O que \u00e9 a sustentabilidade?<\/strong>\u00a0<\/mark><\/h2>\n\n\n\n<p>A sustentabilidade representa a preocupa\u00e7\u00e3o fundamental de promover o desenvolvimento das sociedades enquanto protege o meio ambiente e todos os recursos existentes nele. Trata-se de um equil\u00edbrio, onde a prosperidade presente n\u00e3o pode comprometer o bem-estar futuro.&nbsp;<br>&nbsp;<br>Os h\u00e1bitos sustent\u00e1veis de consumo s\u00e3o considerados a principal oportunidade de garantir um mundo melhor para o futuro. Felizmente, mais pessoas est\u00e3o adotando um estilo de vida sustent\u00e1vel, escolhendo produtos ecol\u00f3gicos, reduzindo o consumo para gerar menos res\u00edduos e explorando fontes alternativas de energia.&nbsp;<\/p>\n\n\n\n<figure class=\"wp-block-image size-full\"><img decoding=\"async\" width=\"550\" height=\"315\" src=\"https:\/\/apiapp.sualuz.com.br\/wp\/wp-content\/uploads\/2023\/10\/shutterstock_2201000683-1.jpg\" alt=\"\" class=\"wp-image-3916\" srcset=\"https:\/\/sualuz.com.br\/blog\/wp-content\/uploads\/2023\/10\/shutterstock_2201000683-1.jpg 550w, https:\/\/sualuz.com.br\/blog\/wp-content\/uploads\/2023\/10\/shutterstock_2201000683-1-300x172.jpg 300w\" sizes=\"(max-width: 550px) 100vw, 550px\" \/><\/figure>\n\n\n\n<p>&nbsp;<br>&nbsp;<br>Dito isso, voc\u00ea j\u00e1 come\u00e7ou a entender a rela\u00e7\u00e3o entre energia e sustentabilidade?&nbsp;&nbsp;&nbsp;<\/p>\n\n\n\n<h2 class=\"wp-block-heading\"><mark style=\"background-color:rgba(0, 0, 0, 0);color:#fa3eb5\" class=\"has-inline-color\"><strong>Energia e Sustentabilidade: uma uni\u00e3o necess\u00e1ria<\/strong>\u00a0<\/mark><\/h2>\n\n\n\n<p>Quando falamos de sustentabilidade e energia, estamos falando sobre o uso de fontes limpas e renov\u00e1veis capazes de gerar eletricidade. Isso significa que essas fontes n\u00e3o causam polui\u00e7\u00e3o quando usadas e se reabastecem naturalmente. Algumas delas s\u00e3o:&nbsp;<\/p>\n\n\n\n<ul class=\"wp-block-list\">\n<li>Energia solar: Transforma a luz do sol em eletricidade.&nbsp;<\/li>\n\n\n\n<li>Energia e\u00f3lica: Usa a for\u00e7a dos ventos para gerar energia.&nbsp;<\/li>\n<\/ul>\n\n\n\n<ul class=\"wp-block-list\">\n<li>Energia maremotriz: Aproveita o movimento das \u00e1guas dos mares e oceanos.&nbsp;<\/li>\n\n\n\n<li>Energia hidrel\u00e9trica: Usa a for\u00e7a das correntes de \u00e1gua doce, como rios.&nbsp;<\/li>\n\n\n\n<li>Biomassa: Utiliza materiais org\u00e2nicos para produzir energia.&nbsp;<\/li>\n<\/ul>\n\n\n\n<p class=\"has-small-font-size\">Mas nem todas as fontes de recursos naturais s\u00e3o sustent\u00e1veis. O petr\u00f3leo e o carv\u00e3o s\u00e3o exemplos de recursos finitos e respons\u00e1veis por poluir o meio ambiente.\u00a0<br>\u00a0<br>Hoje, o Brasil tem 86,1% da sua oferta interna entregue por fontes renov\u00e1veis, conforme a aponta o <a href=\"https:\/\/www.epe.gov.br\/sites-pt\/publicacoes-dados-abertos\/publicacoes\/PublicacoesArquivos\/publicacao-748\/topico-687\/BEN2023.pdf\" target=\"_blank\" rel=\"noreferrer noopener\">Balan\u00e7o Energ\u00e9tico Nacional de 2023<\/a>, da Empresa de Pesquisa Energ\u00e9tica (EPE).\u00a0<br>\u00a0<br><img loading=\"lazy\" decoding=\"async\" width=\"400\" height=\"353\" class=\"wp-image-3929\" style=\"width: 400px;\" src=\"https:\/\/apiapp.sualuz.com.br\/wp\/wp-content\/uploads\/2023\/10\/031023_V1_GraficoBlog_02.png\" alt=\"\" srcset=\"https:\/\/sualuz.com.br\/blog\/wp-content\/uploads\/2023\/10\/031023_V1_GraficoBlog_02.png 550w, https:\/\/sualuz.com.br\/blog\/wp-content\/uploads\/2023\/10\/031023_V1_GraficoBlog_02-300x265.png 300w\" sizes=\"(max-width: 400px) 100vw, 400px\" \/><\/p>\n\n\n\n<p>Por outro lado, a gera\u00e7\u00e3o mundial de energia ainda \u00e9 dominada pelas fontes n\u00e3o renov\u00e1veis, correspondendo a 82% do total, segundo o \u00faltimo <a href=\"https:\/\/kpmg.com\/xx\/en\/home\/insights\/2023\/06\/statistical-review-of-world-energy-2023.html\" target=\"_blank\" rel=\"noreferrer noopener\">Relat\u00f3rio Estat\u00edstico Mundial de Energia de 2023<\/a>.&nbsp;<br>&nbsp;<br>Esses n\u00fameros mostram que ainda estamos um pouco distantes do que \u00e9 necess\u00e1rio para um mundo sustent\u00e1vel. Isso refor\u00e7a a necessidade de unir a\u00e7\u00f5es \u00e0s pr\u00e1ticas sustent\u00e1veis no nosso dia a dia.&nbsp; &nbsp;<br>&nbsp;<br>O setor de energia \u00e9 um dos principais exemplos para o desenvolvimento das pr\u00e1ticas sustent\u00e1veis no planeta. A uni\u00e3o entre energia e sustentabilidade dentro do mercado impacta diretamente na redu\u00e7\u00e3o de carbono na atmosfera (consequentemente reduz o efeito estufa), diminui\u00e7\u00e3o da polui\u00e7\u00e3o nas cidades, redu\u00e7\u00e3o dos impactos na natureza, al\u00e9m de movimentar a economia, gerar mais oportunidades e desenvolver o acesso \u00e0 energia para todos.&nbsp;<br>&nbsp;<br>Portanto, a sustentabilidade e a energia devem caminhar sempre lado a lado, ampliando o papel nas quest\u00f5es sociais, econ\u00f4micas e ambientais.&nbsp;&nbsp;<\/p>\n","protected":false},"excerpt":{"rendered":"<p>Em um mundo em constante evolu\u00e7\u00e3o, nossa rela\u00e7\u00e3o com a energia se transformou em uma pe\u00e7a central para a nossa exist\u00eancia. A eletricidade ilumina nossas casas, alimenta nossos dispositivos e impulsiona nossa vida cotidiana. No entanto, essa conex\u00e3o intensa com a energia tamb\u00e9m desencadeou quest\u00f5es fundamentais sobre sustentabilidade e responsabilidade ambiental. &nbsp;&nbsp;Afinal, como devemos continuar [&hellip;]<\/p>\n","protected":false},"author":14,"featured_media":3918,"comment_status":"open","ping_status":"open","sticky":false,"template":"","format":"standard","meta":{"footnotes":""},"categories":[5],"tags":[],"class_list":["post-3913","post","type-post","status-publish","format-standard","has-post-thumbnail","hentry","category-energia"],"acf":{"post_title":"Qual \u00e9 a rela\u00e7\u00e3o entre energia e a sustentabilidade?","post_description":"A energia e sustentabilidade podem caminhar lado a lado e servem como ponto de equil\u00edbrio entre os recursos naturais e o que consumimos.","post_author":"Gian Bariani","post_author_description":"Redator e Analista SEO","post_author_image":3801,"post_image":3918},"yoast_head":"<!-- This site is optimized with the Yoast SEO plugin v26.8 - https:\/\/yoast.com\/product\/yoast-seo-wordpress\/ -->\n<title>Qual \u00e9 a rela\u00e7\u00e3o entre Energia e a Sustentabilidade?\u00a0 &#8226; LUZ<\/title>\n<meta name=\"description\" content=\"A energia e sustentabilidade podem caminhar lado a lado e servem como ponto de equil\u00edbrio entre os recursos naturais e o que consumimos.\" \/>\n<meta name=\"robots\" content=\"index, follow, max-snippet:-1, max-image-preview:large, max-video-preview:-1\" \/>\n<link rel=\"canonical\" href=\"https:\/\/sualuz.com.br\/blog\/qual-e-a-relacao-entre-energia-e-a-sustentabilidade\/\" \/>\n<meta property=\"og:locale\" content=\"pt_BR\" \/>\n<meta property=\"og:type\" content=\"article\" \/>\n<meta property=\"og:title\" content=\"Qual \u00e9 a rela\u00e7\u00e3o entre Energia e a Sustentabilidade?\u00a0 &#8226; LUZ\" \/>\n<meta property=\"og:description\" content=\"A energia e sustentabilidade podem caminhar lado a lado e servem como ponto de equil\u00edbrio entre os recursos naturais e o que consumimos.\" \/>\n<meta property=\"og:url\" content=\"https:\/\/sualuz.com.br\/blog\/qual-e-a-relacao-entre-energia-e-a-sustentabilidade\/\" \/>\n<meta property=\"og:site_name\" content=\"Luz\" \/>\n<meta property=\"article:published_time\" content=\"2026-02-12T19:46:00+00:00\" \/>\n<meta property=\"article:modified_time\" content=\"2026-03-12T12:30:33+00:00\" \/>\n<meta property=\"og:image\" content=\"https:\/\/sualuz.com.br\/blog\/wp-content\/uploads\/2023\/10\/Sem-Titulo-5.png\" \/>\n\t<meta property=\"og:image:width\" content=\"550\" \/>\n\t<meta property=\"og:image:height\" content=\"315\" \/>\n\t<meta property=\"og:image:type\" content=\"image\/png\" \/>\n<meta name=\"author\" content=\"Reda\u00e7\u00e3o Luz\" \/>\n<meta name=\"twitter:card\" content=\"summary_large_image\" \/>\n<meta name=\"twitter:label1\" content=\"Escrito por\" \/>\n\t<meta name=\"twitter:data1\" content=\"Reda\u00e7\u00e3o Luz\" \/>\n\t<meta name=\"twitter:label2\" content=\"Est. tempo de leitura\" \/>\n\t<meta name=\"twitter:data2\" content=\"5 minutos\" \/>\n<script type=\"application\/ld+json\" class=\"yoast-schema-graph\">{\"@context\":\"https:\/\/schema.org\",\"@graph\":[{\"@type\":\"Article\",\"@id\":\"https:\/\/sualuz.com.br\/blog\/qual-e-a-relacao-entre-energia-e-a-sustentabilidade\/#article\",\"isPartOf\":{\"@id\":\"https:\/\/sualuz.com.br\/blog\/qual-e-a-relacao-entre-energia-e-a-sustentabilidade\/\"},\"author\":{\"name\":\"Reda\u00e7\u00e3o Luz\",\"@id\":\"https:\/\/sualuz.com.br\/blog\/#\/schema\/person\/bbd73e4bf0b112afe9617925355b66a6\"},\"headline\":\"Qual \u00e9 a rela\u00e7\u00e3o entre Energia e a Sustentabilidade?\u00a0\",\"datePublished\":\"2026-02-12T19:46:00+00:00\",\"dateModified\":\"2026-03-12T12:30:33+00:00\",\"mainEntityOfPage\":{\"@id\":\"https:\/\/sualuz.com.br\/blog\/qual-e-a-relacao-entre-energia-e-a-sustentabilidade\/\"},\"wordCount\":757,\"commentCount\":0,\"publisher\":{\"@id\":\"https:\/\/sualuz.com.br\/blog\/#organization\"},\"image\":{\"@id\":\"https:\/\/sualuz.com.br\/blog\/qual-e-a-relacao-entre-energia-e-a-sustentabilidade\/#primaryimage\"},\"thumbnailUrl\":\"https:\/\/sualuz.com.br\/blog\/wp-content\/uploads\/2023\/10\/Sem-Titulo-5.png\",\"articleSection\":[\"Energia\"],\"inLanguage\":\"pt-BR\",\"potentialAction\":[{\"@type\":\"CommentAction\",\"name\":\"Comment\",\"target\":[\"https:\/\/sualuz.com.br\/blog\/qual-e-a-relacao-entre-energia-e-a-sustentabilidade\/#respond\"]}]},{\"@type\":\"WebPage\",\"@id\":\"https:\/\/sualuz.com.br\/blog\/qual-e-a-relacao-entre-energia-e-a-sustentabilidade\/\",\"url\":\"https:\/\/sualuz.com.br\/blog\/qual-e-a-relacao-entre-energia-e-a-sustentabilidade\/\",\"name\":\"Qual \u00e9 a rela\u00e7\u00e3o entre Energia e a Sustentabilidade?\u00a0 &#8226; LUZ\",\"isPartOf\":{\"@id\":\"https:\/\/sualuz.com.br\/blog\/#website\"},\"primaryImageOfPage\":{\"@id\":\"https:\/\/sualuz.com.br\/blog\/qual-e-a-relacao-entre-energia-e-a-sustentabilidade\/#primaryimage\"},\"image\":{\"@id\":\"https:\/\/sualuz.com.br\/blog\/qual-e-a-relacao-entre-energia-e-a-sustentabilidade\/#primaryimage\"},\"thumbnailUrl\":\"https:\/\/sualuz.com.br\/blog\/wp-content\/uploads\/2023\/10\/Sem-Titulo-5.png\",\"datePublished\":\"2026-02-12T19:46:00+00:00\",\"dateModified\":\"2026-03-12T12:30:33+00:00\",\"description\":\"A energia e sustentabilidade podem caminhar lado a lado e servem como ponto de equil\u00edbrio entre os recursos naturais e o que consumimos.\",\"breadcrumb\":{\"@id\":\"https:\/\/sualuz.com.br\/blog\/qual-e-a-relacao-entre-energia-e-a-sustentabilidade\/#breadcrumb\"},\"inLanguage\":\"pt-BR\",\"potentialAction\":[{\"@type\":\"ReadAction\",\"target\":[\"https:\/\/sualuz.com.br\/blog\/qual-e-a-relacao-entre-energia-e-a-sustentabilidade\/\"]}]},{\"@type\":\"ImageObject\",\"inLanguage\":\"pt-BR\",\"@id\":\"https:\/\/sualuz.com.br\/blog\/qual-e-a-relacao-entre-energia-e-a-sustentabilidade\/#primaryimage\",\"url\":\"https:\/\/sualuz.com.br\/blog\/wp-content\/uploads\/2023\/10\/Sem-Titulo-5.png\",\"contentUrl\":\"https:\/\/sualuz.com.br\/blog\/wp-content\/uploads\/2023\/10\/Sem-Titulo-5.png\",\"width\":550,\"height\":315},{\"@type\":\"BreadcrumbList\",\"@id\":\"https:\/\/sualuz.com.br\/blog\/qual-e-a-relacao-entre-energia-e-a-sustentabilidade\/#breadcrumb\",\"itemListElement\":[{\"@type\":\"ListItem\",\"position\":1,\"name\":\"In\u00edcio\",\"item\":\"https:\/\/sualuz.com.br\/blog\/\"},{\"@type\":\"ListItem\",\"position\":2,\"name\":\"Qual \u00e9 a rela\u00e7\u00e3o entre Energia e a Sustentabilidade?\u00a0\"}]},{\"@type\":\"WebSite\",\"@id\":\"https:\/\/sualuz.com.br\/blog\/#website\",\"url\":\"https:\/\/sualuz.com.br\/blog\/\",\"name\":\"LUZ\",\"description\":\"\",\"publisher\":{\"@id\":\"https:\/\/sualuz.com.br\/blog\/#organization\"},\"potentialAction\":[{\"@type\":\"SearchAction\",\"target\":{\"@type\":\"EntryPoint\",\"urlTemplate\":\"https:\/\/sualuz.com.br\/blog\/?s={search_term_string}\"},\"query-input\":{\"@type\":\"PropertyValueSpecification\",\"valueRequired\":true,\"valueName\":\"search_term_string\"}}],\"inLanguage\":\"pt-BR\"},{\"@type\":\"Organization\",\"@id\":\"https:\/\/sualuz.com.br\/blog\/#organization\",\"name\":\"LUZ\",\"url\":\"https:\/\/sualuz.com.br\/blog\/\",\"logo\":{\"@type\":\"ImageObject\",\"inLanguage\":\"pt-BR\",\"@id\":\"https:\/\/sualuz.com.br\/blog\/#\/schema\/logo\/image\/\",\"url\":\"https:\/\/sualuz.com.br\/blog\/wp-content\/uploads\/2025\/01\/sua-luz-favicon-flat.png\",\"contentUrl\":\"https:\/\/sualuz.com.br\/blog\/wp-content\/uploads\/2025\/01\/sua-luz-favicon-flat.png\",\"width\":512,\"height\":512,\"caption\":\"LUZ\"},\"image\":{\"@id\":\"https:\/\/sualuz.com.br\/blog\/#\/schema\/logo\/image\/\"}},{\"@type\":\"Person\",\"@id\":\"https:\/\/sualuz.com.br\/blog\/#\/schema\/person\/bbd73e4bf0b112afe9617925355b66a6\",\"name\":\"Reda\u00e7\u00e3o Luz\",\"image\":{\"@type\":\"ImageObject\",\"inLanguage\":\"pt-BR\",\"@id\":\"https:\/\/sualuz.com.br\/blog\/#\/schema\/person\/image\/\",\"url\":\"https:\/\/secure.gravatar.com\/avatar\/ed5b5c3c1f38a53655478b5e2e41d120?s=96&d=mm&r=g\",\"contentUrl\":\"https:\/\/secure.gravatar.com\/avatar\/ed5b5c3c1f38a53655478b5e2e41d120?s=96&d=mm&r=g\",\"caption\":\"Reda\u00e7\u00e3o Luz\"},\"description\":\"A Reda\u00e7\u00e3o Luz \u00e9 a voz da primeira energytech 100% digital do Brasil. Nosso time de especialistas produz conte\u00fados focados em transformar a sua rela\u00e7\u00e3o com a energia, entregando informa\u00e7\u00e3o com a mesma transpar\u00eancia e seguran\u00e7a da nossa tecnologia. Aqui, unimos dados, inova\u00e7\u00e3o e sustentabilidade para trazer dicas pr\u00e1ticas de economia e previsibilidade, para sua casa ou empresa, empoderando voc\u00ea com a liberdade de escolha para assumir o controle total do seu consumo. Afinal, a nova energia do Brasil \u00e9 digital e simples.\",\"sameAs\":[\"https:\/\/sualuz.com.br\/\",\"https:\/\/www.instagram.com\/sualuz_oficial\/\",\"https:\/\/www.linkedin.com\/company\/sualuz\",\"https:\/\/www.youtube.com\/@sualuz\"],\"url\":\"https:\/\/sualuz.com.br\/blog\/author\/marketing-luz\/\"}]}<\/script>\n<!-- \/ Yoast SEO plugin. -->","yoast_head_json":{"title":"Qual \u00e9 a rela\u00e7\u00e3o entre Energia e a Sustentabilidade?\u00a0 &#8226; LUZ","description":"A energia e sustentabilidade podem caminhar lado a lado e servem como ponto de equil\u00edbrio entre os recursos naturais e o que consumimos.","robots":{"index":"index","follow":"follow","max-snippet":"max-snippet:-1","max-image-preview":"max-image-preview:large","max-video-preview":"max-video-preview:-1"},"canonical":"https:\/\/sualuz.com.br\/blog\/qual-e-a-relacao-entre-energia-e-a-sustentabilidade\/","og_locale":"pt_BR","og_type":"article","og_title":"Qual \u00e9 a rela\u00e7\u00e3o entre Energia e a Sustentabilidade?\u00a0 &#8226; LUZ","og_description":"A energia e sustentabilidade podem caminhar lado a lado e servem como ponto de equil\u00edbrio entre os recursos naturais e o que consumimos.","og_url":"https:\/\/sualuz.com.br\/blog\/qual-e-a-relacao-entre-energia-e-a-sustentabilidade\/","og_site_name":"Luz","article_published_time":"2026-02-12T19:46:00+00:00","article_modified_time":"2026-03-12T12:30:33+00:00","og_image":[{"width":550,"height":315,"url":"https:\/\/sualuz.com.br\/blog\/wp-content\/uploads\/2023\/10\/Sem-Titulo-5.png","type":"image\/png"}],"author":"Reda\u00e7\u00e3o Luz","twitter_card":"summary_large_image","twitter_misc":{"Escrito por":"Reda\u00e7\u00e3o Luz","Est. tempo de leitura":"5 minutos"},"schema":{"@context":"https:\/\/schema.org","@graph":[{"@type":"Article","@id":"https:\/\/sualuz.com.br\/blog\/qual-e-a-relacao-entre-energia-e-a-sustentabilidade\/#article","isPartOf":{"@id":"https:\/\/sualuz.com.br\/blog\/qual-e-a-relacao-entre-energia-e-a-sustentabilidade\/"},"author":{"name":"Reda\u00e7\u00e3o Luz","@id":"https:\/\/sualuz.com.br\/blog\/#\/schema\/person\/bbd73e4bf0b112afe9617925355b66a6"},"headline":"Qual \u00e9 a rela\u00e7\u00e3o entre Energia e a Sustentabilidade?\u00a0","datePublished":"2026-02-12T19:46:00+00:00","dateModified":"2026-03-12T12:30:33+00:00","mainEntityOfPage":{"@id":"https:\/\/sualuz.com.br\/blog\/qual-e-a-relacao-entre-energia-e-a-sustentabilidade\/"},"wordCount":757,"commentCount":0,"publisher":{"@id":"https:\/\/sualuz.com.br\/blog\/#organization"},"image":{"@id":"https:\/\/sualuz.com.br\/blog\/qual-e-a-relacao-entre-energia-e-a-sustentabilidade\/#primaryimage"},"thumbnailUrl":"https:\/\/sualuz.com.br\/blog\/wp-content\/uploads\/2023\/10\/Sem-Titulo-5.png","articleSection":["Energia"],"inLanguage":"pt-BR","potentialAction":[{"@type":"CommentAction","name":"Comment","target":["https:\/\/sualuz.com.br\/blog\/qual-e-a-relacao-entre-energia-e-a-sustentabilidade\/#respond"]}]},{"@type":"WebPage","@id":"https:\/\/sualuz.com.br\/blog\/qual-e-a-relacao-entre-energia-e-a-sustentabilidade\/","url":"https:\/\/sualuz.com.br\/blog\/qual-e-a-relacao-entre-energia-e-a-sustentabilidade\/","name":"Qual \u00e9 a rela\u00e7\u00e3o entre Energia e a Sustentabilidade?\u00a0 &#8226; LUZ","isPartOf":{"@id":"https:\/\/sualuz.com.br\/blog\/#website"},"primaryImageOfPage":{"@id":"https:\/\/sualuz.com.br\/blog\/qual-e-a-relacao-entre-energia-e-a-sustentabilidade\/#primaryimage"},"image":{"@id":"https:\/\/sualuz.com.br\/blog\/qual-e-a-relacao-entre-energia-e-a-sustentabilidade\/#primaryimage"},"thumbnailUrl":"https:\/\/sualuz.com.br\/blog\/wp-content\/uploads\/2023\/10\/Sem-Titulo-5.png","datePublished":"2026-02-12T19:46:00+00:00","dateModified":"2026-03-12T12:30:33+00:00","description":"A energia e sustentabilidade podem caminhar lado a lado e servem como ponto de equil\u00edbrio entre os recursos naturais e o que consumimos.","breadcrumb":{"@id":"https:\/\/sualuz.com.br\/blog\/qual-e-a-relacao-entre-energia-e-a-sustentabilidade\/#breadcrumb"},"inLanguage":"pt-BR","potentialAction":[{"@type":"ReadAction","target":["https:\/\/sualuz.com.br\/blog\/qual-e-a-relacao-entre-energia-e-a-sustentabilidade\/"]}]},{"@type":"ImageObject","inLanguage":"pt-BR","@id":"https:\/\/sualuz.com.br\/blog\/qual-e-a-relacao-entre-energia-e-a-sustentabilidade\/#primaryimage","url":"https:\/\/sualuz.com.br\/blog\/wp-content\/uploads\/2023\/10\/Sem-Titulo-5.png","contentUrl":"https:\/\/sualuz.com.br\/blog\/wp-content\/uploads\/2023\/10\/Sem-Titulo-5.png","width":550,"height":315},{"@type":"BreadcrumbList","@id":"https:\/\/sualuz.com.br\/blog\/qual-e-a-relacao-entre-energia-e-a-sustentabilidade\/#breadcrumb","itemListElement":[{"@type":"ListItem","position":1,"name":"In\u00edcio","item":"https:\/\/sualuz.com.br\/blog\/"},{"@type":"ListItem","position":2,"name":"Qual \u00e9 a rela\u00e7\u00e3o entre Energia e a Sustentabilidade?\u00a0"}]},{"@type":"WebSite","@id":"https:\/\/sualuz.com.br\/blog\/#website","url":"https:\/\/sualuz.com.br\/blog\/","name":"LUZ","description":"","publisher":{"@id":"https:\/\/sualuz.com.br\/blog\/#organization"},"potentialAction":[{"@type":"SearchAction","target":{"@type":"EntryPoint","urlTemplate":"https:\/\/sualuz.com.br\/blog\/?s={search_term_string}"},"query-input":{"@type":"PropertyValueSpecification","valueRequired":true,"valueName":"search_term_string"}}],"inLanguage":"pt-BR"},{"@type":"Organization","@id":"https:\/\/sualuz.com.br\/blog\/#organization","name":"LUZ","url":"https:\/\/sualuz.com.br\/blog\/","logo":{"@type":"ImageObject","inLanguage":"pt-BR","@id":"https:\/\/sualuz.com.br\/blog\/#\/schema\/logo\/image\/","url":"https:\/\/sualuz.com.br\/blog\/wp-content\/uploads\/2025\/01\/sua-luz-favicon-flat.png","contentUrl":"https:\/\/sualuz.com.br\/blog\/wp-content\/uploads\/2025\/01\/sua-luz-favicon-flat.png","width":512,"height":512,"caption":"LUZ"},"image":{"@id":"https:\/\/sualuz.com.br\/blog\/#\/schema\/logo\/image\/"}},{"@type":"Person","@id":"https:\/\/sualuz.com.br\/blog\/#\/schema\/person\/bbd73e4bf0b112afe9617925355b66a6","name":"Reda\u00e7\u00e3o Luz","image":{"@type":"ImageObject","inLanguage":"pt-BR","@id":"https:\/\/sualuz.com.br\/blog\/#\/schema\/person\/image\/","url":"https:\/\/secure.gravatar.com\/avatar\/ed5b5c3c1f38a53655478b5e2e41d120?s=96&d=mm&r=g","contentUrl":"https:\/\/secure.gravatar.com\/avatar\/ed5b5c3c1f38a53655478b5e2e41d120?s=96&d=mm&r=g","caption":"Reda\u00e7\u00e3o Luz"},"description":"A Reda\u00e7\u00e3o Luz \u00e9 a voz da primeira energytech 100% digital do Brasil. Nosso time de especialistas produz conte\u00fados focados em transformar a sua rela\u00e7\u00e3o com a energia, entregando informa\u00e7\u00e3o com a mesma transpar\u00eancia e seguran\u00e7a da nossa tecnologia. Aqui, unimos dados, inova\u00e7\u00e3o e sustentabilidade para trazer dicas pr\u00e1ticas de economia e previsibilidade, para sua casa ou empresa, empoderando voc\u00ea com a liberdade de escolha para assumir o controle total do seu consumo. Afinal, a nova energia do Brasil \u00e9 digital e simples.","sameAs":["https:\/\/sualuz.com.br\/","https:\/\/www.instagram.com\/sualuz_oficial\/","https:\/\/www.linkedin.com\/company\/sualuz","https:\/\/www.youtube.com\/@sualuz"],"url":"https:\/\/sualuz.com.br\/blog\/author\/marketing-luz\/"}]}},"_links":{"self":[{"href":"https:\/\/sualuz.com.br\/blog\/wp-json\/wp\/v2\/posts\/3913","targetHints":{"allow":["GET"]}}],"collection":[{"href":"https:\/\/sualuz.com.br\/blog\/wp-json\/wp\/v2\/posts"}],"about":[{"href":"https:\/\/sualuz.com.br\/blog\/wp-json\/wp\/v2\/types\/post"}],"author":[{"embeddable":true,"href":"https:\/\/sualuz.com.br\/blog\/wp-json\/wp\/v2\/users\/14"}],"replies":[{"embeddable":true,"href":"https:\/\/sualuz.com.br\/blog\/wp-json\/wp\/v2\/comments?post=3913"}],"version-history":[{"count":13,"href":"https:\/\/sualuz.com.br\/blog\/wp-json\/wp\/v2\/posts\/3913\/revisions"}],"predecessor-version":[{"id":3936,"href":"https:\/\/sualuz.com.br\/blog\/wp-json\/wp\/v2\/posts\/3913\/revisions\/3936"}],"wp:featuredmedia":[{"embeddable":true,"href":"https:\/\/sualuz.com.br\/blog\/wp-json\/wp\/v2\/media\/3918"}],"wp:attachment":[{"href":"https:\/\/sualuz.com.br\/blog\/wp-json\/wp\/v2\/media?parent=3913"}],"wp:term":[{"taxonomy":"category","embeddable":true,"href":"https:\/\/sualuz.com.br\/blog\/wp-json\/wp\/v2\/categories?post=3913"},{"taxonomy":"post_tag","embeddable":true,"href":"https:\/\/sualuz.com.br\/blog\/wp-json\/wp\/v2\/tags?post=3913"}],"curies":[{"name":"wp","href":"https:\/\/api.w.org\/{rel}","templated":true}]}}