{"id":3901,"date":"2026-02-21T16:49:00","date_gmt":"2026-02-21T19:49:00","guid":{"rendered":"https:\/\/3.236.142.92\/?p=3901"},"modified":"2026-03-12T09:30:33","modified_gmt":"2026-03-12T12:30:33","slug":"aneel-divulga-quantos-consumidores-ja-pediram-migracao-para-o-mercado-livre-de-energia","status":"publish","type":"post","link":"https:\/\/sualuz.com.br\/blog\/aneel-divulga-quantos-consumidores-ja-pediram-migracao-para-o-mercado-livre-de-energia\/","title":{"rendered":"ANEEL divulga quantos consumidores j\u00e1 pediram migra\u00e7\u00e3o para o Mercado Livre de Energia\u00a0"},"content":{"rendered":"\n<p><\/p>\n\n\n\n<p>O cen\u00e1rio de energia no Brasil est\u00e1 em constante evolu\u00e7\u00e3o e, nesse turbilh\u00e3o de mudan\u00e7as, uma not\u00edcia brilha com destaque: a Ag\u00eancia Nacional de Energia El\u00e9trica (Aneel) divulgou, em setembro, dados empolgantes sobre o interesse dos consumidores no Mercado Livre de Energia. &nbsp;<br>&nbsp;<br>Com quase 6 mil unidades consumidoras migrando para o Ambiente de Contrata\u00e7\u00e3o Livre (ACL), uma nova era de possibilidades se abre para aqueles que desejam maior flexibilidade e controle sobre sua energia. Vamos explorar juntos os n\u00fameros que essa tend\u00eancia traz para o mercado de energia e suas implica\u00e7\u00f5es para o futuro econ\u00f4mico no pa\u00eds.&nbsp;<br>&nbsp;<\/p>\n\n\n\n<h2 class=\"wp-block-heading\"><br><strong><mark style=\"background-color:rgba(0, 0, 0, 0);color:#fa3eb5\" class=\"has-inline-color\">A expans\u00e3o do Mercado Livre de Energia<\/mark><\/strong>&nbsp;<\/h2>\n\n\n\n<p>A partir de janeiro de 2024, uma nova era se inicia no Mercado Livre de Energia. Mais de 200 mil consumidores do grupo A, que abrange clientes de alta e m\u00e9dia tens\u00e3o, incluindo aqueles que recebem energia por linhas subterr\u00e2neas, tem&nbsp;a oportunidade de participar nesse cen\u00e1rio de benef\u00edcios. Estima-se que mais de 70 mil clientes fa\u00e7am essa transi\u00e7\u00e3o at\u00e9 o fim de 2025. &nbsp;<br>&nbsp;<br>Em uma an\u00e1lise detalhada, a Aneel conduziu uma pesquisa junto \u00e0s distribuidoras para avaliar a quantidade de pedidos de migra\u00e7\u00e3o que j\u00e1 foram realizados at\u00e9 o momento. Das mais de 5 mil solicita\u00e7\u00f5es feitas, 41,4% j\u00e1 estar\u00e3o participando do Mercado Livre de Energia a partir do primeiro m\u00eas de 2024. Esse \u00e9 o maior n\u00famero de&nbsp;novas unidades consumidoras nos \u00faltimos 24 meses.&nbsp;&nbsp;<br>&nbsp;<br>De acordo com a Aneel, todos esses consumidores devem acessar ao novo modelo atrav\u00e9s das varejistas de energia. Essas comercializadoras ficam respons\u00e1veis pela realiza\u00e7\u00e3o de toda burocracia que envolve migra\u00e7\u00e3o, intermedia\u00e7\u00e3o e monitoramento com o \u00f3rg\u00e3o regulamentador, no caso, a C\u00e2mara de Comercializa\u00e7\u00e3o de Energia El\u00e9trica (CCEE).&nbsp;<\/p>\n\n\n\n<figure class=\"wp-block-image size-full\"><img fetchpriority=\"high\" decoding=\"async\" width=\"550\" height=\"315\" src=\"https:\/\/apiapp.sualuz.com.br\/wp\/wp-content\/uploads\/2023\/10\/031023_V1_GraficoBlog_01.png\" alt=\"\" class=\"wp-image-3902\" srcset=\"https:\/\/sualuz.com.br\/blog\/wp-content\/uploads\/2023\/10\/031023_V1_GraficoBlog_01.png 550w, https:\/\/sualuz.com.br\/blog\/wp-content\/uploads\/2023\/10\/031023_V1_GraficoBlog_01-300x172.png 300w\" sizes=\"(max-width: 550px) 100vw, 550px\" \/><\/figure>\n\n\n\n<p><\/p>\n\n\n\n<h2 class=\"wp-block-heading\"><mark style=\"background-color:rgba(0, 0, 0, 0);color:#fa3eb5\" class=\"has-inline-color\"><strong>Como ficam as regras do mercado com os novos pedidos?<\/strong>\u00a0<\/mark><\/h2>\n\n\n\n<p>Algumas mudan\u00e7as nas regras devem acontecer por conta dessa abertura e do grande interesse de novas empresas em participarem do mercado livre. &nbsp;<br>&nbsp;<br>Para facilitar essa transi\u00e7\u00e3o, a Aneel est\u00e1 propondo algumas altera\u00e7\u00f5es que ainda v\u00e3o passar por uma consulta p\u00fablica, seguida por uma vota\u00e7\u00e3o em plen\u00e1rio com membros da diretoria da ag\u00eancia.&nbsp;<br>&nbsp;<br>Entre as propostas est\u00e1 a necessidade de as varejistas de energia representarem as empresas que poder\u00e3o migrar a partir de 2024 e ter um produto padronizado para permitir compara\u00e7\u00e3o entre consumidores&nbsp;<\/p>\n\n\n\n<figure class=\"wp-block-image size-full\"><img decoding=\"async\" width=\"550\" height=\"315\" src=\"https:\/\/apiapp.sualuz.com.br\/wp\/wp-content\/uploads\/2023\/10\/shutterstock_2164901677-1.jpg\" alt=\"\" class=\"wp-image-3904\" srcset=\"https:\/\/sualuz.com.br\/blog\/wp-content\/uploads\/2023\/10\/shutterstock_2164901677-1.jpg 550w, https:\/\/sualuz.com.br\/blog\/wp-content\/uploads\/2023\/10\/shutterstock_2164901677-1-300x172.jpg 300w\" sizes=\"(max-width: 550px) 100vw, 550px\" \/><\/figure>\n\n\n\n<h2 class=\"wp-block-heading\"><mark style=\"background-color:rgba(0, 0, 0, 0);color:#fa3eb5\" class=\"has-inline-color\"><strong>O que \u00e9 o Mercado Livre de Energia e por que devo aderir?<\/strong>\u00a0<\/mark><\/h2>\n\n\n\n<p>O Mercado Livre de Energia \u00e9 um ambiente onde os consumidores e empresas t\u00eam toda a liberdade de escolher seus fornecedores de energia el\u00e9trica e negociar contratos de compra e venda de eletricidade diretamente com geradores e comercializadoras. &nbsp;<br>&nbsp;<br>Dentro desse ambiente de negocia\u00e7\u00f5es, os pre\u00e7os da energia deixam de ser regulados pelas concession\u00e1rias de distribui\u00e7\u00e3o e s\u00e3o definidos entre consumidor e comercializador. O mercado livre oferece flexibilidade aos consumidores para personalizar suas fontes de energia, buscar contratos mais atrativos para o seu modelo e gerenciar seus custos de energia de acordo com suas necessidades e estrat\u00e9gias. &nbsp;<br>&nbsp;<br>Al\u00e9m desses benef\u00edcios, a redu\u00e7\u00e3o de custos se torna a principal vantagem competitiva para esse cen\u00e1rio, podendo proporcionar at\u00e9 40% de desconto na conta de luz de uma empresa.&nbsp;<br>&nbsp;<br>Atualmente, a migra\u00e7\u00e3o para o Mercado Livre de Energia est\u00e1 dispon\u00edvel principalmente para consumidores conectados em m\u00e9dia e alta tens\u00e3o. Al\u00e9m disso, os participantes do Mercado Livre de Energia precisam lidar com aspectos como contrata\u00e7\u00e3o, gerenciamento de riscos e an\u00e1lise de mercado.&nbsp;<\/p>\n\n\n\n<figure class=\"wp-block-image size-full\"><a href=\"https:\/\/www.sualuz.com.br\/#simulador ?utm_source=seo&amp;utm_medium=noticia&amp;utm_campaign=blog&amp;utm_content=03_10_2023&amp;utm_term=ANEEL_divulga_quantos_consumidores_j\u00e1_pediram_ migra\u00e7\u00e3o_para_o_Mercado_Livre_de_Energia\u00a0\"><img decoding=\"async\" width=\"1024\" height=\"256\" src=\"https:\/\/apiapp.sualuz.com.br\/wp\/wp-content\/uploads\/2023\/10\/Banner-ESG-textos-relacionados-a-sustentabilidade-meio-ambiente-sociedade-2.png\" alt=\"\" class=\"wp-image-3905\" srcset=\"https:\/\/sualuz.com.br\/blog\/wp-content\/uploads\/2023\/10\/Banner-ESG-textos-relacionados-a-sustentabilidade-meio-ambiente-sociedade-2.png 1024w, https:\/\/sualuz.com.br\/blog\/wp-content\/uploads\/2023\/10\/Banner-ESG-textos-relacionados-a-sustentabilidade-meio-ambiente-sociedade-2-300x75.png 300w, https:\/\/sualuz.com.br\/blog\/wp-content\/uploads\/2023\/10\/Banner-ESG-textos-relacionados-a-sustentabilidade-meio-ambiente-sociedade-2-768x192.png 768w\" sizes=\"(max-width: 1024px) 100vw, 1024px\" \/><\/a><\/figure>\n","protected":false},"excerpt":{"rendered":"<p>O cen\u00e1rio de energia no Brasil est\u00e1 em constante evolu\u00e7\u00e3o e, nesse turbilh\u00e3o de mudan\u00e7as, uma not\u00edcia brilha com destaque: a Ag\u00eancia Nacional de Energia El\u00e9trica (Aneel) divulgou, em setembro, dados empolgantes sobre o interesse dos consumidores no Mercado Livre de Energia. &nbsp;&nbsp;Com quase 6 mil unidades consumidoras migrando para o Ambiente de Contrata\u00e7\u00e3o Livre [&hellip;]<\/p>\n","protected":false},"author":14,"featured_media":3903,"comment_status":"open","ping_status":"open","sticky":false,"template":"","format":"standard","meta":{"footnotes":""},"categories":[5],"tags":[],"class_list":["post-3901","post","type-post","status-publish","format-standard","has-post-thumbnail","hentry","category-energia"],"acf":{"post_title":"ANEEL divulga quantos consumidores j\u00e1 pediram migra\u00e7\u00e3o para o Mercado Livre de Energia\u00a0","post_description":"Levantamento feito pela ag\u00eancia com as distribuidoras e somou mais de 5 mil pedidos de migra\u00e7\u00e3o para o Ambiente de Contrata\u00e7\u00e3o Livre (ACL). Esse \u00e9 o maior n\u00famero de novas unidades consumidoras nos \u00faltimos 24 meses. ","post_author":"Gian Bariani","post_author_description":"Redator e Analista SEO","post_author_image":3801,"post_image":3903},"yoast_head":"<!-- This site is optimized with the Yoast SEO plugin v26.8 - https:\/\/yoast.com\/product\/yoast-seo-wordpress\/ -->\n<title>ANEEL divulga quantos consumidores j\u00e1 pediram migra\u00e7\u00e3o para o Mercado Livre de Energia\u00a0 &#8226; LUZ<\/title>\n<meta name=\"description\" content=\"Levantamento feito pela ag\u00eancia com as distribuidoras e somou mais de 5 mil pedidos de migra\u00e7\u00e3o para o Ambiente de Contrata\u00e7\u00e3o Livre (ACL).\" \/>\n<meta name=\"robots\" content=\"index, follow, max-snippet:-1, max-image-preview:large, max-video-preview:-1\" \/>\n<link rel=\"canonical\" href=\"https:\/\/sualuz.com.br\/blog\/aneel-divulga-quantos-consumidores-ja-pediram-migracao-para-o-mercado-livre-de-energia\/\" \/>\n<meta property=\"og:locale\" content=\"pt_BR\" \/>\n<meta property=\"og:type\" content=\"article\" \/>\n<meta property=\"og:title\" content=\"ANEEL divulga quantos consumidores j\u00e1 pediram migra\u00e7\u00e3o para o Mercado Livre de Energia\u00a0 &#8226; LUZ\" \/>\n<meta property=\"og:description\" content=\"Levantamento feito pela ag\u00eancia com as distribuidoras e somou mais de 5 mil pedidos de migra\u00e7\u00e3o para o Ambiente de Contrata\u00e7\u00e3o Livre (ACL).\" \/>\n<meta property=\"og:url\" content=\"https:\/\/sualuz.com.br\/blog\/aneel-divulga-quantos-consumidores-ja-pediram-migracao-para-o-mercado-livre-de-energia\/\" \/>\n<meta property=\"og:site_name\" content=\"Luz\" \/>\n<meta property=\"article:published_time\" content=\"2026-02-21T19:49:00+00:00\" \/>\n<meta property=\"article:modified_time\" content=\"2026-03-12T12:30:33+00:00\" \/>\n<meta property=\"og:image\" content=\"https:\/\/sualuz.com.br\/blog\/wp-content\/uploads\/2023\/10\/ANEEL-divulga-quantos-consumidores-ja-pediram-migracao-para-o-Mercado-Livre-de-Energia-.png\" \/>\n\t<meta property=\"og:image:width\" content=\"550\" \/>\n\t<meta property=\"og:image:height\" content=\"315\" \/>\n\t<meta property=\"og:image:type\" content=\"image\/png\" \/>\n<meta name=\"author\" content=\"Reda\u00e7\u00e3o Luz\" \/>\n<meta name=\"twitter:card\" content=\"summary_large_image\" \/>\n<meta name=\"twitter:label1\" content=\"Escrito por\" \/>\n\t<meta name=\"twitter:data1\" content=\"Reda\u00e7\u00e3o Luz\" \/>\n\t<meta name=\"twitter:label2\" content=\"Est. tempo de leitura\" \/>\n\t<meta name=\"twitter:data2\" content=\"4 minutos\" \/>\n<script type=\"application\/ld+json\" class=\"yoast-schema-graph\">{\"@context\":\"https:\/\/schema.org\",\"@graph\":[{\"@type\":\"Article\",\"@id\":\"https:\/\/sualuz.com.br\/blog\/aneel-divulga-quantos-consumidores-ja-pediram-migracao-para-o-mercado-livre-de-energia\/#article\",\"isPartOf\":{\"@id\":\"https:\/\/sualuz.com.br\/blog\/aneel-divulga-quantos-consumidores-ja-pediram-migracao-para-o-mercado-livre-de-energia\/\"},\"author\":{\"name\":\"Reda\u00e7\u00e3o Luz\",\"@id\":\"https:\/\/sualuz.com.br\/blog\/#\/schema\/person\/bbd73e4bf0b112afe9617925355b66a6\"},\"headline\":\"ANEEL divulga quantos consumidores j\u00e1 pediram migra\u00e7\u00e3o para o Mercado Livre de Energia\u00a0\",\"datePublished\":\"2026-02-21T19:49:00+00:00\",\"dateModified\":\"2026-03-12T12:30:33+00:00\",\"mainEntityOfPage\":{\"@id\":\"https:\/\/sualuz.com.br\/blog\/aneel-divulga-quantos-consumidores-ja-pediram-migracao-para-o-mercado-livre-de-energia\/\"},\"wordCount\":641,\"commentCount\":0,\"publisher\":{\"@id\":\"https:\/\/sualuz.com.br\/blog\/#organization\"},\"image\":{\"@id\":\"https:\/\/sualuz.com.br\/blog\/aneel-divulga-quantos-consumidores-ja-pediram-migracao-para-o-mercado-livre-de-energia\/#primaryimage\"},\"thumbnailUrl\":\"https:\/\/sualuz.com.br\/blog\/wp-content\/uploads\/2023\/10\/ANEEL-divulga-quantos-consumidores-ja-pediram-migracao-para-o-Mercado-Livre-de-Energia-.png\",\"articleSection\":[\"Energia\"],\"inLanguage\":\"pt-BR\",\"potentialAction\":[{\"@type\":\"CommentAction\",\"name\":\"Comment\",\"target\":[\"https:\/\/sualuz.com.br\/blog\/aneel-divulga-quantos-consumidores-ja-pediram-migracao-para-o-mercado-livre-de-energia\/#respond\"]}]},{\"@type\":\"WebPage\",\"@id\":\"https:\/\/sualuz.com.br\/blog\/aneel-divulga-quantos-consumidores-ja-pediram-migracao-para-o-mercado-livre-de-energia\/\",\"url\":\"https:\/\/sualuz.com.br\/blog\/aneel-divulga-quantos-consumidores-ja-pediram-migracao-para-o-mercado-livre-de-energia\/\",\"name\":\"ANEEL divulga quantos consumidores j\u00e1 pediram migra\u00e7\u00e3o para o Mercado Livre de Energia\u00a0 &#8226; LUZ\",\"isPartOf\":{\"@id\":\"https:\/\/sualuz.com.br\/blog\/#website\"},\"primaryImageOfPage\":{\"@id\":\"https:\/\/sualuz.com.br\/blog\/aneel-divulga-quantos-consumidores-ja-pediram-migracao-para-o-mercado-livre-de-energia\/#primaryimage\"},\"image\":{\"@id\":\"https:\/\/sualuz.com.br\/blog\/aneel-divulga-quantos-consumidores-ja-pediram-migracao-para-o-mercado-livre-de-energia\/#primaryimage\"},\"thumbnailUrl\":\"https:\/\/sualuz.com.br\/blog\/wp-content\/uploads\/2023\/10\/ANEEL-divulga-quantos-consumidores-ja-pediram-migracao-para-o-Mercado-Livre-de-Energia-.png\",\"datePublished\":\"2026-02-21T19:49:00+00:00\",\"dateModified\":\"2026-03-12T12:30:33+00:00\",\"description\":\"Levantamento feito pela ag\u00eancia com as distribuidoras e somou mais de 5 mil pedidos de migra\u00e7\u00e3o para o Ambiente de Contrata\u00e7\u00e3o Livre (ACL).\",\"breadcrumb\":{\"@id\":\"https:\/\/sualuz.com.br\/blog\/aneel-divulga-quantos-consumidores-ja-pediram-migracao-para-o-mercado-livre-de-energia\/#breadcrumb\"},\"inLanguage\":\"pt-BR\",\"potentialAction\":[{\"@type\":\"ReadAction\",\"target\":[\"https:\/\/sualuz.com.br\/blog\/aneel-divulga-quantos-consumidores-ja-pediram-migracao-para-o-mercado-livre-de-energia\/\"]}]},{\"@type\":\"ImageObject\",\"inLanguage\":\"pt-BR\",\"@id\":\"https:\/\/sualuz.com.br\/blog\/aneel-divulga-quantos-consumidores-ja-pediram-migracao-para-o-mercado-livre-de-energia\/#primaryimage\",\"url\":\"https:\/\/sualuz.com.br\/blog\/wp-content\/uploads\/2023\/10\/ANEEL-divulga-quantos-consumidores-ja-pediram-migracao-para-o-Mercado-Livre-de-Energia-.png\",\"contentUrl\":\"https:\/\/sualuz.com.br\/blog\/wp-content\/uploads\/2023\/10\/ANEEL-divulga-quantos-consumidores-ja-pediram-migracao-para-o-Mercado-Livre-de-Energia-.png\",\"width\":550,\"height\":315},{\"@type\":\"BreadcrumbList\",\"@id\":\"https:\/\/sualuz.com.br\/blog\/aneel-divulga-quantos-consumidores-ja-pediram-migracao-para-o-mercado-livre-de-energia\/#breadcrumb\",\"itemListElement\":[{\"@type\":\"ListItem\",\"position\":1,\"name\":\"In\u00edcio\",\"item\":\"https:\/\/sualuz.com.br\/blog\/\"},{\"@type\":\"ListItem\",\"position\":2,\"name\":\"ANEEL divulga quantos consumidores j\u00e1 pediram migra\u00e7\u00e3o para o Mercado Livre de Energia\u00a0\"}]},{\"@type\":\"WebSite\",\"@id\":\"https:\/\/sualuz.com.br\/blog\/#website\",\"url\":\"https:\/\/sualuz.com.br\/blog\/\",\"name\":\"LUZ\",\"description\":\"\",\"publisher\":{\"@id\":\"https:\/\/sualuz.com.br\/blog\/#organization\"},\"potentialAction\":[{\"@type\":\"SearchAction\",\"target\":{\"@type\":\"EntryPoint\",\"urlTemplate\":\"https:\/\/sualuz.com.br\/blog\/?s={search_term_string}\"},\"query-input\":{\"@type\":\"PropertyValueSpecification\",\"valueRequired\":true,\"valueName\":\"search_term_string\"}}],\"inLanguage\":\"pt-BR\"},{\"@type\":\"Organization\",\"@id\":\"https:\/\/sualuz.com.br\/blog\/#organization\",\"name\":\"LUZ\",\"url\":\"https:\/\/sualuz.com.br\/blog\/\",\"logo\":{\"@type\":\"ImageObject\",\"inLanguage\":\"pt-BR\",\"@id\":\"https:\/\/sualuz.com.br\/blog\/#\/schema\/logo\/image\/\",\"url\":\"https:\/\/sualuz.com.br\/blog\/wp-content\/uploads\/2025\/01\/sua-luz-favicon-flat.png\",\"contentUrl\":\"https:\/\/sualuz.com.br\/blog\/wp-content\/uploads\/2025\/01\/sua-luz-favicon-flat.png\",\"width\":512,\"height\":512,\"caption\":\"LUZ\"},\"image\":{\"@id\":\"https:\/\/sualuz.com.br\/blog\/#\/schema\/logo\/image\/\"}},{\"@type\":\"Person\",\"@id\":\"https:\/\/sualuz.com.br\/blog\/#\/schema\/person\/bbd73e4bf0b112afe9617925355b66a6\",\"name\":\"Reda\u00e7\u00e3o Luz\",\"image\":{\"@type\":\"ImageObject\",\"inLanguage\":\"pt-BR\",\"@id\":\"https:\/\/sualuz.com.br\/blog\/#\/schema\/person\/image\/\",\"url\":\"https:\/\/secure.gravatar.com\/avatar\/ed5b5c3c1f38a53655478b5e2e41d120?s=96&d=mm&r=g\",\"contentUrl\":\"https:\/\/secure.gravatar.com\/avatar\/ed5b5c3c1f38a53655478b5e2e41d120?s=96&d=mm&r=g\",\"caption\":\"Reda\u00e7\u00e3o Luz\"},\"description\":\"A Reda\u00e7\u00e3o Luz \u00e9 a voz da primeira energytech 100% digital do Brasil. Nosso time de especialistas produz conte\u00fados focados em transformar a sua rela\u00e7\u00e3o com a energia, entregando informa\u00e7\u00e3o com a mesma transpar\u00eancia e seguran\u00e7a da nossa tecnologia. Aqui, unimos dados, inova\u00e7\u00e3o e sustentabilidade para trazer dicas pr\u00e1ticas de economia e previsibilidade, para sua casa ou empresa, empoderando voc\u00ea com a liberdade de escolha para assumir o controle total do seu consumo. Afinal, a nova energia do Brasil \u00e9 digital e simples.\",\"sameAs\":[\"https:\/\/sualuz.com.br\/\",\"https:\/\/www.instagram.com\/sualuz_oficial\/\",\"https:\/\/www.linkedin.com\/company\/sualuz\",\"https:\/\/www.youtube.com\/@sualuz\"],\"url\":\"https:\/\/sualuz.com.br\/blog\/author\/marketing-luz\/\"}]}<\/script>\n<!-- \/ Yoast SEO plugin. -->","yoast_head_json":{"title":"ANEEL divulga quantos consumidores j\u00e1 pediram migra\u00e7\u00e3o para o Mercado Livre de Energia\u00a0 &#8226; LUZ","description":"Levantamento feito pela ag\u00eancia com as distribuidoras e somou mais de 5 mil pedidos de migra\u00e7\u00e3o para o Ambiente de Contrata\u00e7\u00e3o Livre (ACL).","robots":{"index":"index","follow":"follow","max-snippet":"max-snippet:-1","max-image-preview":"max-image-preview:large","max-video-preview":"max-video-preview:-1"},"canonical":"https:\/\/sualuz.com.br\/blog\/aneel-divulga-quantos-consumidores-ja-pediram-migracao-para-o-mercado-livre-de-energia\/","og_locale":"pt_BR","og_type":"article","og_title":"ANEEL divulga quantos consumidores j\u00e1 pediram migra\u00e7\u00e3o para o Mercado Livre de Energia\u00a0 &#8226; LUZ","og_description":"Levantamento feito pela ag\u00eancia com as distribuidoras e somou mais de 5 mil pedidos de migra\u00e7\u00e3o para o Ambiente de Contrata\u00e7\u00e3o Livre (ACL).","og_url":"https:\/\/sualuz.com.br\/blog\/aneel-divulga-quantos-consumidores-ja-pediram-migracao-para-o-mercado-livre-de-energia\/","og_site_name":"Luz","article_published_time":"2026-02-21T19:49:00+00:00","article_modified_time":"2026-03-12T12:30:33+00:00","og_image":[{"width":550,"height":315,"url":"https:\/\/sualuz.com.br\/blog\/wp-content\/uploads\/2023\/10\/ANEEL-divulga-quantos-consumidores-ja-pediram-migracao-para-o-Mercado-Livre-de-Energia-.png","type":"image\/png"}],"author":"Reda\u00e7\u00e3o Luz","twitter_card":"summary_large_image","twitter_misc":{"Escrito por":"Reda\u00e7\u00e3o Luz","Est. tempo de leitura":"4 minutos"},"schema":{"@context":"https:\/\/schema.org","@graph":[{"@type":"Article","@id":"https:\/\/sualuz.com.br\/blog\/aneel-divulga-quantos-consumidores-ja-pediram-migracao-para-o-mercado-livre-de-energia\/#article","isPartOf":{"@id":"https:\/\/sualuz.com.br\/blog\/aneel-divulga-quantos-consumidores-ja-pediram-migracao-para-o-mercado-livre-de-energia\/"},"author":{"name":"Reda\u00e7\u00e3o Luz","@id":"https:\/\/sualuz.com.br\/blog\/#\/schema\/person\/bbd73e4bf0b112afe9617925355b66a6"},"headline":"ANEEL divulga quantos consumidores j\u00e1 pediram migra\u00e7\u00e3o para o Mercado Livre de Energia\u00a0","datePublished":"2026-02-21T19:49:00+00:00","dateModified":"2026-03-12T12:30:33+00:00","mainEntityOfPage":{"@id":"https:\/\/sualuz.com.br\/blog\/aneel-divulga-quantos-consumidores-ja-pediram-migracao-para-o-mercado-livre-de-energia\/"},"wordCount":641,"commentCount":0,"publisher":{"@id":"https:\/\/sualuz.com.br\/blog\/#organization"},"image":{"@id":"https:\/\/sualuz.com.br\/blog\/aneel-divulga-quantos-consumidores-ja-pediram-migracao-para-o-mercado-livre-de-energia\/#primaryimage"},"thumbnailUrl":"https:\/\/sualuz.com.br\/blog\/wp-content\/uploads\/2023\/10\/ANEEL-divulga-quantos-consumidores-ja-pediram-migracao-para-o-Mercado-Livre-de-Energia-.png","articleSection":["Energia"],"inLanguage":"pt-BR","potentialAction":[{"@type":"CommentAction","name":"Comment","target":["https:\/\/sualuz.com.br\/blog\/aneel-divulga-quantos-consumidores-ja-pediram-migracao-para-o-mercado-livre-de-energia\/#respond"]}]},{"@type":"WebPage","@id":"https:\/\/sualuz.com.br\/blog\/aneel-divulga-quantos-consumidores-ja-pediram-migracao-para-o-mercado-livre-de-energia\/","url":"https:\/\/sualuz.com.br\/blog\/aneel-divulga-quantos-consumidores-ja-pediram-migracao-para-o-mercado-livre-de-energia\/","name":"ANEEL divulga quantos consumidores j\u00e1 pediram migra\u00e7\u00e3o para o Mercado Livre de Energia\u00a0 &#8226; LUZ","isPartOf":{"@id":"https:\/\/sualuz.com.br\/blog\/#website"},"primaryImageOfPage":{"@id":"https:\/\/sualuz.com.br\/blog\/aneel-divulga-quantos-consumidores-ja-pediram-migracao-para-o-mercado-livre-de-energia\/#primaryimage"},"image":{"@id":"https:\/\/sualuz.com.br\/blog\/aneel-divulga-quantos-consumidores-ja-pediram-migracao-para-o-mercado-livre-de-energia\/#primaryimage"},"thumbnailUrl":"https:\/\/sualuz.com.br\/blog\/wp-content\/uploads\/2023\/10\/ANEEL-divulga-quantos-consumidores-ja-pediram-migracao-para-o-Mercado-Livre-de-Energia-.png","datePublished":"2026-02-21T19:49:00+00:00","dateModified":"2026-03-12T12:30:33+00:00","description":"Levantamento feito pela ag\u00eancia com as distribuidoras e somou mais de 5 mil pedidos de migra\u00e7\u00e3o para o Ambiente de Contrata\u00e7\u00e3o Livre (ACL).","breadcrumb":{"@id":"https:\/\/sualuz.com.br\/blog\/aneel-divulga-quantos-consumidores-ja-pediram-migracao-para-o-mercado-livre-de-energia\/#breadcrumb"},"inLanguage":"pt-BR","potentialAction":[{"@type":"ReadAction","target":["https:\/\/sualuz.com.br\/blog\/aneel-divulga-quantos-consumidores-ja-pediram-migracao-para-o-mercado-livre-de-energia\/"]}]},{"@type":"ImageObject","inLanguage":"pt-BR","@id":"https:\/\/sualuz.com.br\/blog\/aneel-divulga-quantos-consumidores-ja-pediram-migracao-para-o-mercado-livre-de-energia\/#primaryimage","url":"https:\/\/sualuz.com.br\/blog\/wp-content\/uploads\/2023\/10\/ANEEL-divulga-quantos-consumidores-ja-pediram-migracao-para-o-Mercado-Livre-de-Energia-.png","contentUrl":"https:\/\/sualuz.com.br\/blog\/wp-content\/uploads\/2023\/10\/ANEEL-divulga-quantos-consumidores-ja-pediram-migracao-para-o-Mercado-Livre-de-Energia-.png","width":550,"height":315},{"@type":"BreadcrumbList","@id":"https:\/\/sualuz.com.br\/blog\/aneel-divulga-quantos-consumidores-ja-pediram-migracao-para-o-mercado-livre-de-energia\/#breadcrumb","itemListElement":[{"@type":"ListItem","position":1,"name":"In\u00edcio","item":"https:\/\/sualuz.com.br\/blog\/"},{"@type":"ListItem","position":2,"name":"ANEEL divulga quantos consumidores j\u00e1 pediram migra\u00e7\u00e3o para o Mercado Livre de Energia\u00a0"}]},{"@type":"WebSite","@id":"https:\/\/sualuz.com.br\/blog\/#website","url":"https:\/\/sualuz.com.br\/blog\/","name":"LUZ","description":"","publisher":{"@id":"https:\/\/sualuz.com.br\/blog\/#organization"},"potentialAction":[{"@type":"SearchAction","target":{"@type":"EntryPoint","urlTemplate":"https:\/\/sualuz.com.br\/blog\/?s={search_term_string}"},"query-input":{"@type":"PropertyValueSpecification","valueRequired":true,"valueName":"search_term_string"}}],"inLanguage":"pt-BR"},{"@type":"Organization","@id":"https:\/\/sualuz.com.br\/blog\/#organization","name":"LUZ","url":"https:\/\/sualuz.com.br\/blog\/","logo":{"@type":"ImageObject","inLanguage":"pt-BR","@id":"https:\/\/sualuz.com.br\/blog\/#\/schema\/logo\/image\/","url":"https:\/\/sualuz.com.br\/blog\/wp-content\/uploads\/2025\/01\/sua-luz-favicon-flat.png","contentUrl":"https:\/\/sualuz.com.br\/blog\/wp-content\/uploads\/2025\/01\/sua-luz-favicon-flat.png","width":512,"height":512,"caption":"LUZ"},"image":{"@id":"https:\/\/sualuz.com.br\/blog\/#\/schema\/logo\/image\/"}},{"@type":"Person","@id":"https:\/\/sualuz.com.br\/blog\/#\/schema\/person\/bbd73e4bf0b112afe9617925355b66a6","name":"Reda\u00e7\u00e3o Luz","image":{"@type":"ImageObject","inLanguage":"pt-BR","@id":"https:\/\/sualuz.com.br\/blog\/#\/schema\/person\/image\/","url":"https:\/\/secure.gravatar.com\/avatar\/ed5b5c3c1f38a53655478b5e2e41d120?s=96&d=mm&r=g","contentUrl":"https:\/\/secure.gravatar.com\/avatar\/ed5b5c3c1f38a53655478b5e2e41d120?s=96&d=mm&r=g","caption":"Reda\u00e7\u00e3o Luz"},"description":"A Reda\u00e7\u00e3o Luz \u00e9 a voz da primeira energytech 100% digital do Brasil. Nosso time de especialistas produz conte\u00fados focados em transformar a sua rela\u00e7\u00e3o com a energia, entregando informa\u00e7\u00e3o com a mesma transpar\u00eancia e seguran\u00e7a da nossa tecnologia. Aqui, unimos dados, inova\u00e7\u00e3o e sustentabilidade para trazer dicas pr\u00e1ticas de economia e previsibilidade, para sua casa ou empresa, empoderando voc\u00ea com a liberdade de escolha para assumir o controle total do seu consumo. Afinal, a nova energia do Brasil \u00e9 digital e simples.","sameAs":["https:\/\/sualuz.com.br\/","https:\/\/www.instagram.com\/sualuz_oficial\/","https:\/\/www.linkedin.com\/company\/sualuz","https:\/\/www.youtube.com\/@sualuz"],"url":"https:\/\/sualuz.com.br\/blog\/author\/marketing-luz\/"}]}},"_links":{"self":[{"href":"https:\/\/sualuz.com.br\/blog\/wp-json\/wp\/v2\/posts\/3901","targetHints":{"allow":["GET"]}}],"collection":[{"href":"https:\/\/sualuz.com.br\/blog\/wp-json\/wp\/v2\/posts"}],"about":[{"href":"https:\/\/sualuz.com.br\/blog\/wp-json\/wp\/v2\/types\/post"}],"author":[{"embeddable":true,"href":"https:\/\/sualuz.com.br\/blog\/wp-json\/wp\/v2\/users\/14"}],"replies":[{"embeddable":true,"href":"https:\/\/sualuz.com.br\/blog\/wp-json\/wp\/v2\/comments?post=3901"}],"version-history":[{"count":6,"href":"https:\/\/sualuz.com.br\/blog\/wp-json\/wp\/v2\/posts\/3901\/revisions"}],"predecessor-version":[{"id":4199,"href":"https:\/\/sualuz.com.br\/blog\/wp-json\/wp\/v2\/posts\/3901\/revisions\/4199"}],"wp:featuredmedia":[{"embeddable":true,"href":"https:\/\/sualuz.com.br\/blog\/wp-json\/wp\/v2\/media\/3903"}],"wp:attachment":[{"href":"https:\/\/sualuz.com.br\/blog\/wp-json\/wp\/v2\/media?parent=3901"}],"wp:term":[{"taxonomy":"category","embeddable":true,"href":"https:\/\/sualuz.com.br\/blog\/wp-json\/wp\/v2\/categories?post=3901"},{"taxonomy":"post_tag","embeddable":true,"href":"https:\/\/sualuz.com.br\/blog\/wp-json\/wp\/v2\/tags?post=3901"}],"curies":[{"name":"wp","href":"https:\/\/api.w.org\/{rel}","templated":true}]}}