{"id":3240,"date":"2026-01-26T16:27:00","date_gmt":"2026-01-26T19:27:00","guid":{"rendered":"https:\/\/3.236.142.92\/?p=3240"},"modified":"2026-03-12T09:31:04","modified_gmt":"2026-03-12T12:31:04","slug":"fazenda-solar-perfil-e-crescimento-da-energia-solar-no-brasil","status":"publish","type":"post","link":"https:\/\/sualuz.com.br\/blog\/fazenda-solar-perfil-e-crescimento-da-energia-solar-no-brasil\/","title":{"rendered":"Fazenda solar: perfil e benef\u00edcios"},"content":{"rendered":"\n<p>A energia solar est\u00e1 em ascens\u00e3o no Brasil e o seu uso tem crescido cada vez mais em resid\u00eancias, com\u00e9rcio, ind\u00fastria e agroneg\u00f3cio. Isso deve-se \u00e0 economia que essa tecnologia proporciona, al\u00e9m das vantagens ambientais.&nbsp;<\/p>\n\n\n\n<p>Uma utiliza\u00e7\u00e3o importante dessa energia \u00e9 feita pela fazenda solar. Fazendas solares s\u00e3o grandes \u00e1reas com placas fotovoltaicas que captam a luz solar e a convertem em energia el\u00e9trica, que \u00e9 distribu\u00edda para resid\u00eancias e estabelecimentos comerciais. Historicamente vem do termo em ingl\u00eas \u201csolar farms\u201d, adotado no in\u00edcio dos anos de 1990, quando fazendeiros alem\u00e3es passaram a cobrir a extens\u00e3o de suas terras com pain\u00e9is solares.<\/p>\n\n\n\n<h2 class=\"wp-block-heading\"><strong><mark style=\"background-color:rgba(0, 0, 0, 0);color:#fa3eb5\" class=\"has-inline-color\">Como funciona uma fazenda solar?<\/mark><\/strong><\/h2>\n\n\n\n<p>A gera\u00e7\u00e3o de energia el\u00e9trica numa Fazenda Solar funciona pela absor\u00e7\u00e3o da luz solar por meio de pain\u00e9is fotovoltaicos que transformam esta luz em eletricidade. Por\u00e9m, diferente de sistemas fotovoltaicos para o pr\u00f3prio consumo, as Fazendas Solares fazem parte da gera\u00e7\u00e3o distribu\u00edda (GD).<\/p>\n\n\n\n<p>Na GD, a produ\u00e7\u00e3o de energia el\u00e9trica \u00e9 vendida ou alugada para pessoas ou empresas que buscam os benef\u00edcios da Energia Solar, sem investir num sistema fotovoltaico pr\u00f3prio, por meio da transmiss\u00e3o para uma rede el\u00e9trica p\u00fablica que gera cr\u00e9ditos. Ela \u00e9 gerada nas fazendas e distribu\u00eddas por meio das linhas de transmiss\u00e3o e distribui\u00e7\u00e3o.<\/p>\n\n\n\n<p>Esses cr\u00e9ditos de energia s\u00e3o utilizados como descontos na conta de eletricidade dos clientes.<\/p>\n\n\n\n<figure class=\"wp-block-image\"><img decoding=\"async\" src=\"https:\/\/lh5.googleusercontent.com\/qzpk6zITrh3qdRTT8zTBAjPsPwJjVMpP2_FAczue7OJwkYx6Ti8Ddgt2_U_7IABxDsTTYjasoppVZeq5wgO-HOIKTfWLywjJIn7Euwk1W8_6PYZ3CC6xgCMQlC2wjaU_bROGyAP6SbsIG9U_vsqjxXc\" alt=\"\"\/><\/figure>\n\n\n\n<h2 class=\"wp-block-heading\"><strong><mark style=\"background-color:rgba(0, 0, 0, 0);color:#fa3eb5\" class=\"has-inline-color\">Como \u00e9 constru\u00edda a fazenda solar? &nbsp;<\/mark><\/strong><\/h2>\n\n\n\n<ul class=\"wp-block-list\">\n<li>O local de instala\u00e7\u00e3o deve ser escolhido com base no n\u00edvel de insola\u00e7\u00e3o da regi\u00e3o, que deve ser o melhor poss\u00edvel para garantir uma m\u00e1xima efici\u00eancia da fazenda solar e uma produ\u00e7\u00e3o el\u00e9trica suficiente para atender o consumo de todas as unidades consumidoras participantes.<br><\/li>\n\n\n\n<li>Ap\u00f3s a constru\u00e7\u00e3o, a fazenda fotovoltaica deve ser conectada \u00e0 rede el\u00e9trica para que a eletricidade gerada por meio da luz do sol seja injetada e disponibilizada para a distribuidora da regi\u00e3o. Este processo ir\u00e1 gerar cr\u00e9ditos, convertidos posteriormente em descontos, e a energia el\u00e9trica ser\u00e1 distribu\u00edda \u00e0s unidades consumidoras.<\/li>\n<\/ul>\n\n\n\n<h2 class=\"wp-block-heading\"><strong><mark style=\"background-color:rgba(0, 0, 0, 0);color:#fa3eb5\" class=\"has-inline-color\">Quais os benef\u00edcios da fazenda solar?<\/mark><\/strong><\/h2>\n\n\n\n<ul class=\"wp-block-list\">\n<li><strong>Redu\u00e7\u00e3o de custos para o consumidor: <\/strong>a fonte da eletricidade&nbsp; \u00e9 infinita (o sol), essa tecnologia n\u00e3o sofre com disponibilidade de recurso, evitando a crise energ\u00e9tica. Assim, os custos s\u00e3o regulados, tornando o consumo mais seguro.<br><\/li>\n\n\n\n<li><strong>Sustent\u00e1vel, renov\u00e1vel e ecol\u00f3gica: <\/strong>a Energia Solar gera eletricidade de forma limpa, o que significa que ela n\u00e3o destr\u00f3i o meio ambiente , n\u00e3o emite poluentes em sua gera\u00e7\u00e3o, o material utilizado em sua constru\u00e7\u00e3o e\/ou instala\u00e7\u00e3o de pain\u00e9is fotovoltaicos pode ser reciclado, n\u00e3o utiliza mat\u00e9rias-primas escassas ou n\u00e3o-renov\u00e1veis e n\u00e3o emite sons que contribuam para a polui\u00e7\u00e3o sonora.<br><\/li>\n\n\n\n<li><strong>Longa vida \u00fatil dos pain\u00e9is fotovoltaicos e pouca manuten\u00e7\u00e3o<\/strong>: os pain\u00e9is fotovoltaicos t\u00eam uma vida \u00fatil m\u00ednima de 25 anos e exigem poucos reparos ou manuten\u00e7\u00e3o, apenas necessitando de limpezas peri\u00f3dicas.<\/li>\n<\/ul>\n\n\n\n<figure class=\"wp-block-image\"><a href=\"https:\/\/www.sualuz.com.br\/?utm_source=seo&amp;utm_medium=noticia&amp;utm_campaign=blog&amp;utm_content=01_06_2023&amp;utm_term=Fazenda_solar_perfil_e_crescimento_da_energia_solar_no_Brasil#simulador\"><img decoding=\"async\" src=\"https:\/\/lh5.googleusercontent.com\/PSmLCDlazAh45ZRp8M4OLk2dbz00hPkbpIc9dO6I5SlW7Rtj9X16IAPc7vdrG6Lm13hXTFMoB26Z7WUlNzGVQeT1WbQERhfLk3HHCV46apL9xzzzo-9npa6iShq1grvFlpihvuMhO6Fur8uhYOwwOBQ\" alt=\"\"\/><\/a><\/figure>\n\n\n\n<h2 class=\"wp-block-heading\"><br><strong><mark style=\"background-color:rgba(0, 0, 0, 0);color:#fa3eb5\" class=\"has-inline-color\">Crescimento da energia solar no Brasil<\/mark><\/strong><\/h2>\n\n\n\n<p>Conforme relat\u00f3rio divulgado pela Irena (Ag\u00eancia Internacional de Energia Renov\u00e1vel), o Brasil entrou pela 1\u00aa vez no ranking mundial de gera\u00e7\u00e3o de energia solar fotovoltaica, ficando na 8\u00aa posi\u00e7\u00e3o.&nbsp;<\/p>\n\n\n\n<p><strong>Ranking<\/strong><strong><br><\/strong>1\u00ba China &#8211; 392GW<br>2\u00ba Estados Unidos &#8211; 111GW<br>3\u00ba Jap\u00e3o &#8211; 78,8GW<br><strong>8\u00ba Brasil &#8211; 24GW<\/strong><\/p>\n\n\n\n<h2 class=\"wp-block-heading\"><strong><br><mark style=\"background-color:rgba(0, 0, 0, 0);color:#fa3eb5\" class=\"has-inline-color\">Investimento global em energias limpas<\/mark><\/strong><\/h2>\n\n\n\n<p>Segundo a AIE (Associa\u00e7\u00e3o Internacional de Energia), cerca de US$ 2,8 trilh\u00f5es devem ser investidos no mundo em energia este ano, dos quais mais de US$ 1,7 trilh\u00e3o devem ser destinados a tecnologias limpas, incluindo: ve\u00edculos el\u00e9tricos, redes, armazenamento e combust\u00edveis de baixa emiss\u00e3o, melhorias de efici\u00eancia e bombas de calor. O restante, pouco mais de US$ 1 trilh\u00e3o, vai para carv\u00e3o, g\u00e1s e petr\u00f3leo.<\/p>\n\n\n\n<p>A an\u00e1lise da AIE aponta que a energia solar pode superar a produ\u00e7\u00e3o de petr\u00f3leo pela primeira vez. Ao todo, a energia solar dever\u00e1 receber mais de um bilh\u00e3o de d\u00f3lares por dia em investimentos, o que representa US$ 380 bilh\u00f5es em 2023 \u2013 um valor acima dos US$ 370 bilh\u00f5es previstos para explora\u00e7\u00e3o e extra\u00e7\u00e3o de petr\u00f3leo.<\/p>\n\n\n\n<p>O investimento em energia limpa tem sido impulsionado por uma s\u00e9rie de fatores nos \u00faltimos anos, incluindo per\u00edodos de forte crescimento econ\u00f4mico e pre\u00e7os vol\u00e1teis de combust\u00edveis f\u00f3sseis, que elevaram preocupa\u00e7\u00f5es com a seguran\u00e7a energ\u00e9tica, especialmente ap\u00f3s o in\u00edcio da guerra entre R\u00fassia e Ucr\u00e2nia. Pol\u00edticas e pactos de incentivos promovidos na Europa, Jap\u00e3o, China, EUA, entre outros, tamb\u00e9m tiveram um impacto positivo.<\/p>\n\n\n\n<p>A organiza\u00e7\u00e3o aponta que os aportes em energias limpas est\u00e3o superando os gastos com combust\u00edveis f\u00f3sseis, uma vez que as preocupa\u00e7\u00f5es de acessibilidade e seguran\u00e7a desencadeadas pela crise global de energia fortalecem a busca de op\u00e7\u00f5es sustent\u00e1veis.<\/p>\n\n\n\n<figure class=\"wp-block-image\"><img decoding=\"async\" src=\"https:\/\/lh4.googleusercontent.com\/9hBu89FMhac8IeRgguBtrrKwD917hRpUiL4_sg6rWTAUAxpzodFbhQxxLAI75rLgQh3TEuzbQYbLKDvEL_ON065JBIBrwm4OK2DFWi8etKesuPWDkLZOSgVJlweUiV_AGpLKKNj7xtNkye1E7pZU0Gk\" alt=\"\"\/><\/figure>\n\n\n\n<h2 class=\"wp-block-heading\"><strong><mark style=\"background-color:rgba(0, 0, 0, 0);color:#fa3eb5\" class=\"has-inline-color\">Conclus\u00e3o<\/mark><\/strong><\/h2>\n\n\n\n<p>Cada vez mais percebemos a import\u00e2ncia da sustentabilidade no mundo. A energia solar \u00e9 um recurso que faz parte desse desenvolvimento sustent\u00e1vel, por ser uma energia limpa e renov\u00e1vel, n\u00e3o polui o meio ambiente, al\u00e9m de contar com uma fonte inesgot\u00e1vel, o Sol, n\u00e3o havendo escassez desse recurso.&nbsp;<\/p>\n\n\n\n<p>Sobretudo, n\u00e3o gera gases poluentes na atmosfera e os materiais utilizados no sistema de energia solar, em sua maioria, podem ser reciclados.<\/p>\n\n\n\n<p><\/p>\n","protected":false},"excerpt":{"rendered":"<p>A energia solar est\u00e1 em ascens\u00e3o no Brasil e o seu uso tem crescido cada vez mais em resid\u00eancias, com\u00e9rcio, ind\u00fastria e agroneg\u00f3cio. Isso deve-se \u00e0 economia que essa tecnologia proporciona, al\u00e9m das vantagens ambientais.&nbsp; Uma utiliza\u00e7\u00e3o importante dessa energia \u00e9 feita pela fazenda solar. Fazendas solares s\u00e3o grandes \u00e1reas com placas fotovoltaicas que captam [&hellip;]<\/p>\n","protected":false},"author":14,"featured_media":3432,"comment_status":"open","ping_status":"open","sticky":false,"template":"","format":"standard","meta":{"footnotes":""},"categories":[5],"tags":[],"class_list":["post-3240","post","type-post","status-publish","format-standard","has-post-thumbnail","hentry","category-energia"],"acf":{"post_title":"Fazenda solar: perfil e crescimento da energia solar no Brasil ","post_description":"Venha conhecer e se aprofundar no perfil de uma fazenda solar e acompanhar a evolu\u00e7\u00e3o da energia solar no Brasil.\u00a0","post_author":"Fernanda Ito","post_author_description":"Jornalista","post_author_image":3036,"post_image":3432},"yoast_head":"<!-- This site is optimized with the Yoast SEO plugin v26.8 - https:\/\/yoast.com\/product\/yoast-seo-wordpress\/ -->\n<title>Fazenda solar: perfil e benef\u00edcios &#8226; LUZ<\/title>\n<meta name=\"description\" content=\"Venha conhecer e se aprofundar no perfil de uma fazenda solar e acompanhar a evolu\u00e7\u00e3o da energia solar no Brasil.\u00a0\" \/>\n<meta name=\"robots\" content=\"index, follow, max-snippet:-1, max-image-preview:large, max-video-preview:-1\" \/>\n<link rel=\"canonical\" href=\"https:\/\/sualuz.com.br\/blog\/fazenda-solar-perfil-e-crescimento-da-energia-solar-no-brasil\/\" \/>\n<meta property=\"og:locale\" content=\"pt_BR\" \/>\n<meta property=\"og:type\" content=\"article\" \/>\n<meta property=\"og:title\" content=\"Fazenda solar: perfil e benef\u00edcios &#8226; LUZ\" \/>\n<meta property=\"og:description\" content=\"Venha conhecer e se aprofundar no perfil de uma fazenda solar e acompanhar a evolu\u00e7\u00e3o da energia solar no Brasil.\u00a0\" \/>\n<meta property=\"og:url\" content=\"https:\/\/sualuz.com.br\/blog\/fazenda-solar-perfil-e-crescimento-da-energia-solar-no-brasil\/\" \/>\n<meta property=\"og:site_name\" content=\"Luz\" \/>\n<meta property=\"article:published_time\" content=\"2026-01-26T19:27:00+00:00\" \/>\n<meta property=\"article:modified_time\" content=\"2026-03-12T12:31:04+00:00\" \/>\n<meta property=\"og:image\" content=\"https:\/\/sualuz.com.br\/blog\/wp-content\/uploads\/2023\/06\/Fazenda-Solar-LUZ-1.png\" \/>\n\t<meta property=\"og:image:width\" content=\"550\" \/>\n\t<meta property=\"og:image:height\" content=\"315\" \/>\n\t<meta property=\"og:image:type\" content=\"image\/png\" \/>\n<meta name=\"author\" content=\"Reda\u00e7\u00e3o Luz\" \/>\n<meta name=\"twitter:card\" content=\"summary_large_image\" \/>\n<meta name=\"twitter:label1\" content=\"Escrito por\" \/>\n\t<meta name=\"twitter:data1\" content=\"Reda\u00e7\u00e3o Luz\" \/>\n\t<meta name=\"twitter:label2\" content=\"Est. tempo de leitura\" \/>\n\t<meta name=\"twitter:data2\" content=\"6 minutos\" \/>\n<script type=\"application\/ld+json\" class=\"yoast-schema-graph\">{\"@context\":\"https:\/\/schema.org\",\"@graph\":[{\"@type\":\"Article\",\"@id\":\"https:\/\/sualuz.com.br\/blog\/fazenda-solar-perfil-e-crescimento-da-energia-solar-no-brasil\/#article\",\"isPartOf\":{\"@id\":\"https:\/\/sualuz.com.br\/blog\/fazenda-solar-perfil-e-crescimento-da-energia-solar-no-brasil\/\"},\"author\":{\"name\":\"Reda\u00e7\u00e3o Luz\",\"@id\":\"https:\/\/sualuz.com.br\/blog\/#\/schema\/person\/bbd73e4bf0b112afe9617925355b66a6\"},\"headline\":\"Fazenda solar: perfil e benef\u00edcios\",\"datePublished\":\"2026-01-26T19:27:00+00:00\",\"dateModified\":\"2026-03-12T12:31:04+00:00\",\"mainEntityOfPage\":{\"@id\":\"https:\/\/sualuz.com.br\/blog\/fazenda-solar-perfil-e-crescimento-da-energia-solar-no-brasil\/\"},\"wordCount\":933,\"commentCount\":0,\"publisher\":{\"@id\":\"https:\/\/sualuz.com.br\/blog\/#organization\"},\"image\":{\"@id\":\"https:\/\/sualuz.com.br\/blog\/fazenda-solar-perfil-e-crescimento-da-energia-solar-no-brasil\/#primaryimage\"},\"thumbnailUrl\":\"https:\/\/sualuz.com.br\/blog\/wp-content\/uploads\/2023\/06\/Fazenda-Solar-LUZ-1.png\",\"articleSection\":[\"Energia\"],\"inLanguage\":\"pt-BR\",\"potentialAction\":[{\"@type\":\"CommentAction\",\"name\":\"Comment\",\"target\":[\"https:\/\/sualuz.com.br\/blog\/fazenda-solar-perfil-e-crescimento-da-energia-solar-no-brasil\/#respond\"]}]},{\"@type\":\"WebPage\",\"@id\":\"https:\/\/sualuz.com.br\/blog\/fazenda-solar-perfil-e-crescimento-da-energia-solar-no-brasil\/\",\"url\":\"https:\/\/sualuz.com.br\/blog\/fazenda-solar-perfil-e-crescimento-da-energia-solar-no-brasil\/\",\"name\":\"Fazenda solar: perfil e benef\u00edcios &#8226; LUZ\",\"isPartOf\":{\"@id\":\"https:\/\/sualuz.com.br\/blog\/#website\"},\"primaryImageOfPage\":{\"@id\":\"https:\/\/sualuz.com.br\/blog\/fazenda-solar-perfil-e-crescimento-da-energia-solar-no-brasil\/#primaryimage\"},\"image\":{\"@id\":\"https:\/\/sualuz.com.br\/blog\/fazenda-solar-perfil-e-crescimento-da-energia-solar-no-brasil\/#primaryimage\"},\"thumbnailUrl\":\"https:\/\/sualuz.com.br\/blog\/wp-content\/uploads\/2023\/06\/Fazenda-Solar-LUZ-1.png\",\"datePublished\":\"2026-01-26T19:27:00+00:00\",\"dateModified\":\"2026-03-12T12:31:04+00:00\",\"description\":\"Venha conhecer e se aprofundar no perfil de uma fazenda solar e acompanhar a evolu\u00e7\u00e3o da energia solar no Brasil.\u00a0\",\"breadcrumb\":{\"@id\":\"https:\/\/sualuz.com.br\/blog\/fazenda-solar-perfil-e-crescimento-da-energia-solar-no-brasil\/#breadcrumb\"},\"inLanguage\":\"pt-BR\",\"potentialAction\":[{\"@type\":\"ReadAction\",\"target\":[\"https:\/\/sualuz.com.br\/blog\/fazenda-solar-perfil-e-crescimento-da-energia-solar-no-brasil\/\"]}]},{\"@type\":\"ImageObject\",\"inLanguage\":\"pt-BR\",\"@id\":\"https:\/\/sualuz.com.br\/blog\/fazenda-solar-perfil-e-crescimento-da-energia-solar-no-brasil\/#primaryimage\",\"url\":\"https:\/\/sualuz.com.br\/blog\/wp-content\/uploads\/2023\/06\/Fazenda-Solar-LUZ-1.png\",\"contentUrl\":\"https:\/\/sualuz.com.br\/blog\/wp-content\/uploads\/2023\/06\/Fazenda-Solar-LUZ-1.png\",\"width\":550,\"height\":315},{\"@type\":\"BreadcrumbList\",\"@id\":\"https:\/\/sualuz.com.br\/blog\/fazenda-solar-perfil-e-crescimento-da-energia-solar-no-brasil\/#breadcrumb\",\"itemListElement\":[{\"@type\":\"ListItem\",\"position\":1,\"name\":\"In\u00edcio\",\"item\":\"https:\/\/sualuz.com.br\/blog\/\"},{\"@type\":\"ListItem\",\"position\":2,\"name\":\"Fazenda solar: perfil e benef\u00edcios\"}]},{\"@type\":\"WebSite\",\"@id\":\"https:\/\/sualuz.com.br\/blog\/#website\",\"url\":\"https:\/\/sualuz.com.br\/blog\/\",\"name\":\"LUZ\",\"description\":\"\",\"publisher\":{\"@id\":\"https:\/\/sualuz.com.br\/blog\/#organization\"},\"potentialAction\":[{\"@type\":\"SearchAction\",\"target\":{\"@type\":\"EntryPoint\",\"urlTemplate\":\"https:\/\/sualuz.com.br\/blog\/?s={search_term_string}\"},\"query-input\":{\"@type\":\"PropertyValueSpecification\",\"valueRequired\":true,\"valueName\":\"search_term_string\"}}],\"inLanguage\":\"pt-BR\"},{\"@type\":\"Organization\",\"@id\":\"https:\/\/sualuz.com.br\/blog\/#organization\",\"name\":\"LUZ\",\"url\":\"https:\/\/sualuz.com.br\/blog\/\",\"logo\":{\"@type\":\"ImageObject\",\"inLanguage\":\"pt-BR\",\"@id\":\"https:\/\/sualuz.com.br\/blog\/#\/schema\/logo\/image\/\",\"url\":\"https:\/\/sualuz.com.br\/blog\/wp-content\/uploads\/2025\/01\/sua-luz-favicon-flat.png\",\"contentUrl\":\"https:\/\/sualuz.com.br\/blog\/wp-content\/uploads\/2025\/01\/sua-luz-favicon-flat.png\",\"width\":512,\"height\":512,\"caption\":\"LUZ\"},\"image\":{\"@id\":\"https:\/\/sualuz.com.br\/blog\/#\/schema\/logo\/image\/\"}},{\"@type\":\"Person\",\"@id\":\"https:\/\/sualuz.com.br\/blog\/#\/schema\/person\/bbd73e4bf0b112afe9617925355b66a6\",\"name\":\"Reda\u00e7\u00e3o Luz\",\"image\":{\"@type\":\"ImageObject\",\"inLanguage\":\"pt-BR\",\"@id\":\"https:\/\/sualuz.com.br\/blog\/#\/schema\/person\/image\/\",\"url\":\"https:\/\/secure.gravatar.com\/avatar\/ed5b5c3c1f38a53655478b5e2e41d120?s=96&d=mm&r=g\",\"contentUrl\":\"https:\/\/secure.gravatar.com\/avatar\/ed5b5c3c1f38a53655478b5e2e41d120?s=96&d=mm&r=g\",\"caption\":\"Reda\u00e7\u00e3o Luz\"},\"description\":\"A Reda\u00e7\u00e3o Luz \u00e9 a voz da primeira energytech 100% digital do Brasil. Nosso time de especialistas produz conte\u00fados focados em transformar a sua rela\u00e7\u00e3o com a energia, entregando informa\u00e7\u00e3o com a mesma transpar\u00eancia e seguran\u00e7a da nossa tecnologia. Aqui, unimos dados, inova\u00e7\u00e3o e sustentabilidade para trazer dicas pr\u00e1ticas de economia e previsibilidade, para sua casa ou empresa, empoderando voc\u00ea com a liberdade de escolha para assumir o controle total do seu consumo. Afinal, a nova energia do Brasil \u00e9 digital e simples.\",\"sameAs\":[\"https:\/\/sualuz.com.br\/\",\"https:\/\/www.instagram.com\/sualuz_oficial\/\",\"https:\/\/www.linkedin.com\/company\/sualuz\",\"https:\/\/www.youtube.com\/@sualuz\"],\"url\":\"https:\/\/sualuz.com.br\/blog\/author\/marketing-luz\/\"}]}<\/script>\n<!-- \/ Yoast SEO plugin. -->","yoast_head_json":{"title":"Fazenda solar: perfil e benef\u00edcios &#8226; LUZ","description":"Venha conhecer e se aprofundar no perfil de uma fazenda solar e acompanhar a evolu\u00e7\u00e3o da energia solar no Brasil.\u00a0","robots":{"index":"index","follow":"follow","max-snippet":"max-snippet:-1","max-image-preview":"max-image-preview:large","max-video-preview":"max-video-preview:-1"},"canonical":"https:\/\/sualuz.com.br\/blog\/fazenda-solar-perfil-e-crescimento-da-energia-solar-no-brasil\/","og_locale":"pt_BR","og_type":"article","og_title":"Fazenda solar: perfil e benef\u00edcios &#8226; LUZ","og_description":"Venha conhecer e se aprofundar no perfil de uma fazenda solar e acompanhar a evolu\u00e7\u00e3o da energia solar no Brasil.\u00a0","og_url":"https:\/\/sualuz.com.br\/blog\/fazenda-solar-perfil-e-crescimento-da-energia-solar-no-brasil\/","og_site_name":"Luz","article_published_time":"2026-01-26T19:27:00+00:00","article_modified_time":"2026-03-12T12:31:04+00:00","og_image":[{"width":550,"height":315,"url":"https:\/\/sualuz.com.br\/blog\/wp-content\/uploads\/2023\/06\/Fazenda-Solar-LUZ-1.png","type":"image\/png"}],"author":"Reda\u00e7\u00e3o Luz","twitter_card":"summary_large_image","twitter_misc":{"Escrito por":"Reda\u00e7\u00e3o Luz","Est. tempo de leitura":"6 minutos"},"schema":{"@context":"https:\/\/schema.org","@graph":[{"@type":"Article","@id":"https:\/\/sualuz.com.br\/blog\/fazenda-solar-perfil-e-crescimento-da-energia-solar-no-brasil\/#article","isPartOf":{"@id":"https:\/\/sualuz.com.br\/blog\/fazenda-solar-perfil-e-crescimento-da-energia-solar-no-brasil\/"},"author":{"name":"Reda\u00e7\u00e3o Luz","@id":"https:\/\/sualuz.com.br\/blog\/#\/schema\/person\/bbd73e4bf0b112afe9617925355b66a6"},"headline":"Fazenda solar: perfil e benef\u00edcios","datePublished":"2026-01-26T19:27:00+00:00","dateModified":"2026-03-12T12:31:04+00:00","mainEntityOfPage":{"@id":"https:\/\/sualuz.com.br\/blog\/fazenda-solar-perfil-e-crescimento-da-energia-solar-no-brasil\/"},"wordCount":933,"commentCount":0,"publisher":{"@id":"https:\/\/sualuz.com.br\/blog\/#organization"},"image":{"@id":"https:\/\/sualuz.com.br\/blog\/fazenda-solar-perfil-e-crescimento-da-energia-solar-no-brasil\/#primaryimage"},"thumbnailUrl":"https:\/\/sualuz.com.br\/blog\/wp-content\/uploads\/2023\/06\/Fazenda-Solar-LUZ-1.png","articleSection":["Energia"],"inLanguage":"pt-BR","potentialAction":[{"@type":"CommentAction","name":"Comment","target":["https:\/\/sualuz.com.br\/blog\/fazenda-solar-perfil-e-crescimento-da-energia-solar-no-brasil\/#respond"]}]},{"@type":"WebPage","@id":"https:\/\/sualuz.com.br\/blog\/fazenda-solar-perfil-e-crescimento-da-energia-solar-no-brasil\/","url":"https:\/\/sualuz.com.br\/blog\/fazenda-solar-perfil-e-crescimento-da-energia-solar-no-brasil\/","name":"Fazenda solar: perfil e benef\u00edcios &#8226; LUZ","isPartOf":{"@id":"https:\/\/sualuz.com.br\/blog\/#website"},"primaryImageOfPage":{"@id":"https:\/\/sualuz.com.br\/blog\/fazenda-solar-perfil-e-crescimento-da-energia-solar-no-brasil\/#primaryimage"},"image":{"@id":"https:\/\/sualuz.com.br\/blog\/fazenda-solar-perfil-e-crescimento-da-energia-solar-no-brasil\/#primaryimage"},"thumbnailUrl":"https:\/\/sualuz.com.br\/blog\/wp-content\/uploads\/2023\/06\/Fazenda-Solar-LUZ-1.png","datePublished":"2026-01-26T19:27:00+00:00","dateModified":"2026-03-12T12:31:04+00:00","description":"Venha conhecer e se aprofundar no perfil de uma fazenda solar e acompanhar a evolu\u00e7\u00e3o da energia solar no Brasil.\u00a0","breadcrumb":{"@id":"https:\/\/sualuz.com.br\/blog\/fazenda-solar-perfil-e-crescimento-da-energia-solar-no-brasil\/#breadcrumb"},"inLanguage":"pt-BR","potentialAction":[{"@type":"ReadAction","target":["https:\/\/sualuz.com.br\/blog\/fazenda-solar-perfil-e-crescimento-da-energia-solar-no-brasil\/"]}]},{"@type":"ImageObject","inLanguage":"pt-BR","@id":"https:\/\/sualuz.com.br\/blog\/fazenda-solar-perfil-e-crescimento-da-energia-solar-no-brasil\/#primaryimage","url":"https:\/\/sualuz.com.br\/blog\/wp-content\/uploads\/2023\/06\/Fazenda-Solar-LUZ-1.png","contentUrl":"https:\/\/sualuz.com.br\/blog\/wp-content\/uploads\/2023\/06\/Fazenda-Solar-LUZ-1.png","width":550,"height":315},{"@type":"BreadcrumbList","@id":"https:\/\/sualuz.com.br\/blog\/fazenda-solar-perfil-e-crescimento-da-energia-solar-no-brasil\/#breadcrumb","itemListElement":[{"@type":"ListItem","position":1,"name":"In\u00edcio","item":"https:\/\/sualuz.com.br\/blog\/"},{"@type":"ListItem","position":2,"name":"Fazenda solar: perfil e benef\u00edcios"}]},{"@type":"WebSite","@id":"https:\/\/sualuz.com.br\/blog\/#website","url":"https:\/\/sualuz.com.br\/blog\/","name":"LUZ","description":"","publisher":{"@id":"https:\/\/sualuz.com.br\/blog\/#organization"},"potentialAction":[{"@type":"SearchAction","target":{"@type":"EntryPoint","urlTemplate":"https:\/\/sualuz.com.br\/blog\/?s={search_term_string}"},"query-input":{"@type":"PropertyValueSpecification","valueRequired":true,"valueName":"search_term_string"}}],"inLanguage":"pt-BR"},{"@type":"Organization","@id":"https:\/\/sualuz.com.br\/blog\/#organization","name":"LUZ","url":"https:\/\/sualuz.com.br\/blog\/","logo":{"@type":"ImageObject","inLanguage":"pt-BR","@id":"https:\/\/sualuz.com.br\/blog\/#\/schema\/logo\/image\/","url":"https:\/\/sualuz.com.br\/blog\/wp-content\/uploads\/2025\/01\/sua-luz-favicon-flat.png","contentUrl":"https:\/\/sualuz.com.br\/blog\/wp-content\/uploads\/2025\/01\/sua-luz-favicon-flat.png","width":512,"height":512,"caption":"LUZ"},"image":{"@id":"https:\/\/sualuz.com.br\/blog\/#\/schema\/logo\/image\/"}},{"@type":"Person","@id":"https:\/\/sualuz.com.br\/blog\/#\/schema\/person\/bbd73e4bf0b112afe9617925355b66a6","name":"Reda\u00e7\u00e3o Luz","image":{"@type":"ImageObject","inLanguage":"pt-BR","@id":"https:\/\/sualuz.com.br\/blog\/#\/schema\/person\/image\/","url":"https:\/\/secure.gravatar.com\/avatar\/ed5b5c3c1f38a53655478b5e2e41d120?s=96&d=mm&r=g","contentUrl":"https:\/\/secure.gravatar.com\/avatar\/ed5b5c3c1f38a53655478b5e2e41d120?s=96&d=mm&r=g","caption":"Reda\u00e7\u00e3o Luz"},"description":"A Reda\u00e7\u00e3o Luz \u00e9 a voz da primeira energytech 100% digital do Brasil. Nosso time de especialistas produz conte\u00fados focados em transformar a sua rela\u00e7\u00e3o com a energia, entregando informa\u00e7\u00e3o com a mesma transpar\u00eancia e seguran\u00e7a da nossa tecnologia. Aqui, unimos dados, inova\u00e7\u00e3o e sustentabilidade para trazer dicas pr\u00e1ticas de economia e previsibilidade, para sua casa ou empresa, empoderando voc\u00ea com a liberdade de escolha para assumir o controle total do seu consumo. Afinal, a nova energia do Brasil \u00e9 digital e simples.","sameAs":["https:\/\/sualuz.com.br\/","https:\/\/www.instagram.com\/sualuz_oficial\/","https:\/\/www.linkedin.com\/company\/sualuz","https:\/\/www.youtube.com\/@sualuz"],"url":"https:\/\/sualuz.com.br\/blog\/author\/marketing-luz\/"}]}},"_links":{"self":[{"href":"https:\/\/sualuz.com.br\/blog\/wp-json\/wp\/v2\/posts\/3240","targetHints":{"allow":["GET"]}}],"collection":[{"href":"https:\/\/sualuz.com.br\/blog\/wp-json\/wp\/v2\/posts"}],"about":[{"href":"https:\/\/sualuz.com.br\/blog\/wp-json\/wp\/v2\/types\/post"}],"author":[{"embeddable":true,"href":"https:\/\/sualuz.com.br\/blog\/wp-json\/wp\/v2\/users\/14"}],"replies":[{"embeddable":true,"href":"https:\/\/sualuz.com.br\/blog\/wp-json\/wp\/v2\/comments?post=3240"}],"version-history":[{"count":33,"href":"https:\/\/sualuz.com.br\/blog\/wp-json\/wp\/v2\/posts\/3240\/revisions"}],"predecessor-version":[{"id":3434,"href":"https:\/\/sualuz.com.br\/blog\/wp-json\/wp\/v2\/posts\/3240\/revisions\/3434"}],"wp:featuredmedia":[{"embeddable":true,"href":"https:\/\/sualuz.com.br\/blog\/wp-json\/wp\/v2\/media\/3432"}],"wp:attachment":[{"href":"https:\/\/sualuz.com.br\/blog\/wp-json\/wp\/v2\/media?parent=3240"}],"wp:term":[{"taxonomy":"category","embeddable":true,"href":"https:\/\/sualuz.com.br\/blog\/wp-json\/wp\/v2\/categories?post=3240"},{"taxonomy":"post_tag","embeddable":true,"href":"https:\/\/sualuz.com.br\/blog\/wp-json\/wp\/v2\/tags?post=3240"}],"curies":[{"name":"wp","href":"https:\/\/api.w.org\/{rel}","templated":true}]}}