{"id":1971,"date":"2026-01-24T16:25:00","date_gmt":"2026-01-24T19:25:00","guid":{"rendered":"https:\/\/3.236.142.92\/?p=1971"},"modified":"2026-03-12T09:31:04","modified_gmt":"2026-03-12T12:31:04","slug":"entenda-sua-conta-de-luz","status":"publish","type":"post","link":"https:\/\/sualuz.com.br\/blog\/entenda-sua-conta-de-luz\/","title":{"rendered":"Entenda sua conta de luz de forma definitiva"},"content":{"rendered":"\n<p>A <strong><a href=\"#conta\">conta de luz<\/a><\/strong> \u00e9 um demonstrativo que cont\u00e9m os gastos de energia do consumidor, emitido periodicamente pela distribuidora de cada regi\u00e3o do Brasil (de acordo com a \u00e1rea de concess\u00e3o). Ela \u00e9 formada por uma lista de itens que comp\u00f5em o consumo de energia el\u00e9trica, como taxas, impostos, tarifas e a quantidade de energia consumida.<\/p>\n\n\n\n<p>A fatura de energia tamb\u00e9m exibe informa\u00e7\u00f5es importantes, como o n\u00famero do medidor, o n\u00famero da conta, os detalhes do plano tarif\u00e1rio escolhido, o endere\u00e7o da resid\u00eancia, o nome do cliente, o c\u00f3digo de barras para pagamento, o prazo de vencimento, o valor a ser pago, entre outros.<\/p>\n\n\n\n<p>\u00c9 importante entender todos os dados presentes na conta de luz para <strong>garantir que o valor cobrado est\u00e1 correto<\/strong>, com base no consumo de energia e nos tributos aplic\u00e1veis. \u00c9 poss\u00edvel obter informa\u00e7\u00f5es sobre o consumo e tarifas atualizadas na conta de luz para ajudar a controlar os gastos com energia el\u00e9trica.<\/p>\n\n\n\n<p>O n\u00famero grande de informa\u00e7\u00f5es que constam na fatura, pode dificultar o entendimento do consumidor sobre o que realmente est\u00e1 escrito ali. Por isso, preparamos esse guia completo para voc\u00ea aprender a ler sua conta de luz!<\/p>\n\n\n\n<p><\/p>\n\n\n\n<h2 class=\"wp-block-heading\" id=\"conta\"><strong><mark style=\"background-color:rgba(0, 0, 0, 0);color:#332053\" class=\"has-inline-color\">Aprenda a ler sua conta de luz<\/mark><\/strong><\/h2>\n\n\n\n<p><\/p>\n\n\n\n<p>A conta de luz \u00e9 o terror na vida da maioria dos brasileiros. \u00c9 muito comum encontrar pessoas que afirmam que essas faturas s\u00e3o de dif\u00edcil compreens\u00e3o, e que n\u00e3o entendem o que os dados ali presentes significam.<\/p>\n\n\n\n<p>Por isso isso destrinchamos uma fatura e explicamos ponto a ponto, incluindo tarifas, taxas, n\u00fameros de consumo, entre outros. Confira abaixo!<\/p>\n\n\n\n<figure class=\"wp-block-image size-large\"><img fetchpriority=\"high\" decoding=\"async\" width=\"1024\" height=\"768\" src=\"https:\/\/apiapp.sualuz.com.br\/wp\/wp-content\/uploads\/2023\/02\/fatura-1024x768.png\" alt=\"conta de luz pela internet\" class=\"wp-image-1972\" srcset=\"https:\/\/sualuz.com.br\/blog\/wp-content\/uploads\/2023\/02\/fatura-1024x768.png 1024w, https:\/\/sualuz.com.br\/blog\/wp-content\/uploads\/2023\/02\/fatura-300x225.png 300w, https:\/\/sualuz.com.br\/blog\/wp-content\/uploads\/2023\/02\/fatura-768x576.png 768w, https:\/\/sualuz.com.br\/blog\/wp-content\/uploads\/2023\/02\/fatura-1536x1152.png 1536w, https:\/\/sualuz.com.br\/blog\/wp-content\/uploads\/2023\/02\/fatura-2048x1536.png 2048w, https:\/\/sualuz.com.br\/blog\/wp-content\/uploads\/2023\/02\/fatura-1200x900.png 1200w, https:\/\/sualuz.com.br\/blog\/wp-content\/uploads\/2023\/02\/fatura-1980x1485.png 1980w\" sizes=\"(max-width: 1024px) 100vw, 1024px\" \/><\/figure>\n\n\n\n<h3 class=\"wp-block-heading\"><mark style=\"background-color:rgba(0, 0, 0, 0);color:#332053\" class=\"has-inline-color\"><strong>1.Grupo tarif\u00e1rio<\/strong><\/mark><\/h3>\n\n\n\n<p><\/p>\n\n\n\n<p>As unidades consumidoras s\u00e3o separadas em dois principais grupos: <strong>Grupo A<\/strong> (alta tens\u00e3o) e <strong>Grupo B<\/strong> (baixa tens\u00e3o). O Grupo A s\u00e3o unidades consumidoras que recebem energia em tens\u00e3o superior a 2,3 kilovolts (kV) ou atrav\u00e9s do sistema subterr\u00e2neo. Esse grupo \u00e9 dividido em 6 subcategorias, geralmente relacionadas a <strong>ind\u00fastrias e empresas de grande e m\u00e9dio porte<\/strong>.<\/p>\n\n\n\n<p>O <strong>grupo B<\/strong> \u00e9 composto por unidades consumidoras atendidas em baixa tens\u00e3o, ou seja, tens\u00e3o menor ou igual a 2,3 kV. Esse grupo est\u00e1 dividido em 4 subgrupos, sendo eles:<\/p>\n\n\n\n<ul class=\"wp-block-list\">\n<li>B1 &#8211; propriedades residenciais<\/li>\n\n\n\n<li>B2 &#8211; propriedades rurais<\/li>\n\n\n\n<li>B3 &#8211; propriedades comerciais, de pequeno porte<\/li>\n\n\n\n<li>B4 &#8211; ilumina\u00e7\u00e3o p\u00fablica<\/li>\n<\/ul>\n\n\n\n<p><\/p>\n\n\n\n<p><\/p>\n\n\n\n<h3 class=\"wp-block-heading\"><strong><mark style=\"background-color:rgba(0, 0, 0, 0);color:#332053\" class=\"has-inline-color\">2.Tarifas<\/mark><\/strong><\/h3>\n\n\n\n<p><\/p>\n\n\n\n<p>As tarifas que aparecem na conta de luz <strong>s\u00e3o os valores cobrados pelas distribuidoras<\/strong> e representam cada parcela dos custos e investimentos realizados em toda estrutura de gera\u00e7\u00e3o, transporte e distribui\u00e7\u00e3o de energia el\u00e9trica utilizadas pelos consumidores. <\/p>\n\n\n\n<p>Al\u00e9m destes componentes, s\u00e3o acrescidos os encargos, que s\u00e3o utilizados pelo governo para as pol\u00edticas p\u00fablicas e financiamento do desenvolvimento do setor el\u00e9trico (ex. Programa Luz para Todos).<\/p>\n\n\n\n<p>Existem dois principais tipos de tarifa: <strong>Tarifa de Energia (TE)<\/strong> e a <strong>Tarifa de Uso do Sistema de Distribui\u00e7\u00e3o (TUSD).<\/strong> Juntas elas formam o valor final da fatura. <\/p>\n\n\n\n<p>A <strong>TE representa o valor pago referente \u00e0 energia consumida no m\u00eas<\/strong>. J\u00e1 a <strong>TUSD \u00e9 uma tarifa referente \u00e0s despesas que as distribuidoras t\u00eam<\/strong> para levar a energia at\u00e9 os consumidores finais. \u00c9 atrav\u00e9s dela que pagamos os postes, cabos el\u00e9tricos, transformadores e demais custos da distribuidora.<\/p>\n\n\n\n<p><\/p>\n\n\n\n<h3 class=\"wp-block-heading\"><mark style=\"background-color:rgba(0, 0, 0, 0);color:#332053\" class=\"has-inline-color\"><strong>3.Impostos<\/strong><\/mark><\/h3>\n\n\n\n<p><\/p>\n\n\n\n<p>Os tributos que s\u00e3o cobrados na conta de luz s\u00e3o determinados pelas leis da regi\u00e3o. Dentro deles, podem ser visto alguns impostos como: Programa de Integra\u00e7\u00e3o Social (PIS), Contribui\u00e7\u00e3o para o Financiamento da Seguridade Social (COFINS), o Imposto sobre Circula\u00e7\u00e3o de Mercadorias e Servi\u00e7os (ICMS) e o Custeio de Ilumina\u00e7\u00e3o P\u00fablica (CIP).<\/p>\n\n\n\n<p><\/p>\n\n\n\n<h3 class=\"wp-block-heading\"><strong><mark style=\"background-color:rgba(0, 0, 0, 0);color:#332053\" class=\"has-inline-color\">4.Bandeira Tarif\u00e1ria\u00a0 <\/mark><\/strong><\/h3>\n\n\n\n<p><\/p>\n\n\n\n<p>A bandeira tarif\u00e1ria \u00e9 um sistema que estipula uma cor, que demonstra como est\u00e1 o sistema de gera\u00e7\u00e3o de energia. Esse modelo est\u00e1 diretamente ligado com as condi\u00e7\u00f5es das usinas hidrel\u00e9tricas e busca conscientizar os consumidores sobre esta situa\u00e7\u00e3o aplicando um valor adicional na conta de energia em momentos de maior escassez.<\/p>\n\n\n\n<p>Os cinco tipos de bandeira tarif\u00e1ria na conta de luz s\u00e3o:<\/p>\n\n\n\n<p><\/p>\n\n\n\n<ul class=\"wp-block-list\">\n<li><strong>Bandeira Verde<\/strong>: N\u00e3o h\u00e1 acr\u00e9scimo na tarifa, devido \u00e0s boas condi\u00e7\u00f5es da gera\u00e7\u00e3o de energia.<\/li>\n\n\n\n<li><strong>Bandeira Amarela<\/strong>: Significa que as condi\u00e7\u00f5es de gera\u00e7\u00e3o n\u00e3o est\u00e3o t\u00e3o boas. Assim tendo um valor de R$ 1,874 adicionado a cada 100 kWh consumido<\/li>\n\n\n\n<li><strong>Bandeira Vermelha<\/strong> (patamar 1): Demonstra uma situa\u00e7\u00e3o menos favor\u00e1vel, gerando um custo maior na produ\u00e7\u00e3o de energia. Deste modo acrescentando R$ 3,971 na tarifa por cada 100 kWh consumido.<\/li>\n\n\n\n<li><strong>Bandeira Vermelha <\/strong>(patamar 2): O segundo patamar da bandeira vermelha indica uma situa\u00e7\u00e3o mais cr\u00edtica. Portanto, acrescentando na tarifa um valor de R$ 9,492 para cada 100 kWh consumido.<\/li>\n\n\n\n<li><strong>Bandeira de escassez h\u00eddrica:<\/strong> Foi criada em 2021 para cobrir os custos adicionais das medidas adotadas pelo governo frente a crise h\u00eddrica do pa\u00eds. A bandeira representa um acr\u00e9scimo de R$ 14,20 por cada 100 kWh, na conta do consumidor final.<\/li>\n<\/ul>\n\n\n\n<p><\/p>\n\n\n\n<p><\/p>\n\n\n\n<h3 class=\"wp-block-heading\"><strong><mark style=\"background-color:rgba(0, 0, 0, 0);color:#332053\" class=\"has-inline-color\">5.Hist\u00f3rico de consumo<\/mark><\/strong><\/h3>\n\n\n\n<p>O hist\u00f3rico do consumo \u00e9 exatamente o que o pr\u00f3prio nome fala. Nele \u00e9 poss\u00edvel verificar o <strong>quanto de energia em kWh foi gasto nos \u00faltimos meses<\/strong>. Na maioria das contas ele \u00e9 bem f\u00e1cil de compreender, n\u00e3o gerando muitas d\u00favidas aos consumidores.<\/p>\n\n\n\n<p><\/p>\n\n\n\n<h3 class=\"wp-block-heading\"><strong><mark style=\"background-color:rgba(0, 0, 0, 0);color:#332053\" class=\"has-inline-color\">6.Pagamento<\/mark><\/strong><\/h3>\n\n\n\n<p>\u00c9 o pagamento, a parte que a maioria dos consumidores menos gostam. \u00c9 nela que aparecem os dados sobre o valor a ser pago, a data de vencimento da fatura e o c\u00f3digo de barras para realizar o pagamento.<\/p>\n\n\n\n<p><\/p>\n\n\n\n<h2 class=\"wp-block-heading\"><strong><mark style=\"background-color:rgba(0, 0, 0, 0);color:#332053\" class=\"has-inline-color\">Como trocar sua conta de luz<\/mark><\/strong><\/h2>\n\n\n\n<p><\/p>\n\n\n\n<p>Com a <a href=\"https:\/\/bit.ly\/40z3Nba\" target=\"_blank\" rel=\"noreferrer noopener\">LUZ<\/a> a sua fatura de energia \u00e9 muito mais f\u00e1cil e din\u00e2mica. Com ela as informa\u00e7\u00f5es s\u00e3o mais claras e diretas, como pode ser visto abaixo.<\/p>\n\n\n\n<p><\/p>\n\n\n\n<figure class=\"wp-block-image size-full\"><img decoding=\"async\" width=\"650\" height=\"902\" src=\"https:\/\/apiapp.sualuz.com.br\/wp\/wp-content\/uploads\/2023\/02\/fatura-da-luz.png\" alt=\"fatura de energia da LUZ\" class=\"wp-image-1973\" srcset=\"https:\/\/sualuz.com.br\/blog\/wp-content\/uploads\/2023\/02\/fatura-da-luz.png 650w, https:\/\/sualuz.com.br\/blog\/wp-content\/uploads\/2023\/02\/fatura-da-luz-216x300.png 216w\" sizes=\"(max-width: 650px) 100vw, 650px\" \/><\/figure>\n\n\n\n<p><\/p>\n\n\n\n<p>Muita diferen\u00e7a, n\u00e3o \u00e9 mesmo?<\/p>\n\n\n\n<p>A <a href=\"https:\/\/bit.ly\/40z3Nba\" target=\"_blank\" rel=\"noreferrer noopener\">LUZ<\/a> \u00e9 uma fornecedora digital de energia que pensa nas pessoas. Al\u00e9m da facilidade e modernidade que ela prop\u00f5e, com ela voc\u00ea ainda recebe um desconto de at\u00e9 20% na sua fatura.<\/p>\n\n\n\n<p>E n\u00e3o para por a\u00ed!<\/p>\n\n\n\n<p>Tamb\u00e9m fornecemos nosso medidor inteligente de energia para todos os nossos clientes, que permite o acompanhamento dos gastos com energia em tempo real, atrav\u00e9s do seu celular.<\/p>\n\n\n\n<p>Para ter acesso a todos esses benef\u00edcios, basta realizar <a href=\"https:\/\/bit.ly\/3RzfpGQ\" target=\"_blank\" rel=\"noreferrer noopener\">nossa simula\u00e7\u00e3o<\/a> e, com mais alguns cliques, voc\u00ea j\u00e1 far\u00e1 parte do futuro da energia!<\/p>\n\n\n\n<figure class=\"wp-block-image size-large\"><img decoding=\"async\" width=\"1024\" height=\"504\" src=\"https:\/\/apiapp.sualuz.com.br\/wp\/wp-content\/uploads\/2022\/10\/medidor-inteligente-2-2-1024x504.jpg\" alt=\"medidor de energia inteligente e aplicativo LUZ\" class=\"wp-image-1077\" srcset=\"https:\/\/sualuz.com.br\/blog\/wp-content\/uploads\/2022\/10\/medidor-inteligente-2-2-1024x504.jpg 1024w, https:\/\/sualuz.com.br\/blog\/wp-content\/uploads\/2022\/10\/medidor-inteligente-2-2-300x148.jpg 300w, https:\/\/sualuz.com.br\/blog\/wp-content\/uploads\/2022\/10\/medidor-inteligente-2-2-768x378.jpg 768w, https:\/\/sualuz.com.br\/blog\/wp-content\/uploads\/2022\/10\/medidor-inteligente-2-2-1536x756.jpg 1536w, https:\/\/sualuz.com.br\/blog\/wp-content\/uploads\/2022\/10\/medidor-inteligente-2-2-2048x1007.jpg 2048w, https:\/\/sualuz.com.br\/blog\/wp-content\/uploads\/2022\/10\/medidor-inteligente-2-2-1200x590.jpg 1200w, https:\/\/sualuz.com.br\/blog\/wp-content\/uploads\/2022\/10\/medidor-inteligente-2-2-1980x974.jpg 1980w\" sizes=\"(max-width: 1024px) 100vw, 1024px\" \/><\/figure>\n","protected":false},"excerpt":{"rendered":"<p>O grande n\u00famero de informa\u00e7\u00f5es presentes na conta de luz pode deixar a leitura confusa. Por isso aprenda o que cada item significa!<\/p>\n","protected":false},"author":14,"featured_media":1975,"comment_status":"open","ping_status":"open","sticky":false,"template":"","format":"standard","meta":{"footnotes":""},"categories":[5],"tags":[],"class_list":["post-1971","post","type-post","status-publish","format-standard","has-post-thumbnail","hentry","category-energia"],"acf":{"post_title":"Entenda sua conta de luz de forma definitiva","post_description":"O grande n\u00famero de informa\u00e7\u00f5es presentes na conta de luz pode deixar a leitura confusa. Por isso aprenda o que cada item significa!","post_author":"Camilla Prieto","post_author_description":"Estagi\u00e1ria de conte\u00fado na LUZ","post_author_image":1632,"post_image":1975},"yoast_head":"<!-- This site is optimized with the Yoast SEO plugin v26.8 - https:\/\/yoast.com\/product\/yoast-seo-wordpress\/ -->\n<title>Entenda sua conta de luz de forma definitiva &#8226; LUZ<\/title>\n<meta name=\"description\" content=\"O grande n\u00famero de informa\u00e7\u00f5es presentes na conta de luz pode deixar a leitura confusa. Por isso aprenda o que cada item significa!\" \/>\n<meta name=\"robots\" content=\"index, follow, max-snippet:-1, max-image-preview:large, max-video-preview:-1\" \/>\n<link rel=\"canonical\" href=\"https:\/\/sualuz.com.br\/blog\/entenda-sua-conta-de-luz\/\" \/>\n<meta property=\"og:locale\" content=\"pt_BR\" \/>\n<meta property=\"og:type\" content=\"article\" \/>\n<meta property=\"og:title\" content=\"Entenda sua conta de luz de forma definitiva &#8226; LUZ\" \/>\n<meta property=\"og:description\" content=\"O grande n\u00famero de informa\u00e7\u00f5es presentes na conta de luz pode deixar a leitura confusa. Por isso aprenda o que cada item significa!\" \/>\n<meta property=\"og:url\" content=\"https:\/\/sualuz.com.br\/blog\/entenda-sua-conta-de-luz\/\" \/>\n<meta property=\"og:site_name\" content=\"Luz\" \/>\n<meta property=\"article:published_time\" content=\"2026-01-24T19:25:00+00:00\" \/>\n<meta property=\"article:modified_time\" content=\"2026-03-12T12:31:04+00:00\" \/>\n<meta property=\"og:image\" content=\"https:\/\/sualuz.com.br\/blog\/wp-content\/uploads\/2023\/02\/O-que-compoe-a-conta-de-luz.jpg\" \/>\n\t<meta property=\"og:image:width\" content=\"550\" \/>\n\t<meta property=\"og:image:height\" content=\"315\" \/>\n\t<meta property=\"og:image:type\" content=\"image\/jpeg\" \/>\n<meta name=\"author\" content=\"Reda\u00e7\u00e3o Luz\" \/>\n<meta name=\"twitter:card\" content=\"summary_large_image\" \/>\n<meta name=\"twitter:label1\" content=\"Escrito por\" \/>\n\t<meta name=\"twitter:data1\" content=\"Reda\u00e7\u00e3o Luz\" \/>\n\t<meta name=\"twitter:label2\" content=\"Est. tempo de leitura\" \/>\n\t<meta name=\"twitter:data2\" content=\"7 minutos\" \/>\n<script type=\"application\/ld+json\" class=\"yoast-schema-graph\">{\"@context\":\"https:\/\/schema.org\",\"@graph\":[{\"@type\":\"Article\",\"@id\":\"https:\/\/sualuz.com.br\/blog\/entenda-sua-conta-de-luz\/#article\",\"isPartOf\":{\"@id\":\"https:\/\/sualuz.com.br\/blog\/entenda-sua-conta-de-luz\/\"},\"author\":{\"name\":\"Reda\u00e7\u00e3o Luz\",\"@id\":\"https:\/\/sualuz.com.br\/blog\/#\/schema\/person\/bbd73e4bf0b112afe9617925355b66a6\"},\"headline\":\"Entenda sua conta de luz de forma definitiva\",\"datePublished\":\"2026-01-24T19:25:00+00:00\",\"dateModified\":\"2026-03-12T12:31:04+00:00\",\"mainEntityOfPage\":{\"@id\":\"https:\/\/sualuz.com.br\/blog\/entenda-sua-conta-de-luz\/\"},\"wordCount\":1061,\"commentCount\":0,\"publisher\":{\"@id\":\"https:\/\/sualuz.com.br\/blog\/#organization\"},\"image\":{\"@id\":\"https:\/\/sualuz.com.br\/blog\/entenda-sua-conta-de-luz\/#primaryimage\"},\"thumbnailUrl\":\"https:\/\/sualuz.com.br\/blog\/wp-content\/uploads\/2023\/02\/O-que-compoe-a-conta-de-luz.jpg\",\"articleSection\":[\"Energia\"],\"inLanguage\":\"pt-BR\",\"potentialAction\":[{\"@type\":\"CommentAction\",\"name\":\"Comment\",\"target\":[\"https:\/\/sualuz.com.br\/blog\/entenda-sua-conta-de-luz\/#respond\"]}]},{\"@type\":\"WebPage\",\"@id\":\"https:\/\/sualuz.com.br\/blog\/entenda-sua-conta-de-luz\/\",\"url\":\"https:\/\/sualuz.com.br\/blog\/entenda-sua-conta-de-luz\/\",\"name\":\"Entenda sua conta de luz de forma definitiva &#8226; LUZ\",\"isPartOf\":{\"@id\":\"https:\/\/sualuz.com.br\/blog\/#website\"},\"primaryImageOfPage\":{\"@id\":\"https:\/\/sualuz.com.br\/blog\/entenda-sua-conta-de-luz\/#primaryimage\"},\"image\":{\"@id\":\"https:\/\/sualuz.com.br\/blog\/entenda-sua-conta-de-luz\/#primaryimage\"},\"thumbnailUrl\":\"https:\/\/sualuz.com.br\/blog\/wp-content\/uploads\/2023\/02\/O-que-compoe-a-conta-de-luz.jpg\",\"datePublished\":\"2026-01-24T19:25:00+00:00\",\"dateModified\":\"2026-03-12T12:31:04+00:00\",\"description\":\"O grande n\u00famero de informa\u00e7\u00f5es presentes na conta de luz pode deixar a leitura confusa. Por isso aprenda o que cada item significa!\",\"breadcrumb\":{\"@id\":\"https:\/\/sualuz.com.br\/blog\/entenda-sua-conta-de-luz\/#breadcrumb\"},\"inLanguage\":\"pt-BR\",\"potentialAction\":[{\"@type\":\"ReadAction\",\"target\":[\"https:\/\/sualuz.com.br\/blog\/entenda-sua-conta-de-luz\/\"]}]},{\"@type\":\"ImageObject\",\"inLanguage\":\"pt-BR\",\"@id\":\"https:\/\/sualuz.com.br\/blog\/entenda-sua-conta-de-luz\/#primaryimage\",\"url\":\"https:\/\/sualuz.com.br\/blog\/wp-content\/uploads\/2023\/02\/O-que-compoe-a-conta-de-luz.jpg\",\"contentUrl\":\"https:\/\/sualuz.com.br\/blog\/wp-content\/uploads\/2023\/02\/O-que-compoe-a-conta-de-luz.jpg\",\"width\":550,\"height\":315},{\"@type\":\"BreadcrumbList\",\"@id\":\"https:\/\/sualuz.com.br\/blog\/entenda-sua-conta-de-luz\/#breadcrumb\",\"itemListElement\":[{\"@type\":\"ListItem\",\"position\":1,\"name\":\"In\u00edcio\",\"item\":\"https:\/\/sualuz.com.br\/blog\/\"},{\"@type\":\"ListItem\",\"position\":2,\"name\":\"Entenda sua conta de luz de forma definitiva\"}]},{\"@type\":\"WebSite\",\"@id\":\"https:\/\/sualuz.com.br\/blog\/#website\",\"url\":\"https:\/\/sualuz.com.br\/blog\/\",\"name\":\"LUZ\",\"description\":\"\",\"publisher\":{\"@id\":\"https:\/\/sualuz.com.br\/blog\/#organization\"},\"potentialAction\":[{\"@type\":\"SearchAction\",\"target\":{\"@type\":\"EntryPoint\",\"urlTemplate\":\"https:\/\/sualuz.com.br\/blog\/?s={search_term_string}\"},\"query-input\":{\"@type\":\"PropertyValueSpecification\",\"valueRequired\":true,\"valueName\":\"search_term_string\"}}],\"inLanguage\":\"pt-BR\"},{\"@type\":\"Organization\",\"@id\":\"https:\/\/sualuz.com.br\/blog\/#organization\",\"name\":\"LUZ\",\"url\":\"https:\/\/sualuz.com.br\/blog\/\",\"logo\":{\"@type\":\"ImageObject\",\"inLanguage\":\"pt-BR\",\"@id\":\"https:\/\/sualuz.com.br\/blog\/#\/schema\/logo\/image\/\",\"url\":\"https:\/\/sualuz.com.br\/blog\/wp-content\/uploads\/2025\/01\/sua-luz-favicon-flat.png\",\"contentUrl\":\"https:\/\/sualuz.com.br\/blog\/wp-content\/uploads\/2025\/01\/sua-luz-favicon-flat.png\",\"width\":512,\"height\":512,\"caption\":\"LUZ\"},\"image\":{\"@id\":\"https:\/\/sualuz.com.br\/blog\/#\/schema\/logo\/image\/\"}},{\"@type\":\"Person\",\"@id\":\"https:\/\/sualuz.com.br\/blog\/#\/schema\/person\/bbd73e4bf0b112afe9617925355b66a6\",\"name\":\"Reda\u00e7\u00e3o Luz\",\"image\":{\"@type\":\"ImageObject\",\"inLanguage\":\"pt-BR\",\"@id\":\"https:\/\/sualuz.com.br\/blog\/#\/schema\/person\/image\/\",\"url\":\"https:\/\/secure.gravatar.com\/avatar\/ed5b5c3c1f38a53655478b5e2e41d120?s=96&d=mm&r=g\",\"contentUrl\":\"https:\/\/secure.gravatar.com\/avatar\/ed5b5c3c1f38a53655478b5e2e41d120?s=96&d=mm&r=g\",\"caption\":\"Reda\u00e7\u00e3o Luz\"},\"description\":\"A Reda\u00e7\u00e3o Luz \u00e9 a voz da primeira energytech 100% digital do Brasil. Nosso time de especialistas produz conte\u00fados focados em transformar a sua rela\u00e7\u00e3o com a energia, entregando informa\u00e7\u00e3o com a mesma transpar\u00eancia e seguran\u00e7a da nossa tecnologia. Aqui, unimos dados, inova\u00e7\u00e3o e sustentabilidade para trazer dicas pr\u00e1ticas de economia e previsibilidade, para sua casa ou empresa, empoderando voc\u00ea com a liberdade de escolha para assumir o controle total do seu consumo. Afinal, a nova energia do Brasil \u00e9 digital e simples.\",\"sameAs\":[\"https:\/\/sualuz.com.br\/\",\"https:\/\/www.instagram.com\/sualuz_oficial\/\",\"https:\/\/www.linkedin.com\/company\/sualuz\",\"https:\/\/www.youtube.com\/@sualuz\"],\"url\":\"https:\/\/sualuz.com.br\/blog\/author\/marketing-luz\/\"}]}<\/script>\n<!-- \/ Yoast SEO plugin. -->","yoast_head_json":{"title":"Entenda sua conta de luz de forma definitiva &#8226; LUZ","description":"O grande n\u00famero de informa\u00e7\u00f5es presentes na conta de luz pode deixar a leitura confusa. Por isso aprenda o que cada item significa!","robots":{"index":"index","follow":"follow","max-snippet":"max-snippet:-1","max-image-preview":"max-image-preview:large","max-video-preview":"max-video-preview:-1"},"canonical":"https:\/\/sualuz.com.br\/blog\/entenda-sua-conta-de-luz\/","og_locale":"pt_BR","og_type":"article","og_title":"Entenda sua conta de luz de forma definitiva &#8226; LUZ","og_description":"O grande n\u00famero de informa\u00e7\u00f5es presentes na conta de luz pode deixar a leitura confusa. Por isso aprenda o que cada item significa!","og_url":"https:\/\/sualuz.com.br\/blog\/entenda-sua-conta-de-luz\/","og_site_name":"Luz","article_published_time":"2026-01-24T19:25:00+00:00","article_modified_time":"2026-03-12T12:31:04+00:00","og_image":[{"width":550,"height":315,"url":"https:\/\/sualuz.com.br\/blog\/wp-content\/uploads\/2023\/02\/O-que-compoe-a-conta-de-luz.jpg","type":"image\/jpeg"}],"author":"Reda\u00e7\u00e3o Luz","twitter_card":"summary_large_image","twitter_misc":{"Escrito por":"Reda\u00e7\u00e3o Luz","Est. tempo de leitura":"7 minutos"},"schema":{"@context":"https:\/\/schema.org","@graph":[{"@type":"Article","@id":"https:\/\/sualuz.com.br\/blog\/entenda-sua-conta-de-luz\/#article","isPartOf":{"@id":"https:\/\/sualuz.com.br\/blog\/entenda-sua-conta-de-luz\/"},"author":{"name":"Reda\u00e7\u00e3o Luz","@id":"https:\/\/sualuz.com.br\/blog\/#\/schema\/person\/bbd73e4bf0b112afe9617925355b66a6"},"headline":"Entenda sua conta de luz de forma definitiva","datePublished":"2026-01-24T19:25:00+00:00","dateModified":"2026-03-12T12:31:04+00:00","mainEntityOfPage":{"@id":"https:\/\/sualuz.com.br\/blog\/entenda-sua-conta-de-luz\/"},"wordCount":1061,"commentCount":0,"publisher":{"@id":"https:\/\/sualuz.com.br\/blog\/#organization"},"image":{"@id":"https:\/\/sualuz.com.br\/blog\/entenda-sua-conta-de-luz\/#primaryimage"},"thumbnailUrl":"https:\/\/sualuz.com.br\/blog\/wp-content\/uploads\/2023\/02\/O-que-compoe-a-conta-de-luz.jpg","articleSection":["Energia"],"inLanguage":"pt-BR","potentialAction":[{"@type":"CommentAction","name":"Comment","target":["https:\/\/sualuz.com.br\/blog\/entenda-sua-conta-de-luz\/#respond"]}]},{"@type":"WebPage","@id":"https:\/\/sualuz.com.br\/blog\/entenda-sua-conta-de-luz\/","url":"https:\/\/sualuz.com.br\/blog\/entenda-sua-conta-de-luz\/","name":"Entenda sua conta de luz de forma definitiva &#8226; LUZ","isPartOf":{"@id":"https:\/\/sualuz.com.br\/blog\/#website"},"primaryImageOfPage":{"@id":"https:\/\/sualuz.com.br\/blog\/entenda-sua-conta-de-luz\/#primaryimage"},"image":{"@id":"https:\/\/sualuz.com.br\/blog\/entenda-sua-conta-de-luz\/#primaryimage"},"thumbnailUrl":"https:\/\/sualuz.com.br\/blog\/wp-content\/uploads\/2023\/02\/O-que-compoe-a-conta-de-luz.jpg","datePublished":"2026-01-24T19:25:00+00:00","dateModified":"2026-03-12T12:31:04+00:00","description":"O grande n\u00famero de informa\u00e7\u00f5es presentes na conta de luz pode deixar a leitura confusa. Por isso aprenda o que cada item significa!","breadcrumb":{"@id":"https:\/\/sualuz.com.br\/blog\/entenda-sua-conta-de-luz\/#breadcrumb"},"inLanguage":"pt-BR","potentialAction":[{"@type":"ReadAction","target":["https:\/\/sualuz.com.br\/blog\/entenda-sua-conta-de-luz\/"]}]},{"@type":"ImageObject","inLanguage":"pt-BR","@id":"https:\/\/sualuz.com.br\/blog\/entenda-sua-conta-de-luz\/#primaryimage","url":"https:\/\/sualuz.com.br\/blog\/wp-content\/uploads\/2023\/02\/O-que-compoe-a-conta-de-luz.jpg","contentUrl":"https:\/\/sualuz.com.br\/blog\/wp-content\/uploads\/2023\/02\/O-que-compoe-a-conta-de-luz.jpg","width":550,"height":315},{"@type":"BreadcrumbList","@id":"https:\/\/sualuz.com.br\/blog\/entenda-sua-conta-de-luz\/#breadcrumb","itemListElement":[{"@type":"ListItem","position":1,"name":"In\u00edcio","item":"https:\/\/sualuz.com.br\/blog\/"},{"@type":"ListItem","position":2,"name":"Entenda sua conta de luz de forma definitiva"}]},{"@type":"WebSite","@id":"https:\/\/sualuz.com.br\/blog\/#website","url":"https:\/\/sualuz.com.br\/blog\/","name":"LUZ","description":"","publisher":{"@id":"https:\/\/sualuz.com.br\/blog\/#organization"},"potentialAction":[{"@type":"SearchAction","target":{"@type":"EntryPoint","urlTemplate":"https:\/\/sualuz.com.br\/blog\/?s={search_term_string}"},"query-input":{"@type":"PropertyValueSpecification","valueRequired":true,"valueName":"search_term_string"}}],"inLanguage":"pt-BR"},{"@type":"Organization","@id":"https:\/\/sualuz.com.br\/blog\/#organization","name":"LUZ","url":"https:\/\/sualuz.com.br\/blog\/","logo":{"@type":"ImageObject","inLanguage":"pt-BR","@id":"https:\/\/sualuz.com.br\/blog\/#\/schema\/logo\/image\/","url":"https:\/\/sualuz.com.br\/blog\/wp-content\/uploads\/2025\/01\/sua-luz-favicon-flat.png","contentUrl":"https:\/\/sualuz.com.br\/blog\/wp-content\/uploads\/2025\/01\/sua-luz-favicon-flat.png","width":512,"height":512,"caption":"LUZ"},"image":{"@id":"https:\/\/sualuz.com.br\/blog\/#\/schema\/logo\/image\/"}},{"@type":"Person","@id":"https:\/\/sualuz.com.br\/blog\/#\/schema\/person\/bbd73e4bf0b112afe9617925355b66a6","name":"Reda\u00e7\u00e3o Luz","image":{"@type":"ImageObject","inLanguage":"pt-BR","@id":"https:\/\/sualuz.com.br\/blog\/#\/schema\/person\/image\/","url":"https:\/\/secure.gravatar.com\/avatar\/ed5b5c3c1f38a53655478b5e2e41d120?s=96&d=mm&r=g","contentUrl":"https:\/\/secure.gravatar.com\/avatar\/ed5b5c3c1f38a53655478b5e2e41d120?s=96&d=mm&r=g","caption":"Reda\u00e7\u00e3o Luz"},"description":"A Reda\u00e7\u00e3o Luz \u00e9 a voz da primeira energytech 100% digital do Brasil. Nosso time de especialistas produz conte\u00fados focados em transformar a sua rela\u00e7\u00e3o com a energia, entregando informa\u00e7\u00e3o com a mesma transpar\u00eancia e seguran\u00e7a da nossa tecnologia. Aqui, unimos dados, inova\u00e7\u00e3o e sustentabilidade para trazer dicas pr\u00e1ticas de economia e previsibilidade, para sua casa ou empresa, empoderando voc\u00ea com a liberdade de escolha para assumir o controle total do seu consumo. Afinal, a nova energia do Brasil \u00e9 digital e simples.","sameAs":["https:\/\/sualuz.com.br\/","https:\/\/www.instagram.com\/sualuz_oficial\/","https:\/\/www.linkedin.com\/company\/sualuz","https:\/\/www.youtube.com\/@sualuz"],"url":"https:\/\/sualuz.com.br\/blog\/author\/marketing-luz\/"}]}},"_links":{"self":[{"href":"https:\/\/sualuz.com.br\/blog\/wp-json\/wp\/v2\/posts\/1971","targetHints":{"allow":["GET"]}}],"collection":[{"href":"https:\/\/sualuz.com.br\/blog\/wp-json\/wp\/v2\/posts"}],"about":[{"href":"https:\/\/sualuz.com.br\/blog\/wp-json\/wp\/v2\/types\/post"}],"author":[{"embeddable":true,"href":"https:\/\/sualuz.com.br\/blog\/wp-json\/wp\/v2\/users\/14"}],"replies":[{"embeddable":true,"href":"https:\/\/sualuz.com.br\/blog\/wp-json\/wp\/v2\/comments?post=1971"}],"version-history":[{"count":9,"href":"https:\/\/sualuz.com.br\/blog\/wp-json\/wp\/v2\/posts\/1971\/revisions"}],"predecessor-version":[{"id":1983,"href":"https:\/\/sualuz.com.br\/blog\/wp-json\/wp\/v2\/posts\/1971\/revisions\/1983"}],"wp:featuredmedia":[{"embeddable":true,"href":"https:\/\/sualuz.com.br\/blog\/wp-json\/wp\/v2\/media\/1975"}],"wp:attachment":[{"href":"https:\/\/sualuz.com.br\/blog\/wp-json\/wp\/v2\/media?parent=1971"}],"wp:term":[{"taxonomy":"category","embeddable":true,"href":"https:\/\/sualuz.com.br\/blog\/wp-json\/wp\/v2\/categories?post=1971"},{"taxonomy":"post_tag","embeddable":true,"href":"https:\/\/sualuz.com.br\/blog\/wp-json\/wp\/v2\/tags?post=1971"}],"curies":[{"name":"wp","href":"https:\/\/api.w.org\/{rel}","templated":true}]}}