{"id":1780,"date":"2026-02-02T16:36:00","date_gmt":"2026-02-02T19:36:00","guid":{"rendered":"https:\/\/3.236.142.92\/?p=1780"},"modified":"2026-03-12T09:30:50","modified_gmt":"2026-03-12T12:30:50","slug":"mudancas-climaticas","status":"publish","type":"post","link":"https:\/\/sualuz.com.br\/blog\/mudancas-climaticas\/","title":{"rendered":"Mudan\u00e7as clim\u00e1ticas: causas, consequ\u00eancias e solu\u00e7\u00f5es"},"content":{"rendered":"\n<p>Nosso planeta est\u00e1 mudando, e infelizmente, para <strong>pior<\/strong>. Desde a revolu\u00e7\u00e3o industrial, a fauna e a flora de todo o planeta v\u00eam sofrendo muito. Al\u00e9m de afetar o equil\u00edbrio das esp\u00e9cies, gerar polui\u00e7\u00e3o do ar e da \u00e1gua, o acelerado desenvolvimento do mercado t\u00eam colocado em cheque o <strong>futuro do planeta<\/strong>.<\/p>\n\n\n\n<p>Mas \u00e9 necess\u00e1rio entender o contexto completo para saber como isso come\u00e7ou, qual nosso cen\u00e1rio atual e para onde vamos nesse ritmo. Com a quantidade grande de informa\u00e7\u00f5es, o entendimento de tudo pode ficar um pouco confuso.<\/p>\n\n\n\n<p>Por isso, preparamos um guia completo para que todas as suas perguntas sobre as mudan\u00e7as clim\u00e1ticas sejam respondidas!<\/p>\n\n\n\n<p><\/p>\n\n\n\n<h2 class=\"wp-block-heading\"><strong><mark style=\"background-color:rgba(0, 0, 0, 0);color:#332053\" class=\"has-inline-color\">O que s\u00e3o mudan\u00e7as clim\u00e1ticas?<\/mark><\/strong><\/h2>\n\n\n\n<p><\/p>\n\n\n\n<p>As mudan\u00e7as clim\u00e1ticas s\u00e3o <strong>altera\u00e7\u00f5es no clima global<\/strong> ou local que podem ser causadas naturalmente (a erup\u00e7\u00e3o de um vulc\u00e3o, por exemplo) ou pelas atividades humanas (como a emiss\u00e3o de gases de efeito estufa por ind\u00fastrias). <\/p>\n\n\n\n<figure class=\"wp-block-image size-large\"><img fetchpriority=\"high\" decoding=\"async\" width=\"1024\" height=\"683\" src=\"https:\/\/apiapp.sualuz.com.br\/wp\/wp-content\/uploads\/2023\/01\/chris-leboutillier-TUJud0AWAPI-unsplash-1024x683.jpg\" alt=\"mudan\u00e7as clim\u00e1ticas\" class=\"wp-image-1793\" srcset=\"https:\/\/sualuz.com.br\/blog\/wp-content\/uploads\/2023\/01\/chris-leboutillier-TUJud0AWAPI-unsplash-1024x683.jpg 1024w, https:\/\/sualuz.com.br\/blog\/wp-content\/uploads\/2023\/01\/chris-leboutillier-TUJud0AWAPI-unsplash-300x200.jpg 300w, https:\/\/sualuz.com.br\/blog\/wp-content\/uploads\/2023\/01\/chris-leboutillier-TUJud0AWAPI-unsplash-768x512.jpg 768w, https:\/\/sualuz.com.br\/blog\/wp-content\/uploads\/2023\/01\/chris-leboutillier-TUJud0AWAPI-unsplash-1536x1024.jpg 1536w, https:\/\/sualuz.com.br\/blog\/wp-content\/uploads\/2023\/01\/chris-leboutillier-TUJud0AWAPI-unsplash-1200x800.jpg 1200w, https:\/\/sualuz.com.br\/blog\/wp-content\/uploads\/2023\/01\/chris-leboutillier-TUJud0AWAPI-unsplash.jpg 1920w\" sizes=\"(max-width: 1024px) 100vw, 1024px\" \/><\/figure>\n\n\n\n<p><\/p>\n\n\n\n<p>Essas altera\u00e7\u00f5es podem incluir aumento da temperatura m\u00e9dia global, altera\u00e7\u00f5es na precipita\u00e7\u00e3o e no padr\u00e3o de ventos, e varia\u00e7\u00f5es no ciclo de chuvas. Todas essas mudan\u00e7as clim\u00e1ticas t\u00eam impactos significativos na vida humana e no meio ambiente.<\/p>\n\n\n\n<p><\/p>\n\n\n\n<h2 class=\"wp-block-heading\"><strong><mark style=\"background-color:rgba(0, 0, 0, 0);color:#332053\" class=\"has-inline-color\">As mudan\u00e7as clim\u00e1ticas s\u00e3o reais?<\/mark><\/strong><\/h2>\n\n\n\n<p><\/p>\n\n\n\n<p>Por mais que diversos cientistas ao longo de <strong>d\u00e9cadas<\/strong> tenham nos alertado sobre o estado em que pod\u00edamos deixar o planeta para o futuro, muitas pessoas ainda acham que tudo isso n\u00e3o passa de papo furado.<\/p>\n\n\n\n<p>Afinal, pode ser f\u00e1cil pensar que n\u00e3o existem mudan\u00e7as clim\u00e1ticas usando de argumentos como: &#8220;eu ainda consigo respirar e tenho \u00e1gua limpa para tomar&#8221;, &#8220;no ver\u00e3o faz calor e no inverno faz frio, n\u00e3o tem mudan\u00e7a clim\u00e1tica nenhuma&#8221;.<\/p>\n\n\n\n<p>Mas n\u00e3o \u00e9 bem assim. A <strong>narrativa<\/strong> de que o aquecimento global e outras mudan\u00e7as clim\u00e1ticas n\u00e3o existem \u00e9 <strong>cuidadosamente plantada<\/strong> justamente para gerar esse tipo de questionamento.<\/p>\n\n\n\n<p>Recomendamos muito o v\u00eddeo abaixo, produzido pelo canal <strong>Nerdologia<\/strong> que explica de forma simples e r\u00e1pida como nosso planeta est\u00e1 mudando e por que ainda existem pessoas que n\u00e3o acreditam nisso.<\/p>\n\n\n\n<p><\/p>\n\n\n\n<figure class=\"wp-block-embed is-type-video is-provider-youtube wp-block-embed-youtube wp-embed-aspect-16-9 wp-has-aspect-ratio\"><div class=\"wp-block-embed__wrapper\">\n<iframe title=\"Aquecimento Global | Nerdologia\" width=\"800\" height=\"450\" src=\"https:\/\/www.youtube.com\/embed\/8sovsUzYZFM?feature=oembed\" frameborder=\"0\" allow=\"accelerometer; autoplay; clipboard-write; encrypted-media; gyroscope; picture-in-picture; web-share\" referrerpolicy=\"strict-origin-when-cross-origin\" allowfullscreen><\/iframe>\n<\/div><\/figure>\n\n\n\n<p><\/p>\n\n\n\n<p><\/p>\n\n\n\n<h2 class=\"wp-block-heading\"><strong><mark style=\"background-color:rgba(0, 0, 0, 0);color:#332053\" class=\"has-inline-color\">Quais os efeitos das mudan\u00e7as clim\u00e1ticas?<\/mark><\/strong><\/h2>\n\n\n\n<p><\/p>\n\n\n\n<p>Mas como isso tudo afeta o planeta diariamente? <\/p>\n\n\n\n<p>Os efeitos das mudan\u00e7as clim\u00e1ticas podem ser amplos e variados. Listamos alguns dos principais abaixo.<\/p>\n\n\n\n<ul class=\"wp-block-list\">\n<li><strong>Aumento da temperatura m\u00e9dia global<\/strong>, o que pode levar a ondas de calor, secas e inc\u00eandios florestais mais frequentes e intensos.<\/li>\n<\/ul>\n\n\n\n<p><\/p>\n\n\n\n<figure class=\"wp-block-image size-large\"><img decoding=\"async\" width=\"1024\" height=\"683\" src=\"https:\/\/apiapp.sualuz.com.br\/wp\/wp-content\/uploads\/2023\/01\/matt-palmer-kbTp7dBzHyY-unsplash-1024x683.jpg\" alt=\"floresta queimando \" class=\"wp-image-1784\" srcset=\"https:\/\/sualuz.com.br\/blog\/wp-content\/uploads\/2023\/01\/matt-palmer-kbTp7dBzHyY-unsplash-1024x683.jpg 1024w, https:\/\/sualuz.com.br\/blog\/wp-content\/uploads\/2023\/01\/matt-palmer-kbTp7dBzHyY-unsplash-300x200.jpg 300w, https:\/\/sualuz.com.br\/blog\/wp-content\/uploads\/2023\/01\/matt-palmer-kbTp7dBzHyY-unsplash-768x512.jpg 768w, https:\/\/sualuz.com.br\/blog\/wp-content\/uploads\/2023\/01\/matt-palmer-kbTp7dBzHyY-unsplash-1536x1025.jpg 1536w, https:\/\/sualuz.com.br\/blog\/wp-content\/uploads\/2023\/01\/matt-palmer-kbTp7dBzHyY-unsplash-1200x801.jpg 1200w, https:\/\/sualuz.com.br\/blog\/wp-content\/uploads\/2023\/01\/matt-palmer-kbTp7dBzHyY-unsplash.jpg 1920w\" sizes=\"(max-width: 1024px) 100vw, 1024px\" \/><\/figure>\n\n\n\n<p><\/p>\n\n\n\n<ul class=\"wp-block-list\">\n<li><strong>Altera\u00e7\u00f5es no padr\u00e3o de chuvas<\/strong> e na disponibilidade de \u00e1gua, o que pode afetar a agricultura e a produ\u00e7\u00e3o de alimentos.<\/li>\n\n\n\n<li><strong>O aumento do n\u00edvel do mar<\/strong> devido ao derretimento de geleiras, o que pode inundar \u00e1reas costeiras e ilhas.<\/li>\n<\/ul>\n\n\n\n<p><\/p>\n\n\n\n<figure class=\"wp-block-image size-large\"><img decoding=\"async\" width=\"1024\" height=\"768\" src=\"https:\/\/apiapp.sualuz.com.br\/wp\/wp-content\/uploads\/2023\/01\/melissa-bradley-96iwiAxOuJw-unsplash-1-1024x768.jpg\" alt=\"geleira flutuando no oceano\" class=\"wp-image-1787\" srcset=\"https:\/\/sualuz.com.br\/blog\/wp-content\/uploads\/2023\/01\/melissa-bradley-96iwiAxOuJw-unsplash-1-1024x768.jpg 1024w, https:\/\/sualuz.com.br\/blog\/wp-content\/uploads\/2023\/01\/melissa-bradley-96iwiAxOuJw-unsplash-1-300x225.jpg 300w, https:\/\/sualuz.com.br\/blog\/wp-content\/uploads\/2023\/01\/melissa-bradley-96iwiAxOuJw-unsplash-1-768x576.jpg 768w, https:\/\/sualuz.com.br\/blog\/wp-content\/uploads\/2023\/01\/melissa-bradley-96iwiAxOuJw-unsplash-1-1536x1152.jpg 1536w, https:\/\/sualuz.com.br\/blog\/wp-content\/uploads\/2023\/01\/melissa-bradley-96iwiAxOuJw-unsplash-1-1200x900.jpg 1200w, https:\/\/sualuz.com.br\/blog\/wp-content\/uploads\/2023\/01\/melissa-bradley-96iwiAxOuJw-unsplash-1.jpg 1920w\" sizes=\"(max-width: 1024px) 100vw, 1024px\" \/><\/figure>\n\n\n\n<p><\/p>\n\n\n\n<ul class=\"wp-block-list\">\n<li><strong>Altera\u00e7\u00f5es nos padr\u00f5es clim\u00e1ticos<\/strong>, incluindo tempestades mais intensas e ciclones tropicais.<\/li>\n\n\n\n<li><strong>Mudan\u00e7as na biodiversidade<\/strong> em todo o planeta, incluindo extin\u00e7\u00e3o de esp\u00e9cies e deslocamento de ecossistemas.<\/li>\n\n\n\n<li><strong>Impactos na sa\u00fade humana<\/strong>, incluindo doen\u00e7as respirat\u00f3rias e doen\u00e7as transmitidas por vetor.<\/li>\n<\/ul>\n\n\n\n<p>Al\u00e9m disso, as mudan\u00e7as clim\u00e1ticas t\u00eam impactos econ\u00f4micos significativos, incluindo perda de produ\u00e7\u00e3o agr\u00edcola, danos \u00e0 propriedade e perda de renda.<\/p>\n\n\n\n<p><\/p>\n\n\n\n<h2 class=\"wp-block-heading\"><strong><mark style=\"background-color:rgba(0, 0, 0, 0);color:#332053\" class=\"has-inline-color\">Por que devemos nos preocupar com as mudan\u00e7as clim\u00e1ticas?<\/mark><\/strong><\/h2>\n\n\n\n<p><\/p>\n\n\n\n<p>Certo, a situa\u00e7\u00e3o n\u00e3o est\u00e1 nada boa, mas o que podemos fazer para contornar isso? Ainda da tempo de salvar nosso planeta e o futuro da nossa esp\u00e9cie?<\/p>\n\n\n\n<p><strong>A resposta \u00e9 sim!<\/strong> Mas o prazo est\u00e1 ficando cada vez mais apertado. Existem v\u00e1rias solu\u00e7\u00f5es poss\u00edveis para as mudan\u00e7as clim\u00e1ticas, incluindo:<\/p>\n\n\n\n<p><\/p>\n\n\n\n<ul class=\"wp-block-list\">\n<li><strong>Redu\u00e7\u00e3o das emiss\u00f5es de gases de efeito estufa:<\/strong> Isso pode ser alcan\u00e7ado atrav\u00e9s de medidas como aumentar a efici\u00eancia energ\u00e9tica, substituir fontes de energia f\u00f3ssil por fontes de energia renov\u00e1veis, e investir em tecnologias de captura e armazenamento de carbono.<\/li>\n\n\n\n<li><strong>Adapta\u00e7\u00e3o<\/strong>: Isso inclui medidas para preparar as comunidades e o meio ambiente para os efeitos das mudan\u00e7as clim\u00e1ticas, como a constru\u00e7\u00e3o de barreiras costeiras, o desenvolvimento de sistemas de alerta antecipado para eventos clim\u00e1ticos extremos e a agricultura de adapta\u00e7\u00e3o.<\/li>\n\n\n\n<li><strong>Prote\u00e7\u00e3o e conserva\u00e7\u00e3o de florestas e outros ecossistemas<\/strong>: As florestas, os oceanos e outros ecossistemas s\u00e3o importantes &#8220;sumidouros&#8221; de carbono, e sua prote\u00e7\u00e3o e conserva\u00e7\u00e3o pode ajudar a reduzir as emiss\u00f5es de gases de efeito estufa.<\/li>\n\n\n\n<li><strong>Investimento em pesquisa e desenvolvimento<\/strong>: Isso inclui o investimento em novas tecnologias para ajudar a reduzir as emiss\u00f5es de gases de efeito estufa e aumentar a capacidade de produ\u00e7\u00e3o e <a href=\"https:\/\/bit.ly\/3H6qfzf\" target=\"_blank\" rel=\"noreferrer noopener\">energia limpa<\/a>, bem como a pesquisa para melhor entender as implica\u00e7\u00f5es das mudan\u00e7as clim\u00e1ticas.<\/li>\n\n\n\n<li><strong>Mudan\u00e7as de comportamento<\/strong>: Isso inclui mudan\u00e7as na forma como as pessoas vivem e consumem, como reduzir o uso de energia, mudar para alimenta\u00e7\u00e3o vegetariana, e diminuir o consumo de carne e latic\u00ednios.<\/li>\n<\/ul>\n\n\n\n<p><\/p>\n\n\n\n<p>Como diria o ditado: uma andorinha s\u00f3 n\u00e3o faz ver\u00e3o. Neste caso, uma pessoa s\u00f3 n\u00e3o salva um planet\u00e3o.<\/p>\n\n\n\n<p>Como citamos acima, \u00e9 poss\u00edvel sim tomar atitudes individuas para diminuir seu impacto no meio ambiente. Ser o exemplo \u00e9 muito importante para que mais pessoas se sintam motivadas a seguir o mesmo caminho.<\/p>\n\n\n\n<p>Mas a grande maioria das a\u00e7\u00f5es devem ser tomadas por governos ao redor do mundo. S\u00e3o necess\u00e1rias leis e incentivos para o consumo e gera\u00e7\u00e3o de energia limpa, al\u00e9m de puni\u00e7\u00f5es severas para quem polui o meio ambiente.<\/p>\n\n\n\n<figure class=\"wp-block-image size-large\"><img loading=\"lazy\" decoding=\"async\" width=\"1024\" height=\"683\" src=\"https:\/\/apiapp.sualuz.com.br\/wp\/wp-content\/uploads\/2023\/01\/markus-spiske-dYZumbs8f_E-unsplash-1024x683.jpg\" alt=\"cartaz com a frase justi\u00e7a clim\u00e1tica agora\" class=\"wp-image-1789\" srcset=\"https:\/\/sualuz.com.br\/blog\/wp-content\/uploads\/2023\/01\/markus-spiske-dYZumbs8f_E-unsplash-1024x683.jpg 1024w, https:\/\/sualuz.com.br\/blog\/wp-content\/uploads\/2023\/01\/markus-spiske-dYZumbs8f_E-unsplash-300x200.jpg 300w, https:\/\/sualuz.com.br\/blog\/wp-content\/uploads\/2023\/01\/markus-spiske-dYZumbs8f_E-unsplash-768x512.jpg 768w, https:\/\/sualuz.com.br\/blog\/wp-content\/uploads\/2023\/01\/markus-spiske-dYZumbs8f_E-unsplash-1536x1024.jpg 1536w, https:\/\/sualuz.com.br\/blog\/wp-content\/uploads\/2023\/01\/markus-spiske-dYZumbs8f_E-unsplash-1200x800.jpg 1200w, https:\/\/sualuz.com.br\/blog\/wp-content\/uploads\/2023\/01\/markus-spiske-dYZumbs8f_E-unsplash.jpg 1920w\" sizes=\"(max-width: 1024px) 100vw, 1024px\" \/><\/figure>\n\n\n\n<p>Siga organiza\u00e7\u00f5es ambientais, pressione membros do seu governo a tomarem atitudes e fa\u00e7a sua parte. Juntos podemos salvar nosso planeta!<\/p>\n\n\n\n<p><\/p>\n\n\n\n<h2 class=\"wp-block-heading\"><strong><mark style=\"background-color:rgba(0, 0, 0, 0);color:#332053\" class=\"has-inline-color\">Como ter energia renov\u00e1vel na sua casa (sem precisar instalar pain\u00e9is solares)<\/mark><\/strong><\/h2>\n\n\n\n<p><\/p>\n\n\n\n<p>Bom, quando o assunto \u00e9 mudan\u00e7as clim\u00e1ticas, automaticamente pensamos em <strong>energia renov\u00e1vel<\/strong>. Afinal, quem nunca pensou em colocar um telhadinho de pain\u00e9is solares para, al\u00e9m de ajudar o planeta, dar aquela economizada na conta de energia?<\/p>\n\n\n\n<p>E se eu te disser que voc\u00ea pode ter todos esses benef\u00edcios sem precisar instalar pain\u00e9is solares na sua casa?<\/p>\n\n\n\n<p>\u00c9 isso mesmo! Com a <a href=\"https:\/\/bit.ly\/3XyqSsl\" target=\"_blank\" rel=\"noreferrer noopener\">LUZ<\/a> voc\u00ea tem acesso \u00e0 energia totalmente limpa e, com isso, ganha um <strong>desconto de at\u00e9 20%<\/strong> todos os meses na sua fatura de energia. N\u00f3s tamb\u00e9m fornecemos um <strong>medidor de energia inteligente<\/strong> que permite a visualiza\u00e7\u00e3o do seu consumo de energia em tempo real, atrav\u00e9s do seu celular.<\/p>\n\n\n\n<figure class=\"wp-block-image size-large\"><img loading=\"lazy\" decoding=\"async\" width=\"1024\" height=\"504\" src=\"https:\/\/apiapp.sualuz.com.br\/wp\/wp-content\/uploads\/2022\/10\/medidor-inteligente-2-2-1024x504.jpg\" alt=\"medidor de energia inteligente e aplicativo LUZ\" class=\"wp-image-1077\" srcset=\"https:\/\/sualuz.com.br\/blog\/wp-content\/uploads\/2022\/10\/medidor-inteligente-2-2-1024x504.jpg 1024w, https:\/\/sualuz.com.br\/blog\/wp-content\/uploads\/2022\/10\/medidor-inteligente-2-2-300x148.jpg 300w, https:\/\/sualuz.com.br\/blog\/wp-content\/uploads\/2022\/10\/medidor-inteligente-2-2-768x378.jpg 768w, https:\/\/sualuz.com.br\/blog\/wp-content\/uploads\/2022\/10\/medidor-inteligente-2-2-1536x756.jpg 1536w, https:\/\/sualuz.com.br\/blog\/wp-content\/uploads\/2022\/10\/medidor-inteligente-2-2-2048x1007.jpg 2048w, https:\/\/sualuz.com.br\/blog\/wp-content\/uploads\/2022\/10\/medidor-inteligente-2-2-1200x590.jpg 1200w, https:\/\/sualuz.com.br\/blog\/wp-content\/uploads\/2022\/10\/medidor-inteligente-2-2-1980x974.jpg 1980w\" sizes=\"(max-width: 1024px) 100vw, 1024px\" \/><\/figure>\n\n\n\n<p>Voc\u00ea n\u00e3o entendeu errado: desconto de at\u00e9 20% todos os meses na fatura de energia e aplicativo inteligente que deixa voc\u00ea ver seu consumo, tudo isso de <strong>forma gratuita<\/strong>!<\/p>\n\n\n\n<p>Para ter acesso a tudo isso, basta realizar nossa <a href=\"https:\/\/bit.ly\/3Jdajhy\" target=\"_blank\" rel=\"noreferrer noopener\">simula\u00e7\u00e3o<\/a> e, com mais alguns cliques, voc\u00ea j\u00e1 far\u00e1 parte do futuro da energia!<\/p>\n","protected":false},"excerpt":{"rendered":"<p>Nosso planeta est\u00e1 mudando, e infelizmente, para pior. Desde a revolu\u00e7\u00e3o industrial, a fauna e a flora de todo o planeta v\u00eam sofrendo muito. Al\u00e9m de afetar o equil\u00edbrio das esp\u00e9cies, gerar polui\u00e7\u00e3o do ar e da \u00e1gua, o acelerado desenvolvimento do mercado t\u00eam colocado em cheque o futuro do planeta. Mas \u00e9 necess\u00e1rio entender [&hellip;]<\/p>\n","protected":false},"author":14,"featured_media":1792,"comment_status":"open","ping_status":"open","sticky":false,"template":"","format":"standard","meta":{"footnotes":""},"categories":[5],"tags":[],"class_list":["post-1780","post","type-post","status-publish","format-standard","has-post-thumbnail","hentry","category-energia"],"acf":{"post_title":"Mudan\u00e7as clim\u00e1ticas: causas, consequ\u00eancias e solu\u00e7\u00f5es","post_description":"Conhe\u00e7a a fundo o que s\u00e3o mudan\u00e7as clim\u00e1ticas, os efeitos que elas t\u00eam em nosso dia a dia e como podemos par\u00e1-las.","post_author":"Leonardo Henrique","post_author_description":"Redator e analista de SEO na LUZ","post_author_image":1170,"post_image":1792},"yoast_head":"<!-- This site is optimized with the Yoast SEO plugin v26.8 - https:\/\/yoast.com\/product\/yoast-seo-wordpress\/ -->\n<title>Mudan\u00e7as clim\u00e1ticas: causas, consequ\u00eancias e solu\u00e7\u00f5es &#8226; LUZ<\/title>\n<meta name=\"description\" content=\"Conhe\u00e7a a fundo o que s\u00e3o mudan\u00e7as clim\u00e1ticas, os efeitos que elas t\u00eam em nosso dia a dia e como podemos par\u00e1-las.\" \/>\n<meta name=\"robots\" content=\"index, follow, max-snippet:-1, max-image-preview:large, max-video-preview:-1\" \/>\n<link rel=\"canonical\" href=\"https:\/\/sualuz.com.br\/blog\/mudancas-climaticas\/\" \/>\n<meta property=\"og:locale\" content=\"pt_BR\" \/>\n<meta property=\"og:type\" content=\"article\" \/>\n<meta property=\"og:title\" content=\"Mudan\u00e7as clim\u00e1ticas: causas, consequ\u00eancias e solu\u00e7\u00f5es &#8226; LUZ\" \/>\n<meta property=\"og:description\" content=\"Conhe\u00e7a a fundo o que s\u00e3o mudan\u00e7as clim\u00e1ticas, os efeitos que elas t\u00eam em nosso dia a dia e como podemos par\u00e1-las.\" \/>\n<meta property=\"og:url\" content=\"https:\/\/sualuz.com.br\/blog\/mudancas-climaticas\/\" \/>\n<meta property=\"og:site_name\" content=\"Luz\" \/>\n<meta property=\"article:published_time\" content=\"2026-02-02T19:36:00+00:00\" \/>\n<meta property=\"article:modified_time\" content=\"2026-03-12T12:30:50+00:00\" \/>\n<meta property=\"og:image\" content=\"https:\/\/sualuz.com.br\/blog\/wp-content\/uploads\/2023\/01\/Aquecimento-global.jpg\" \/>\n\t<meta property=\"og:image:width\" content=\"550\" \/>\n\t<meta property=\"og:image:height\" content=\"315\" \/>\n\t<meta property=\"og:image:type\" content=\"image\/jpeg\" \/>\n<meta name=\"author\" content=\"Reda\u00e7\u00e3o Luz\" \/>\n<meta name=\"twitter:card\" content=\"summary_large_image\" \/>\n<meta name=\"twitter:label1\" content=\"Escrito por\" \/>\n\t<meta name=\"twitter:data1\" content=\"Reda\u00e7\u00e3o Luz\" \/>\n\t<meta name=\"twitter:label2\" content=\"Est. tempo de leitura\" \/>\n\t<meta name=\"twitter:data2\" content=\"7 minutos\" \/>\n<script type=\"application\/ld+json\" class=\"yoast-schema-graph\">{\"@context\":\"https:\/\/schema.org\",\"@graph\":[{\"@type\":\"Article\",\"@id\":\"https:\/\/sualuz.com.br\/blog\/mudancas-climaticas\/#article\",\"isPartOf\":{\"@id\":\"https:\/\/sualuz.com.br\/blog\/mudancas-climaticas\/\"},\"author\":{\"name\":\"Reda\u00e7\u00e3o Luz\",\"@id\":\"https:\/\/sualuz.com.br\/blog\/#\/schema\/person\/bbd73e4bf0b112afe9617925355b66a6\"},\"headline\":\"Mudan\u00e7as clim\u00e1ticas: causas, consequ\u00eancias e solu\u00e7\u00f5es\",\"datePublished\":\"2026-02-02T19:36:00+00:00\",\"dateModified\":\"2026-03-12T12:30:50+00:00\",\"mainEntityOfPage\":{\"@id\":\"https:\/\/sualuz.com.br\/blog\/mudancas-climaticas\/\"},\"wordCount\":1160,\"commentCount\":0,\"publisher\":{\"@id\":\"https:\/\/sualuz.com.br\/blog\/#organization\"},\"image\":{\"@id\":\"https:\/\/sualuz.com.br\/blog\/mudancas-climaticas\/#primaryimage\"},\"thumbnailUrl\":\"https:\/\/sualuz.com.br\/blog\/wp-content\/uploads\/2023\/01\/Aquecimento-global.jpg\",\"articleSection\":[\"Energia\"],\"inLanguage\":\"pt-BR\",\"potentialAction\":[{\"@type\":\"CommentAction\",\"name\":\"Comment\",\"target\":[\"https:\/\/sualuz.com.br\/blog\/mudancas-climaticas\/#respond\"]}]},{\"@type\":\"WebPage\",\"@id\":\"https:\/\/sualuz.com.br\/blog\/mudancas-climaticas\/\",\"url\":\"https:\/\/sualuz.com.br\/blog\/mudancas-climaticas\/\",\"name\":\"Mudan\u00e7as clim\u00e1ticas: causas, consequ\u00eancias e solu\u00e7\u00f5es &#8226; LUZ\",\"isPartOf\":{\"@id\":\"https:\/\/sualuz.com.br\/blog\/#website\"},\"primaryImageOfPage\":{\"@id\":\"https:\/\/sualuz.com.br\/blog\/mudancas-climaticas\/#primaryimage\"},\"image\":{\"@id\":\"https:\/\/sualuz.com.br\/blog\/mudancas-climaticas\/#primaryimage\"},\"thumbnailUrl\":\"https:\/\/sualuz.com.br\/blog\/wp-content\/uploads\/2023\/01\/Aquecimento-global.jpg\",\"datePublished\":\"2026-02-02T19:36:00+00:00\",\"dateModified\":\"2026-03-12T12:30:50+00:00\",\"description\":\"Conhe\u00e7a a fundo o que s\u00e3o mudan\u00e7as clim\u00e1ticas, os efeitos que elas t\u00eam em nosso dia a dia e como podemos par\u00e1-las.\",\"breadcrumb\":{\"@id\":\"https:\/\/sualuz.com.br\/blog\/mudancas-climaticas\/#breadcrumb\"},\"inLanguage\":\"pt-BR\",\"potentialAction\":[{\"@type\":\"ReadAction\",\"target\":[\"https:\/\/sualuz.com.br\/blog\/mudancas-climaticas\/\"]}]},{\"@type\":\"ImageObject\",\"inLanguage\":\"pt-BR\",\"@id\":\"https:\/\/sualuz.com.br\/blog\/mudancas-climaticas\/#primaryimage\",\"url\":\"https:\/\/sualuz.com.br\/blog\/wp-content\/uploads\/2023\/01\/Aquecimento-global.jpg\",\"contentUrl\":\"https:\/\/sualuz.com.br\/blog\/wp-content\/uploads\/2023\/01\/Aquecimento-global.jpg\",\"width\":550,\"height\":315,\"caption\":\"Aquecimento global\"},{\"@type\":\"BreadcrumbList\",\"@id\":\"https:\/\/sualuz.com.br\/blog\/mudancas-climaticas\/#breadcrumb\",\"itemListElement\":[{\"@type\":\"ListItem\",\"position\":1,\"name\":\"In\u00edcio\",\"item\":\"https:\/\/sualuz.com.br\/blog\/\"},{\"@type\":\"ListItem\",\"position\":2,\"name\":\"Mudan\u00e7as clim\u00e1ticas: causas, consequ\u00eancias e solu\u00e7\u00f5es\"}]},{\"@type\":\"WebSite\",\"@id\":\"https:\/\/sualuz.com.br\/blog\/#website\",\"url\":\"https:\/\/sualuz.com.br\/blog\/\",\"name\":\"LUZ\",\"description\":\"\",\"publisher\":{\"@id\":\"https:\/\/sualuz.com.br\/blog\/#organization\"},\"potentialAction\":[{\"@type\":\"SearchAction\",\"target\":{\"@type\":\"EntryPoint\",\"urlTemplate\":\"https:\/\/sualuz.com.br\/blog\/?s={search_term_string}\"},\"query-input\":{\"@type\":\"PropertyValueSpecification\",\"valueRequired\":true,\"valueName\":\"search_term_string\"}}],\"inLanguage\":\"pt-BR\"},{\"@type\":\"Organization\",\"@id\":\"https:\/\/sualuz.com.br\/blog\/#organization\",\"name\":\"LUZ\",\"url\":\"https:\/\/sualuz.com.br\/blog\/\",\"logo\":{\"@type\":\"ImageObject\",\"inLanguage\":\"pt-BR\",\"@id\":\"https:\/\/sualuz.com.br\/blog\/#\/schema\/logo\/image\/\",\"url\":\"https:\/\/sualuz.com.br\/blog\/wp-content\/uploads\/2025\/01\/sua-luz-favicon-flat.png\",\"contentUrl\":\"https:\/\/sualuz.com.br\/blog\/wp-content\/uploads\/2025\/01\/sua-luz-favicon-flat.png\",\"width\":512,\"height\":512,\"caption\":\"LUZ\"},\"image\":{\"@id\":\"https:\/\/sualuz.com.br\/blog\/#\/schema\/logo\/image\/\"}},{\"@type\":\"Person\",\"@id\":\"https:\/\/sualuz.com.br\/blog\/#\/schema\/person\/bbd73e4bf0b112afe9617925355b66a6\",\"name\":\"Reda\u00e7\u00e3o Luz\",\"image\":{\"@type\":\"ImageObject\",\"inLanguage\":\"pt-BR\",\"@id\":\"https:\/\/sualuz.com.br\/blog\/#\/schema\/person\/image\/\",\"url\":\"https:\/\/secure.gravatar.com\/avatar\/ed5b5c3c1f38a53655478b5e2e41d120?s=96&d=mm&r=g\",\"contentUrl\":\"https:\/\/secure.gravatar.com\/avatar\/ed5b5c3c1f38a53655478b5e2e41d120?s=96&d=mm&r=g\",\"caption\":\"Reda\u00e7\u00e3o Luz\"},\"description\":\"A Reda\u00e7\u00e3o Luz \u00e9 a voz da primeira energytech 100% digital do Brasil. Nosso time de especialistas produz conte\u00fados focados em transformar a sua rela\u00e7\u00e3o com a energia, entregando informa\u00e7\u00e3o com a mesma transpar\u00eancia e seguran\u00e7a da nossa tecnologia. Aqui, unimos dados, inova\u00e7\u00e3o e sustentabilidade para trazer dicas pr\u00e1ticas de economia e previsibilidade, para sua casa ou empresa, empoderando voc\u00ea com a liberdade de escolha para assumir o controle total do seu consumo. Afinal, a nova energia do Brasil \u00e9 digital e simples.\",\"sameAs\":[\"https:\/\/sualuz.com.br\/\",\"https:\/\/www.instagram.com\/sualuz_oficial\/\",\"https:\/\/www.linkedin.com\/company\/sualuz\",\"https:\/\/www.youtube.com\/@sualuz\"],\"url\":\"https:\/\/sualuz.com.br\/blog\/author\/marketing-luz\/\"}]}<\/script>\n<!-- \/ Yoast SEO plugin. -->","yoast_head_json":{"title":"Mudan\u00e7as clim\u00e1ticas: causas, consequ\u00eancias e solu\u00e7\u00f5es &#8226; LUZ","description":"Conhe\u00e7a a fundo o que s\u00e3o mudan\u00e7as clim\u00e1ticas, os efeitos que elas t\u00eam em nosso dia a dia e como podemos par\u00e1-las.","robots":{"index":"index","follow":"follow","max-snippet":"max-snippet:-1","max-image-preview":"max-image-preview:large","max-video-preview":"max-video-preview:-1"},"canonical":"https:\/\/sualuz.com.br\/blog\/mudancas-climaticas\/","og_locale":"pt_BR","og_type":"article","og_title":"Mudan\u00e7as clim\u00e1ticas: causas, consequ\u00eancias e solu\u00e7\u00f5es &#8226; LUZ","og_description":"Conhe\u00e7a a fundo o que s\u00e3o mudan\u00e7as clim\u00e1ticas, os efeitos que elas t\u00eam em nosso dia a dia e como podemos par\u00e1-las.","og_url":"https:\/\/sualuz.com.br\/blog\/mudancas-climaticas\/","og_site_name":"Luz","article_published_time":"2026-02-02T19:36:00+00:00","article_modified_time":"2026-03-12T12:30:50+00:00","og_image":[{"width":550,"height":315,"url":"https:\/\/sualuz.com.br\/blog\/wp-content\/uploads\/2023\/01\/Aquecimento-global.jpg","type":"image\/jpeg"}],"author":"Reda\u00e7\u00e3o Luz","twitter_card":"summary_large_image","twitter_misc":{"Escrito por":"Reda\u00e7\u00e3o Luz","Est. tempo de leitura":"7 minutos"},"schema":{"@context":"https:\/\/schema.org","@graph":[{"@type":"Article","@id":"https:\/\/sualuz.com.br\/blog\/mudancas-climaticas\/#article","isPartOf":{"@id":"https:\/\/sualuz.com.br\/blog\/mudancas-climaticas\/"},"author":{"name":"Reda\u00e7\u00e3o Luz","@id":"https:\/\/sualuz.com.br\/blog\/#\/schema\/person\/bbd73e4bf0b112afe9617925355b66a6"},"headline":"Mudan\u00e7as clim\u00e1ticas: causas, consequ\u00eancias e solu\u00e7\u00f5es","datePublished":"2026-02-02T19:36:00+00:00","dateModified":"2026-03-12T12:30:50+00:00","mainEntityOfPage":{"@id":"https:\/\/sualuz.com.br\/blog\/mudancas-climaticas\/"},"wordCount":1160,"commentCount":0,"publisher":{"@id":"https:\/\/sualuz.com.br\/blog\/#organization"},"image":{"@id":"https:\/\/sualuz.com.br\/blog\/mudancas-climaticas\/#primaryimage"},"thumbnailUrl":"https:\/\/sualuz.com.br\/blog\/wp-content\/uploads\/2023\/01\/Aquecimento-global.jpg","articleSection":["Energia"],"inLanguage":"pt-BR","potentialAction":[{"@type":"CommentAction","name":"Comment","target":["https:\/\/sualuz.com.br\/blog\/mudancas-climaticas\/#respond"]}]},{"@type":"WebPage","@id":"https:\/\/sualuz.com.br\/blog\/mudancas-climaticas\/","url":"https:\/\/sualuz.com.br\/blog\/mudancas-climaticas\/","name":"Mudan\u00e7as clim\u00e1ticas: causas, consequ\u00eancias e solu\u00e7\u00f5es &#8226; LUZ","isPartOf":{"@id":"https:\/\/sualuz.com.br\/blog\/#website"},"primaryImageOfPage":{"@id":"https:\/\/sualuz.com.br\/blog\/mudancas-climaticas\/#primaryimage"},"image":{"@id":"https:\/\/sualuz.com.br\/blog\/mudancas-climaticas\/#primaryimage"},"thumbnailUrl":"https:\/\/sualuz.com.br\/blog\/wp-content\/uploads\/2023\/01\/Aquecimento-global.jpg","datePublished":"2026-02-02T19:36:00+00:00","dateModified":"2026-03-12T12:30:50+00:00","description":"Conhe\u00e7a a fundo o que s\u00e3o mudan\u00e7as clim\u00e1ticas, os efeitos que elas t\u00eam em nosso dia a dia e como podemos par\u00e1-las.","breadcrumb":{"@id":"https:\/\/sualuz.com.br\/blog\/mudancas-climaticas\/#breadcrumb"},"inLanguage":"pt-BR","potentialAction":[{"@type":"ReadAction","target":["https:\/\/sualuz.com.br\/blog\/mudancas-climaticas\/"]}]},{"@type":"ImageObject","inLanguage":"pt-BR","@id":"https:\/\/sualuz.com.br\/blog\/mudancas-climaticas\/#primaryimage","url":"https:\/\/sualuz.com.br\/blog\/wp-content\/uploads\/2023\/01\/Aquecimento-global.jpg","contentUrl":"https:\/\/sualuz.com.br\/blog\/wp-content\/uploads\/2023\/01\/Aquecimento-global.jpg","width":550,"height":315,"caption":"Aquecimento global"},{"@type":"BreadcrumbList","@id":"https:\/\/sualuz.com.br\/blog\/mudancas-climaticas\/#breadcrumb","itemListElement":[{"@type":"ListItem","position":1,"name":"In\u00edcio","item":"https:\/\/sualuz.com.br\/blog\/"},{"@type":"ListItem","position":2,"name":"Mudan\u00e7as clim\u00e1ticas: causas, consequ\u00eancias e solu\u00e7\u00f5es"}]},{"@type":"WebSite","@id":"https:\/\/sualuz.com.br\/blog\/#website","url":"https:\/\/sualuz.com.br\/blog\/","name":"LUZ","description":"","publisher":{"@id":"https:\/\/sualuz.com.br\/blog\/#organization"},"potentialAction":[{"@type":"SearchAction","target":{"@type":"EntryPoint","urlTemplate":"https:\/\/sualuz.com.br\/blog\/?s={search_term_string}"},"query-input":{"@type":"PropertyValueSpecification","valueRequired":true,"valueName":"search_term_string"}}],"inLanguage":"pt-BR"},{"@type":"Organization","@id":"https:\/\/sualuz.com.br\/blog\/#organization","name":"LUZ","url":"https:\/\/sualuz.com.br\/blog\/","logo":{"@type":"ImageObject","inLanguage":"pt-BR","@id":"https:\/\/sualuz.com.br\/blog\/#\/schema\/logo\/image\/","url":"https:\/\/sualuz.com.br\/blog\/wp-content\/uploads\/2025\/01\/sua-luz-favicon-flat.png","contentUrl":"https:\/\/sualuz.com.br\/blog\/wp-content\/uploads\/2025\/01\/sua-luz-favicon-flat.png","width":512,"height":512,"caption":"LUZ"},"image":{"@id":"https:\/\/sualuz.com.br\/blog\/#\/schema\/logo\/image\/"}},{"@type":"Person","@id":"https:\/\/sualuz.com.br\/blog\/#\/schema\/person\/bbd73e4bf0b112afe9617925355b66a6","name":"Reda\u00e7\u00e3o Luz","image":{"@type":"ImageObject","inLanguage":"pt-BR","@id":"https:\/\/sualuz.com.br\/blog\/#\/schema\/person\/image\/","url":"https:\/\/secure.gravatar.com\/avatar\/ed5b5c3c1f38a53655478b5e2e41d120?s=96&d=mm&r=g","contentUrl":"https:\/\/secure.gravatar.com\/avatar\/ed5b5c3c1f38a53655478b5e2e41d120?s=96&d=mm&r=g","caption":"Reda\u00e7\u00e3o Luz"},"description":"A Reda\u00e7\u00e3o Luz \u00e9 a voz da primeira energytech 100% digital do Brasil. Nosso time de especialistas produz conte\u00fados focados em transformar a sua rela\u00e7\u00e3o com a energia, entregando informa\u00e7\u00e3o com a mesma transpar\u00eancia e seguran\u00e7a da nossa tecnologia. Aqui, unimos dados, inova\u00e7\u00e3o e sustentabilidade para trazer dicas pr\u00e1ticas de economia e previsibilidade, para sua casa ou empresa, empoderando voc\u00ea com a liberdade de escolha para assumir o controle total do seu consumo. Afinal, a nova energia do Brasil \u00e9 digital e simples.","sameAs":["https:\/\/sualuz.com.br\/","https:\/\/www.instagram.com\/sualuz_oficial\/","https:\/\/www.linkedin.com\/company\/sualuz","https:\/\/www.youtube.com\/@sualuz"],"url":"https:\/\/sualuz.com.br\/blog\/author\/marketing-luz\/"}]}},"_links":{"self":[{"href":"https:\/\/sualuz.com.br\/blog\/wp-json\/wp\/v2\/posts\/1780","targetHints":{"allow":["GET"]}}],"collection":[{"href":"https:\/\/sualuz.com.br\/blog\/wp-json\/wp\/v2\/posts"}],"about":[{"href":"https:\/\/sualuz.com.br\/blog\/wp-json\/wp\/v2\/types\/post"}],"author":[{"embeddable":true,"href":"https:\/\/sualuz.com.br\/blog\/wp-json\/wp\/v2\/users\/14"}],"replies":[{"embeddable":true,"href":"https:\/\/sualuz.com.br\/blog\/wp-json\/wp\/v2\/comments?post=1780"}],"version-history":[{"count":3,"href":"https:\/\/sualuz.com.br\/blog\/wp-json\/wp\/v2\/posts\/1780\/revisions"}],"predecessor-version":[{"id":1795,"href":"https:\/\/sualuz.com.br\/blog\/wp-json\/wp\/v2\/posts\/1780\/revisions\/1795"}],"wp:featuredmedia":[{"embeddable":true,"href":"https:\/\/sualuz.com.br\/blog\/wp-json\/wp\/v2\/media\/1792"}],"wp:attachment":[{"href":"https:\/\/sualuz.com.br\/blog\/wp-json\/wp\/v2\/media?parent=1780"}],"wp:term":[{"taxonomy":"category","embeddable":true,"href":"https:\/\/sualuz.com.br\/blog\/wp-json\/wp\/v2\/categories?post=1780"},{"taxonomy":"post_tag","embeddable":true,"href":"https:\/\/sualuz.com.br\/blog\/wp-json\/wp\/v2\/tags?post=1780"}],"curies":[{"name":"wp","href":"https:\/\/api.w.org\/{rel}","templated":true}]}}