{"id":1471,"date":"2026-02-13T16:46:00","date_gmt":"2026-02-13T19:46:00","guid":{"rendered":"https:\/\/3.236.142.92\/?p=1471"},"modified":"2026-03-12T09:30:33","modified_gmt":"2026-03-12T12:30:33","slug":"quanto-gasta-um-ar-condicionado","status":"publish","type":"post","link":"https:\/\/sualuz.com.br\/blog\/quanto-gasta-um-ar-condicionado\/","title":{"rendered":"Quanto gasta um ar-condicionado?"},"content":{"rendered":"\n<p>Pense em <strong>quais aparelhos mais gastam<\/strong> eletricidade nas casas dos brasileiros. Com certeza os primeiros que vieram em sua mente foram chuveiro e <strong>ar-condicionado<\/strong>, os conhecidos vil\u00f5es das contas de energia.<\/p>\n\n\n\n<p>Por mais que esses eletrodom\u00e9sticos estejam entre os que mais consomem energia el\u00e9trica, \u00e9 ineg\u00e1vel que eles s\u00e3o muito \u00fateis para o dia a dia. O chuveiro \u00e9 praticamente obrigat\u00f3rio em um pa\u00eds como o nosso e o ar-condicionado muitas vezes tamb\u00e9m \u00e9 indispens\u00e1vel dependendo da regi\u00e3o onde voc\u00ea mora.<\/p>\n\n\n\n<p>Ent\u00e3o \u00e9 importante ter em mente o quanto esses aparelhos realmente impactam na nossa conta e, por consequ\u00eancia, em nossos bolsos.<\/p>\n\n\n\n<p>No caso do chuveiro el\u00e9trico j\u00e1 realizados um <a href=\"https:\/\/bit.ly\/3GorrPD\" target=\"_blank\" rel=\"noreferrer noopener\">levantamento completo<\/a> do quanto ele gasta de energia e \u00e1gua e o quanto isso impacta na conta. Atrav\u00e9s de um c\u00e1lculo simples, \u00e9 poss\u00edvel saber com precis\u00e3o quanto voc\u00ea desembolsa todos os meses com o chuveiro.<\/p>\n\n\n\n<p>Agora chegou a hora de fazermos o mesmo estudo com o ar-condicionado! Confira abaixo o quanto cada modelo gasta e veja qual a melhor op\u00e7\u00e3o para voc\u00ea!<\/p>\n\n\n\n<p><\/p>\n\n\n\n<h2 class=\"wp-block-heading\"><strong><mark style=\"background-color:rgba(0, 0, 0, 0);color:#332053\" class=\"has-inline-color\">Quanto um ar-condicionado gasta?<\/mark><\/strong><\/h2>\n\n\n\n<p><\/p>\n\n\n\n<p>Como existe uma variedade grande de ares-condicionados, muitas pessoas podem ficar na d\u00favida sobre qual modelo \u00e9 o mais econ\u00f4mico. Por isso \u00e9 importante j\u00e1 esclarecer uma coisa: <strong>o que impacta o gasto de energia \u00e9 a pot\u00eancia<\/strong>, n\u00e3o do modelo dos aparelhos.<\/p>\n\n\n\n<p><\/p>\n\n\n\n<figure class=\"wp-block-image size-large\"><img fetchpriority=\"high\" decoding=\"async\" width=\"1024\" height=\"480\" src=\"https:\/\/apiapp.sualuz.com.br\/wp\/wp-content\/uploads\/2022\/12\/alvaro-bernal-_Ib-JulMgzo-unsplash-2-1-1024x480.jpg\" alt=\"ar condicionado split\" class=\"wp-image-1473\" srcset=\"https:\/\/sualuz.com.br\/blog\/wp-content\/uploads\/2022\/12\/alvaro-bernal-_Ib-JulMgzo-unsplash-2-1-1024x480.jpg 1024w, https:\/\/sualuz.com.br\/blog\/wp-content\/uploads\/2022\/12\/alvaro-bernal-_Ib-JulMgzo-unsplash-2-1-300x141.jpg 300w, https:\/\/sualuz.com.br\/blog\/wp-content\/uploads\/2022\/12\/alvaro-bernal-_Ib-JulMgzo-unsplash-2-1-768x360.jpg 768w, https:\/\/sualuz.com.br\/blog\/wp-content\/uploads\/2022\/12\/alvaro-bernal-_Ib-JulMgzo-unsplash-2-1-1200x563.jpg 1200w, https:\/\/sualuz.com.br\/blog\/wp-content\/uploads\/2022\/12\/alvaro-bernal-_Ib-JulMgzo-unsplash-2-1.jpg 1280w\" sizes=\"(max-width: 1024px) 100vw, 1024px\" \/><\/figure>\n\n\n\n<p><\/p>\n\n\n\n<p>A grande maioria dos ares-condicionados s\u00e3o vendidos de acordo com seu <strong>BTU<\/strong>, ou seja, com base na pot\u00eancia de resfriamento. Obviamente, quanto maior a quantidade de BTU, <strong>maior o consumo do aparelho<\/strong>.<\/p>\n\n\n\n<p>Mas para se chegar a um valor aproximado do quanto isso impacta na conta de energia na pr\u00e1tica, \u00e9 preciso realizar uma conta simples e r\u00e1pida.<\/p>\n\n\n\n<p>Primeiro \u00e9 preciso converter o BTU em Watts. Para isso, basta multiplicar a quantidade de BTUs por 0,2929 e voc\u00ea ter\u00e1 o valor.<\/p>\n\n\n\n<p>Exemplo:<\/p>\n\n\n\n<p class=\"has-text-align-center\"><em>9000 BTU <\/em>x<em> 0,2929 = <strong>2.638 Watts<\/strong><\/em><\/p>\n\n\n\n<p>Agora temos que descobrir quantos KWh esse aparelho ir\u00e1 consumir por m\u00eas. Para isso fazemos uma estimativa de quantas horas por dia ele ser\u00e1 utilizado e multiplicamos pelo n\u00famero de dias de um m\u00eas. Depois basta dividir tudo isso por 1000 e chegaremos ao resultado.<\/p>\n\n\n\n<p>Exemplo:<\/p>\n\n\n\n<p class=\"has-text-align-center\"><em>2.636 Watts <\/em>x<em> 6 horas <\/em>x<em> 30 dias \u00f7 1000 = <strong>474 KWH\/m\u00eas<\/strong><\/em><\/p>\n\n\n\n<p>Certo, agora que temos nosso consumo m\u00e9dio por m\u00eas precisamos converter isso em reais para saber o quanto iremos gastar. A conta para fazer isso \u00e9 muito simples, basta multiplicar nosso valor de KWH\/m\u00eas pela tarifa da sua regi\u00e3o. Nesse caso usaremos a tarifa de R$ 0,68 da cidade de Campinas, uma das regi\u00f5es atendidas pela <a href=\"https:\/\/bit.ly\/3vhKLaM\" target=\"_blank\" rel=\"noreferrer noopener\">LUZ<\/a>.<\/p>\n\n\n\n<p class=\"has-text-align-center\"><em>474 KWH\/m\u00eas <\/em>x<em> R$ 0,68 = <strong>R$ 322,32<\/strong><\/em><\/p>\n\n\n\n<p>Prontinho! Chegamos ao valor que tanto busc\u00e1vamos.<\/p>\n\n\n\n<p>Ent\u00e3o, para resumir: um aparelho de ar-condicionado de 9000 BTU \u00e9 respons\u00e1vel por um gasto aproximado de R$ 322,32 na conta de energia ao final do m\u00eas.<\/p>\n\n\n\n<p><\/p>\n\n\n\n<h2 class=\"wp-block-heading\"><mark style=\"background-color:rgba(0, 0, 0, 0);color:#332053\" class=\"has-inline-color\">Como economizar com o ar-condicionado?<\/mark><\/h2>\n\n\n\n<p><\/p>\n\n\n\n<p>Por mais que o ar-condicionado seja um aparelho que exija uma quantidade de energia relevante para funcionar, existem algumas pr\u00e1ticas que podem reduzir isso.<\/p>\n\n\n\n<p><\/p>\n\n\n\n<h3 class=\"wp-block-heading\"><strong><mark style=\"background-color:rgba(0, 0, 0, 0);color:#332053\" class=\"has-inline-color\">Diminuir o uso di\u00e1rio<\/mark><\/strong><\/h3>\n\n\n\n<p><\/p>\n\n\n\n<p>\u00c9 a dica \u00f3bvia, n\u00f3s sabemos, mas n\u00e3o deixa de ser a mais efetiva. E n\u00e3o estamos falando se desligar o aparelho em dias quentes e ficar morrendo de calor. At\u00e9 por que o ar-condicionado existe justamente para evitar situa\u00e7\u00f5es como essa.<\/p>\n\n\n\n<p><\/p>\n\n\n\n<figure class=\"wp-block-image size-large\"><img decoding=\"async\" width=\"1024\" height=\"504\" src=\"https:\/\/apiapp.sualuz.com.br\/wp\/wp-content\/uploads\/2022\/12\/young-woman-using-home-technology-1-1024x504.jpg\" alt=\"mulher usando o ar condicionado\" class=\"wp-image-1474\" srcset=\"https:\/\/sualuz.com.br\/blog\/wp-content\/uploads\/2022\/12\/young-woman-using-home-technology-1-1024x504.jpg 1024w, https:\/\/sualuz.com.br\/blog\/wp-content\/uploads\/2022\/12\/young-woman-using-home-technology-1-300x148.jpg 300w, https:\/\/sualuz.com.br\/blog\/wp-content\/uploads\/2022\/12\/young-woman-using-home-technology-1-768x378.jpg 768w, https:\/\/sualuz.com.br\/blog\/wp-content\/uploads\/2022\/12\/young-woman-using-home-technology-1-1200x591.jpg 1200w, https:\/\/sualuz.com.br\/blog\/wp-content\/uploads\/2022\/12\/young-woman-using-home-technology-1.jpg 1280w\" sizes=\"(max-width: 1024px) 100vw, 1024px\" \/><figcaption class=\"wp-element-caption\"><em>Imagem de <a href=\"https:\/\/br.freepik.com\/fotos-gratis\/mulher-jovem-usando-tecnologia-domestica_21248609.htm#query=ar%20condicionado&amp;position=1&amp;from_view=search&amp;track=sph\">Freepik<\/a><\/em><\/figcaption><\/figure>\n\n\n\n<p><\/p>\n\n\n\n<p><\/p>\n\n\n\n<p>Nossa sugest\u00e3o \u00e9 avaliar em quais momentos o eletrodom\u00e9stico pode ser desligado sem afetar o bem-estar dos membros da casa. Por exemplo: enquanto voc\u00ea toma um banho fresco, <strong>desligue o ar-condicionado<\/strong>. Esses minutos n\u00e3o afetar\u00e3o o geladinho da casa, mas poupar\u00e3o minutos e reais valiosos na conta de energia.<\/p>\n\n\n\n<p>Esse tipo de h\u00e1bito ajudar a reduzir sua tarifa no final do m\u00eas.<\/p>\n\n\n\n<p><\/p>\n\n\n\n<h3 class=\"wp-block-heading\"><strong><mark style=\"background-color:rgba(0, 0, 0, 0);color:#332053\" class=\"has-inline-color\">Mantenha a manuten\u00e7\u00e3o do aparelho em dia<\/mark><\/strong><\/h3>\n\n\n\n<p><\/p>\n\n\n\n<p>Outra dica muito importante \u00e9 sempre manter o ar-condicionado com a manuten\u00e7\u00e3o em dia. Mas o que isso tem a ver com o consumo do aparelho? Tudo!<\/p>\n\n\n\n<p>Caso n\u00e3o esteja funcionando corretamente, o eletrodom\u00e9stico pode precisar fazer mais \u201cesfor\u00e7o\u201d para funcionar, o que demanda ainda mais energia. Por isso fique atendo aos filtros e outras partes de f\u00e1cil manuten\u00e7\u00e3o e chame com certa regularidade especialistas para dar aquela olhada mais fundo no aparelho.<\/p>\n\n\n\n<p><\/p>\n\n\n\n<h3 class=\"wp-block-heading\"><strong><mark style=\"background-color:rgba(0, 0, 0, 0);color:#332053\" class=\"has-inline-color\">Reduza sua conta de energia em at\u00e9 20%<\/mark><\/strong><\/h3>\n\n\n\n<p><\/p>\n\n\n\n<p>Mesmo com essas dicas para reduzir o consumo, o ar-condicionado continua sendo um dos grandes vil\u00f5es das contas de energia. Mas temos a dica definitiva para que o uso o aparelho n\u00e3o afete tanto seu bolso: <strong>reduza sua conta de energia em at\u00e9 20%<\/strong>.<\/p>\n\n\n\n<p>Mas como fazer isso?<\/p>\n\n\n\n<p>A\u00ed que a LUZ entra em a\u00e7\u00e3o para lhe ajudar! Somos uma fornecedora digital de energia que est\u00e1 revolucionando a rela\u00e7\u00e3o que os brasileiros t\u00eam com sua fatura. <\/p>\n\n\n\n<p>Com nossos planos voc\u00ea pode ter uma redu\u00e7\u00e3o de at\u00e9 20% do valor da sua fatura todos os meses. Al\u00e9m disso, tamb\u00e9m disponibilizamos nosso medidor de energia digital, que permite o acompanhamento em tempo real do seu consumo de energia pelo celular.<\/p>\n\n\n\n<figure class=\"wp-block-image size-large\"><img decoding=\"async\" width=\"1024\" height=\"504\" src=\"https:\/\/apiapp.sualuz.com.br\/wp\/wp-content\/uploads\/2022\/10\/medidor-inteligente-2-2-1024x504.jpg\" alt=\"medidor de energia inteligente e aplicativo LUZ\" class=\"wp-image-1077\" srcset=\"https:\/\/sualuz.com.br\/blog\/wp-content\/uploads\/2022\/10\/medidor-inteligente-2-2-1024x504.jpg 1024w, https:\/\/sualuz.com.br\/blog\/wp-content\/uploads\/2022\/10\/medidor-inteligente-2-2-300x148.jpg 300w, https:\/\/sualuz.com.br\/blog\/wp-content\/uploads\/2022\/10\/medidor-inteligente-2-2-768x378.jpg 768w, https:\/\/sualuz.com.br\/blog\/wp-content\/uploads\/2022\/10\/medidor-inteligente-2-2-1536x756.jpg 1536w, https:\/\/sualuz.com.br\/blog\/wp-content\/uploads\/2022\/10\/medidor-inteligente-2-2-2048x1007.jpg 2048w, https:\/\/sualuz.com.br\/blog\/wp-content\/uploads\/2022\/10\/medidor-inteligente-2-2-1200x590.jpg 1200w, https:\/\/sualuz.com.br\/blog\/wp-content\/uploads\/2022\/10\/medidor-inteligente-2-2-1980x974.jpg 1980w\" sizes=\"(max-width: 1024px) 100vw, 1024px\" \/><\/figure>\n\n\n\n<p>Tudo isso sem voc\u00ea ter que pagar nada e com uma contrata\u00e7\u00e3o r\u00e1pida, em tr\u00eas passos. Realize nossa <a href=\"https:\/\/bit.ly\/3C3qXM9\" target=\"_blank\" rel=\"noreferrer noopener\">simula\u00e7\u00e3o gratuita<\/a> e veja o quanto voc\u00ea poderia estar economizando desde j\u00e1!<\/p>\n","protected":false},"excerpt":{"rendered":"<p>Por mais \u00fatil que seja, o ar-condicionado \u00e9 um dos aparelhos que mais consome energia. Aprenda a calcular o quanto ele impacta na sua conta!<\/p>\n","protected":false},"author":14,"featured_media":1477,"comment_status":"open","ping_status":"open","sticky":false,"template":"","format":"standard","meta":{"footnotes":""},"categories":[5],"tags":[],"class_list":["post-1471","post","type-post","status-publish","format-standard","has-post-thumbnail","hentry","category-energia"],"acf":{"post_title":"Quanto gasta um ar-condicionado?","post_description":"Por mais \u00fatil que seja, o ar-condicionado \u00e9 um dos aparelhos que mais consome energia. Aprenda a calcular o quanto ele impacta na sua conta!","post_author":"Leonardo Henrique","post_author_description":"Redator e analista de SEO na LUZ","post_author_image":1170,"post_image":1477},"yoast_head":"<!-- This site is optimized with the Yoast SEO plugin v26.8 - https:\/\/yoast.com\/product\/yoast-seo-wordpress\/ -->\n<title>Quanto gasta um ar-condicionado? &#8226; LUZ<\/title>\n<meta name=\"description\" content=\"Por mais \u00fatil que seja, o ar-condicionado \u00e9 um dos aparelhos que mais consome energia. Aprenda a calcular o quanto ele impacta na sua conta!\" \/>\n<meta name=\"robots\" content=\"index, follow, max-snippet:-1, max-image-preview:large, max-video-preview:-1\" \/>\n<link rel=\"canonical\" href=\"https:\/\/sualuz.com.br\/blog\/quanto-gasta-um-ar-condicionado\/\" \/>\n<meta property=\"og:locale\" content=\"pt_BR\" \/>\n<meta property=\"og:type\" content=\"article\" \/>\n<meta property=\"og:title\" content=\"Quanto gasta um ar-condicionado? &#8226; LUZ\" \/>\n<meta property=\"og:description\" content=\"Por mais \u00fatil que seja, o ar-condicionado \u00e9 um dos aparelhos que mais consome energia. Aprenda a calcular o quanto ele impacta na sua conta!\" \/>\n<meta property=\"og:url\" content=\"https:\/\/sualuz.com.br\/blog\/quanto-gasta-um-ar-condicionado\/\" \/>\n<meta property=\"og:site_name\" content=\"Luz\" \/>\n<meta property=\"article:published_time\" content=\"2026-02-13T19:46:00+00:00\" \/>\n<meta property=\"article:modified_time\" content=\"2026-03-12T12:30:33+00:00\" \/>\n<meta property=\"og:image\" content=\"https:\/\/sualuz.com.br\/blog\/wp-content\/uploads\/2022\/12\/Quanto-gastar-um-ar-condicionado.jpg\" \/>\n\t<meta property=\"og:image:width\" content=\"1280\" \/>\n\t<meta property=\"og:image:height\" content=\"630\" \/>\n\t<meta property=\"og:image:type\" content=\"image\/jpeg\" \/>\n<meta name=\"author\" content=\"Reda\u00e7\u00e3o Luz\" \/>\n<meta name=\"twitter:card\" content=\"summary_large_image\" \/>\n<meta name=\"twitter:label1\" content=\"Escrito por\" \/>\n\t<meta name=\"twitter:data1\" content=\"Reda\u00e7\u00e3o Luz\" \/>\n\t<meta name=\"twitter:label2\" content=\"Est. tempo de leitura\" \/>\n\t<meta name=\"twitter:data2\" content=\"6 minutos\" \/>\n<script type=\"application\/ld+json\" class=\"yoast-schema-graph\">{\"@context\":\"https:\/\/schema.org\",\"@graph\":[{\"@type\":\"Article\",\"@id\":\"https:\/\/sualuz.com.br\/blog\/quanto-gasta-um-ar-condicionado\/#article\",\"isPartOf\":{\"@id\":\"https:\/\/sualuz.com.br\/blog\/quanto-gasta-um-ar-condicionado\/\"},\"author\":{\"name\":\"Reda\u00e7\u00e3o Luz\",\"@id\":\"https:\/\/sualuz.com.br\/blog\/#\/schema\/person\/bbd73e4bf0b112afe9617925355b66a6\"},\"headline\":\"Quanto gasta um ar-condicionado?\",\"datePublished\":\"2026-02-13T19:46:00+00:00\",\"dateModified\":\"2026-03-12T12:30:33+00:00\",\"mainEntityOfPage\":{\"@id\":\"https:\/\/sualuz.com.br\/blog\/quanto-gasta-um-ar-condicionado\/\"},\"wordCount\":884,\"commentCount\":0,\"publisher\":{\"@id\":\"https:\/\/sualuz.com.br\/blog\/#organization\"},\"image\":{\"@id\":\"https:\/\/sualuz.com.br\/blog\/quanto-gasta-um-ar-condicionado\/#primaryimage\"},\"thumbnailUrl\":\"https:\/\/sualuz.com.br\/blog\/wp-content\/uploads\/2022\/12\/Quanto-gastar-um-ar-condicionado.jpg\",\"articleSection\":[\"Energia\"],\"inLanguage\":\"pt-BR\",\"potentialAction\":[{\"@type\":\"CommentAction\",\"name\":\"Comment\",\"target\":[\"https:\/\/sualuz.com.br\/blog\/quanto-gasta-um-ar-condicionado\/#respond\"]}]},{\"@type\":\"WebPage\",\"@id\":\"https:\/\/sualuz.com.br\/blog\/quanto-gasta-um-ar-condicionado\/\",\"url\":\"https:\/\/sualuz.com.br\/blog\/quanto-gasta-um-ar-condicionado\/\",\"name\":\"Quanto gasta um ar-condicionado? &#8226; LUZ\",\"isPartOf\":{\"@id\":\"https:\/\/sualuz.com.br\/blog\/#website\"},\"primaryImageOfPage\":{\"@id\":\"https:\/\/sualuz.com.br\/blog\/quanto-gasta-um-ar-condicionado\/#primaryimage\"},\"image\":{\"@id\":\"https:\/\/sualuz.com.br\/blog\/quanto-gasta-um-ar-condicionado\/#primaryimage\"},\"thumbnailUrl\":\"https:\/\/sualuz.com.br\/blog\/wp-content\/uploads\/2022\/12\/Quanto-gastar-um-ar-condicionado.jpg\",\"datePublished\":\"2026-02-13T19:46:00+00:00\",\"dateModified\":\"2026-03-12T12:30:33+00:00\",\"description\":\"Por mais \u00fatil que seja, o ar-condicionado \u00e9 um dos aparelhos que mais consome energia. Aprenda a calcular o quanto ele impacta na sua conta!\",\"breadcrumb\":{\"@id\":\"https:\/\/sualuz.com.br\/blog\/quanto-gasta-um-ar-condicionado\/#breadcrumb\"},\"inLanguage\":\"pt-BR\",\"potentialAction\":[{\"@type\":\"ReadAction\",\"target\":[\"https:\/\/sualuz.com.br\/blog\/quanto-gasta-um-ar-condicionado\/\"]}]},{\"@type\":\"ImageObject\",\"inLanguage\":\"pt-BR\",\"@id\":\"https:\/\/sualuz.com.br\/blog\/quanto-gasta-um-ar-condicionado\/#primaryimage\",\"url\":\"https:\/\/sualuz.com.br\/blog\/wp-content\/uploads\/2022\/12\/Quanto-gastar-um-ar-condicionado.jpg\",\"contentUrl\":\"https:\/\/sualuz.com.br\/blog\/wp-content\/uploads\/2022\/12\/Quanto-gastar-um-ar-condicionado.jpg\",\"width\":1280,\"height\":630,\"caption\":\"Quanto gasta um ar condicionado\"},{\"@type\":\"BreadcrumbList\",\"@id\":\"https:\/\/sualuz.com.br\/blog\/quanto-gasta-um-ar-condicionado\/#breadcrumb\",\"itemListElement\":[{\"@type\":\"ListItem\",\"position\":1,\"name\":\"In\u00edcio\",\"item\":\"https:\/\/sualuz.com.br\/blog\/\"},{\"@type\":\"ListItem\",\"position\":2,\"name\":\"Quanto gasta um ar-condicionado?\"}]},{\"@type\":\"WebSite\",\"@id\":\"https:\/\/sualuz.com.br\/blog\/#website\",\"url\":\"https:\/\/sualuz.com.br\/blog\/\",\"name\":\"LUZ\",\"description\":\"\",\"publisher\":{\"@id\":\"https:\/\/sualuz.com.br\/blog\/#organization\"},\"potentialAction\":[{\"@type\":\"SearchAction\",\"target\":{\"@type\":\"EntryPoint\",\"urlTemplate\":\"https:\/\/sualuz.com.br\/blog\/?s={search_term_string}\"},\"query-input\":{\"@type\":\"PropertyValueSpecification\",\"valueRequired\":true,\"valueName\":\"search_term_string\"}}],\"inLanguage\":\"pt-BR\"},{\"@type\":\"Organization\",\"@id\":\"https:\/\/sualuz.com.br\/blog\/#organization\",\"name\":\"LUZ\",\"url\":\"https:\/\/sualuz.com.br\/blog\/\",\"logo\":{\"@type\":\"ImageObject\",\"inLanguage\":\"pt-BR\",\"@id\":\"https:\/\/sualuz.com.br\/blog\/#\/schema\/logo\/image\/\",\"url\":\"https:\/\/sualuz.com.br\/blog\/wp-content\/uploads\/2025\/01\/sua-luz-favicon-flat.png\",\"contentUrl\":\"https:\/\/sualuz.com.br\/blog\/wp-content\/uploads\/2025\/01\/sua-luz-favicon-flat.png\",\"width\":512,\"height\":512,\"caption\":\"LUZ\"},\"image\":{\"@id\":\"https:\/\/sualuz.com.br\/blog\/#\/schema\/logo\/image\/\"}},{\"@type\":\"Person\",\"@id\":\"https:\/\/sualuz.com.br\/blog\/#\/schema\/person\/bbd73e4bf0b112afe9617925355b66a6\",\"name\":\"Reda\u00e7\u00e3o Luz\",\"image\":{\"@type\":\"ImageObject\",\"inLanguage\":\"pt-BR\",\"@id\":\"https:\/\/sualuz.com.br\/blog\/#\/schema\/person\/image\/\",\"url\":\"https:\/\/secure.gravatar.com\/avatar\/ed5b5c3c1f38a53655478b5e2e41d120?s=96&d=mm&r=g\",\"contentUrl\":\"https:\/\/secure.gravatar.com\/avatar\/ed5b5c3c1f38a53655478b5e2e41d120?s=96&d=mm&r=g\",\"caption\":\"Reda\u00e7\u00e3o Luz\"},\"description\":\"A Reda\u00e7\u00e3o Luz \u00e9 a voz da primeira energytech 100% digital do Brasil. Nosso time de especialistas produz conte\u00fados focados em transformar a sua rela\u00e7\u00e3o com a energia, entregando informa\u00e7\u00e3o com a mesma transpar\u00eancia e seguran\u00e7a da nossa tecnologia. Aqui, unimos dados, inova\u00e7\u00e3o e sustentabilidade para trazer dicas pr\u00e1ticas de economia e previsibilidade, para sua casa ou empresa, empoderando voc\u00ea com a liberdade de escolha para assumir o controle total do seu consumo. Afinal, a nova energia do Brasil \u00e9 digital e simples.\",\"sameAs\":[\"https:\/\/sualuz.com.br\/\",\"https:\/\/www.instagram.com\/sualuz_oficial\/\",\"https:\/\/www.linkedin.com\/company\/sualuz\",\"https:\/\/www.youtube.com\/@sualuz\"],\"url\":\"https:\/\/sualuz.com.br\/blog\/author\/marketing-luz\/\"}]}<\/script>\n<!-- \/ Yoast SEO plugin. -->","yoast_head_json":{"title":"Quanto gasta um ar-condicionado? &#8226; LUZ","description":"Por mais \u00fatil que seja, o ar-condicionado \u00e9 um dos aparelhos que mais consome energia. Aprenda a calcular o quanto ele impacta na sua conta!","robots":{"index":"index","follow":"follow","max-snippet":"max-snippet:-1","max-image-preview":"max-image-preview:large","max-video-preview":"max-video-preview:-1"},"canonical":"https:\/\/sualuz.com.br\/blog\/quanto-gasta-um-ar-condicionado\/","og_locale":"pt_BR","og_type":"article","og_title":"Quanto gasta um ar-condicionado? &#8226; LUZ","og_description":"Por mais \u00fatil que seja, o ar-condicionado \u00e9 um dos aparelhos que mais consome energia. Aprenda a calcular o quanto ele impacta na sua conta!","og_url":"https:\/\/sualuz.com.br\/blog\/quanto-gasta-um-ar-condicionado\/","og_site_name":"Luz","article_published_time":"2026-02-13T19:46:00+00:00","article_modified_time":"2026-03-12T12:30:33+00:00","og_image":[{"width":1280,"height":630,"url":"https:\/\/sualuz.com.br\/blog\/wp-content\/uploads\/2022\/12\/Quanto-gastar-um-ar-condicionado.jpg","type":"image\/jpeg"}],"author":"Reda\u00e7\u00e3o Luz","twitter_card":"summary_large_image","twitter_misc":{"Escrito por":"Reda\u00e7\u00e3o Luz","Est. tempo de leitura":"6 minutos"},"schema":{"@context":"https:\/\/schema.org","@graph":[{"@type":"Article","@id":"https:\/\/sualuz.com.br\/blog\/quanto-gasta-um-ar-condicionado\/#article","isPartOf":{"@id":"https:\/\/sualuz.com.br\/blog\/quanto-gasta-um-ar-condicionado\/"},"author":{"name":"Reda\u00e7\u00e3o Luz","@id":"https:\/\/sualuz.com.br\/blog\/#\/schema\/person\/bbd73e4bf0b112afe9617925355b66a6"},"headline":"Quanto gasta um ar-condicionado?","datePublished":"2026-02-13T19:46:00+00:00","dateModified":"2026-03-12T12:30:33+00:00","mainEntityOfPage":{"@id":"https:\/\/sualuz.com.br\/blog\/quanto-gasta-um-ar-condicionado\/"},"wordCount":884,"commentCount":0,"publisher":{"@id":"https:\/\/sualuz.com.br\/blog\/#organization"},"image":{"@id":"https:\/\/sualuz.com.br\/blog\/quanto-gasta-um-ar-condicionado\/#primaryimage"},"thumbnailUrl":"https:\/\/sualuz.com.br\/blog\/wp-content\/uploads\/2022\/12\/Quanto-gastar-um-ar-condicionado.jpg","articleSection":["Energia"],"inLanguage":"pt-BR","potentialAction":[{"@type":"CommentAction","name":"Comment","target":["https:\/\/sualuz.com.br\/blog\/quanto-gasta-um-ar-condicionado\/#respond"]}]},{"@type":"WebPage","@id":"https:\/\/sualuz.com.br\/blog\/quanto-gasta-um-ar-condicionado\/","url":"https:\/\/sualuz.com.br\/blog\/quanto-gasta-um-ar-condicionado\/","name":"Quanto gasta um ar-condicionado? &#8226; LUZ","isPartOf":{"@id":"https:\/\/sualuz.com.br\/blog\/#website"},"primaryImageOfPage":{"@id":"https:\/\/sualuz.com.br\/blog\/quanto-gasta-um-ar-condicionado\/#primaryimage"},"image":{"@id":"https:\/\/sualuz.com.br\/blog\/quanto-gasta-um-ar-condicionado\/#primaryimage"},"thumbnailUrl":"https:\/\/sualuz.com.br\/blog\/wp-content\/uploads\/2022\/12\/Quanto-gastar-um-ar-condicionado.jpg","datePublished":"2026-02-13T19:46:00+00:00","dateModified":"2026-03-12T12:30:33+00:00","description":"Por mais \u00fatil que seja, o ar-condicionado \u00e9 um dos aparelhos que mais consome energia. Aprenda a calcular o quanto ele impacta na sua conta!","breadcrumb":{"@id":"https:\/\/sualuz.com.br\/blog\/quanto-gasta-um-ar-condicionado\/#breadcrumb"},"inLanguage":"pt-BR","potentialAction":[{"@type":"ReadAction","target":["https:\/\/sualuz.com.br\/blog\/quanto-gasta-um-ar-condicionado\/"]}]},{"@type":"ImageObject","inLanguage":"pt-BR","@id":"https:\/\/sualuz.com.br\/blog\/quanto-gasta-um-ar-condicionado\/#primaryimage","url":"https:\/\/sualuz.com.br\/blog\/wp-content\/uploads\/2022\/12\/Quanto-gastar-um-ar-condicionado.jpg","contentUrl":"https:\/\/sualuz.com.br\/blog\/wp-content\/uploads\/2022\/12\/Quanto-gastar-um-ar-condicionado.jpg","width":1280,"height":630,"caption":"Quanto gasta um ar condicionado"},{"@type":"BreadcrumbList","@id":"https:\/\/sualuz.com.br\/blog\/quanto-gasta-um-ar-condicionado\/#breadcrumb","itemListElement":[{"@type":"ListItem","position":1,"name":"In\u00edcio","item":"https:\/\/sualuz.com.br\/blog\/"},{"@type":"ListItem","position":2,"name":"Quanto gasta um ar-condicionado?"}]},{"@type":"WebSite","@id":"https:\/\/sualuz.com.br\/blog\/#website","url":"https:\/\/sualuz.com.br\/blog\/","name":"LUZ","description":"","publisher":{"@id":"https:\/\/sualuz.com.br\/blog\/#organization"},"potentialAction":[{"@type":"SearchAction","target":{"@type":"EntryPoint","urlTemplate":"https:\/\/sualuz.com.br\/blog\/?s={search_term_string}"},"query-input":{"@type":"PropertyValueSpecification","valueRequired":true,"valueName":"search_term_string"}}],"inLanguage":"pt-BR"},{"@type":"Organization","@id":"https:\/\/sualuz.com.br\/blog\/#organization","name":"LUZ","url":"https:\/\/sualuz.com.br\/blog\/","logo":{"@type":"ImageObject","inLanguage":"pt-BR","@id":"https:\/\/sualuz.com.br\/blog\/#\/schema\/logo\/image\/","url":"https:\/\/sualuz.com.br\/blog\/wp-content\/uploads\/2025\/01\/sua-luz-favicon-flat.png","contentUrl":"https:\/\/sualuz.com.br\/blog\/wp-content\/uploads\/2025\/01\/sua-luz-favicon-flat.png","width":512,"height":512,"caption":"LUZ"},"image":{"@id":"https:\/\/sualuz.com.br\/blog\/#\/schema\/logo\/image\/"}},{"@type":"Person","@id":"https:\/\/sualuz.com.br\/blog\/#\/schema\/person\/bbd73e4bf0b112afe9617925355b66a6","name":"Reda\u00e7\u00e3o Luz","image":{"@type":"ImageObject","inLanguage":"pt-BR","@id":"https:\/\/sualuz.com.br\/blog\/#\/schema\/person\/image\/","url":"https:\/\/secure.gravatar.com\/avatar\/ed5b5c3c1f38a53655478b5e2e41d120?s=96&d=mm&r=g","contentUrl":"https:\/\/secure.gravatar.com\/avatar\/ed5b5c3c1f38a53655478b5e2e41d120?s=96&d=mm&r=g","caption":"Reda\u00e7\u00e3o Luz"},"description":"A Reda\u00e7\u00e3o Luz \u00e9 a voz da primeira energytech 100% digital do Brasil. Nosso time de especialistas produz conte\u00fados focados em transformar a sua rela\u00e7\u00e3o com a energia, entregando informa\u00e7\u00e3o com a mesma transpar\u00eancia e seguran\u00e7a da nossa tecnologia. Aqui, unimos dados, inova\u00e7\u00e3o e sustentabilidade para trazer dicas pr\u00e1ticas de economia e previsibilidade, para sua casa ou empresa, empoderando voc\u00ea com a liberdade de escolha para assumir o controle total do seu consumo. Afinal, a nova energia do Brasil \u00e9 digital e simples.","sameAs":["https:\/\/sualuz.com.br\/","https:\/\/www.instagram.com\/sualuz_oficial\/","https:\/\/www.linkedin.com\/company\/sualuz","https:\/\/www.youtube.com\/@sualuz"],"url":"https:\/\/sualuz.com.br\/blog\/author\/marketing-luz\/"}]}},"_links":{"self":[{"href":"https:\/\/sualuz.com.br\/blog\/wp-json\/wp\/v2\/posts\/1471","targetHints":{"allow":["GET"]}}],"collection":[{"href":"https:\/\/sualuz.com.br\/blog\/wp-json\/wp\/v2\/posts"}],"about":[{"href":"https:\/\/sualuz.com.br\/blog\/wp-json\/wp\/v2\/types\/post"}],"author":[{"embeddable":true,"href":"https:\/\/sualuz.com.br\/blog\/wp-json\/wp\/v2\/users\/14"}],"replies":[{"embeddable":true,"href":"https:\/\/sualuz.com.br\/blog\/wp-json\/wp\/v2\/comments?post=1471"}],"version-history":[{"count":6,"href":"https:\/\/sualuz.com.br\/blog\/wp-json\/wp\/v2\/posts\/1471\/revisions"}],"predecessor-version":[{"id":1516,"href":"https:\/\/sualuz.com.br\/blog\/wp-json\/wp\/v2\/posts\/1471\/revisions\/1516"}],"wp:featuredmedia":[{"embeddable":true,"href":"https:\/\/sualuz.com.br\/blog\/wp-json\/wp\/v2\/media\/1477"}],"wp:attachment":[{"href":"https:\/\/sualuz.com.br\/blog\/wp-json\/wp\/v2\/media?parent=1471"}],"wp:term":[{"taxonomy":"category","embeddable":true,"href":"https:\/\/sualuz.com.br\/blog\/wp-json\/wp\/v2\/categories?post=1471"},{"taxonomy":"post_tag","embeddable":true,"href":"https:\/\/sualuz.com.br\/blog\/wp-json\/wp\/v2\/tags?post=1471"}],"curies":[{"name":"wp","href":"https:\/\/api.w.org\/{rel}","templated":true}]}}