{"id":1384,"date":"2026-02-01T16:35:00","date_gmt":"2026-02-01T19:35:00","guid":{"rendered":"https:\/\/3.236.142.92\/?p=1384"},"modified":"2026-03-12T09:30:50","modified_gmt":"2026-03-12T12:30:50","slug":"matriz-energetica-o-que-e-e-qual-e-a-brasileira","status":"publish","type":"post","link":"https:\/\/sualuz.com.br\/blog\/matriz-energetica-o-que-e-e-qual-e-a-brasileira\/","title":{"rendered":"Matriz energ\u00e9tica: o que \u00e9 e qual \u00e9 a brasileira?"},"content":{"rendered":"\n<p>Voc\u00ea j\u00e1 se perguntou o que \u00e9 matriz energ\u00e9tica? Podendo ser classificada como um agregado de fontes de energia acess\u00edveis em certa localidade, ela nada mais \u00e9 do que os <strong>recursos energ\u00e9ticos dispon\u00edveis em determinada regi\u00e3o<\/strong>.<\/p>\n\n\n\n<p>\u00c9 importante ressaltar que esses recursos energ\u00e9ticos podem ser renov\u00e1veis (capazes de serem repostos naturalmente), como a energia solar e a energia e\u00f3lica \u2014 e n\u00e3o renov\u00e1veis \u2014 (esgot\u00e1veis e finitos), como combust\u00edveis f\u00f3sseis e pedras preciosas.<\/p>\n\n\n\n<p>A matriz energ\u00e9tica \u00e9 \u00fatil para que as \u00e1reas especializadas em energia de cada territ\u00f3rio possam se organizar para colocar em pr\u00e1tica as atribui\u00e7\u00f5es atreladas \u00e0 inova\u00e7\u00e3o, produ\u00e7\u00e3o, transporte e vendas do pa\u00eds.<\/p>\n\n\n\n<p>Mas, afinal, voc\u00ea sabe como funciona essa matriz no Brasil e no mundo? Pensando em te ajudar a compreender melhor o que \u00e9 a matriz energ\u00e9tica, qual a diferen\u00e7a para matriz el\u00e9trica e quais s\u00e3o as matrizes mais dominantes nacional e mundialmente, preparamos o conte\u00fado a seguir. <\/p>\n\n\n\n<p><\/p>\n\n\n\n<h2 class=\"wp-block-heading\"><strong><mark style=\"background-color:rgba(0, 0, 0, 0);color:#332053\" class=\"has-inline-color\">Qual a diferen\u00e7a entre matriz energ\u00e9tica e matriz el\u00e9trica?<\/mark><\/strong><\/h2>\n\n\n\n<p><\/p>\n\n\n\n<p>A matriz energ\u00e9tica representa as fontes de energia dispon\u00edveis em um pa\u00eds para realizar a capta\u00e7\u00e3o, distribui\u00e7\u00e3o e utiliza\u00e7\u00e3o de energia no com\u00e9rcio, nas ind\u00fastrias e nas resid\u00eancias. J\u00e1 <strong>a matriz el\u00e9trica \u00e9 composta somente por recursos respons\u00e1veis por gerar <a href=\"https:\/\/bit.ly\/3UX5ewS\" target=\"_blank\" rel=\"noreferrer noopener\">energia el\u00e9trica<\/a><\/strong> para determinada regi\u00e3o ou territ\u00f3rio.\u00a0<\/p>\n\n\n\n<p><\/p>\n\n\n\n<figure class=\"wp-block-image size-large\"><img fetchpriority=\"high\" decoding=\"async\" width=\"1024\" height=\"504\" src=\"https:\/\/3.236.142.92\/wp-content\/uploads\/2022\/11\/american-public-power-association-fm5_vCUa-Bc-unsplash-1-1024x504.jpg\" alt=\"pain\u00e9is solares gerando energia\" class=\"wp-image-1387\" srcset=\"https:\/\/sualuz.com.br\/blog\/wp-content\/uploads\/2022\/11\/american-public-power-association-fm5_vCUa-Bc-unsplash-1-1024x504.jpg 1024w, https:\/\/sualuz.com.br\/blog\/wp-content\/uploads\/2022\/11\/american-public-power-association-fm5_vCUa-Bc-unsplash-1-300x148.jpg 300w, https:\/\/sualuz.com.br\/blog\/wp-content\/uploads\/2022\/11\/american-public-power-association-fm5_vCUa-Bc-unsplash-1-768x378.jpg 768w, https:\/\/sualuz.com.br\/blog\/wp-content\/uploads\/2022\/11\/american-public-power-association-fm5_vCUa-Bc-unsplash-1-1200x591.jpg 1200w, https:\/\/sualuz.com.br\/blog\/wp-content\/uploads\/2022\/11\/american-public-power-association-fm5_vCUa-Bc-unsplash-1.jpg 1280w\" sizes=\"(max-width: 1024px) 100vw, 1024px\" \/><\/figure>\n\n\n\n<p><\/p>\n\n\n\n<p>Ou seja, se de um lado a matriz energ\u00e9tica \u00e9 utilizada para fins mais amplos no que diz respeito \u00e0 energia produzida \u2014 como tornar poss\u00edvel o preparo de um alimento no fog\u00e3o e gerar eletricidade,<strong> a matriz el\u00e9trica, por sua vez, faz parte de um processo focado na eletricidade apenas.<\/strong><\/p>\n\n\n\n<p>Podemos perceber sua influ\u00eancia em a\u00e7\u00f5es simples do dia a dia, como assistir TV, utilizar eletrodom\u00e9sticos (geladeira, m\u00e1quina de lavar, etc.), carregar o celular, acender a luz e tomar banho quente.<\/p>\n\n\n\n<p>E ao contr\u00e1rio do que muitas pessoas acreditam, embora existam diferen\u00e7as entre a matriz energ\u00e9tica e a matriz el\u00e9trica, n\u00e3o d\u00e1 para dizer que ambas n\u00e3o est\u00e3o relacionadas umas com a outra.&nbsp;<\/p>\n\n\n\n<p>Essa rela\u00e7\u00e3o se d\u00e1 justamente pelo fato de que a matriz el\u00e9trica est\u00e1 englobada na matriz energ\u00e9tica, fazendo parte dela, ou seja, n\u00e3o se trata de coisas completamente diferentes, mas sim complementares.<\/p>\n\n\n\n<p><\/p>\n\n\n\n<h2 class=\"wp-block-heading\"><mark style=\"background-color:rgba(0, 0, 0, 0);color:#332053\" class=\"has-inline-color\">Qual a matriz energ\u00e9tica mais usada no Brasil?<\/mark><\/h2>\n\n\n\n<p><\/p>\n\n\n\n<p><strong>A matriz energ\u00e9tica do Brasil \u00e9 muito diferente da mundial.<\/strong> Por aqui, apesar do consumo de energia de fontes n\u00e3o renov\u00e1veis ser maior que o de renov\u00e1veis, <strong>usamos mais fontes renov\u00e1veis<\/strong> do que o resto do mundo. Somando lenha e carv\u00e3o vegetal, hidr\u00e1ulica, derivados de cana e outras renov\u00e1veis, se totalizam <strong>48,3%<\/strong>, quase metade da nossa matriz energ\u00e9tica:<\/p>\n\n\n\n<p>A diferen\u00e7a entre o consumo de energia proveniente de fontes renov\u00e1veis e n\u00e3o renov\u00e1veis no Brasil foi discrepante em rela\u00e7\u00e3o ao mundo, segundo dados de 2019 da Ag\u00eancia Internacional de Energia (AIE).<\/p>\n\n\n\n<p>Enquanto <strong>o Brasil possu\u00eda quase metade da matriz energ\u00e9tica advinda de recursos renov\u00e1veis<\/strong> (<strong>46%<\/strong>), o mundo possu\u00eda apenas <strong>14%<\/strong> \u2014 uma estat\u00edstica um tanto quanto diferente e reflete diretamente no nosso ecossistema.&nbsp;<\/p>\n\n\n\n<p>Afinal, <strong>os recursos energ\u00e9ticos n\u00e3o renov\u00e1veis emitem gases de efeito estufa<\/strong>. Desse modo, podemos dizer que, contando com quase metade da matriz energ\u00e9tica vindo de fontes renov\u00e1veis, <strong>a popula\u00e7\u00e3o brasileira \u00e9 respons\u00e1vel por uma emiss\u00e3o muito menor desses gases quando comparada aos demais locais do mundo.<\/strong><\/p>\n\n\n\n<p>Confira como est\u00e1 a matriz energ\u00e9tica do Brasil atualmente de acordo com o Balan\u00e7o Energ\u00e9tico Nacional realizado pela EPE (Empresa de Pesquisa Energ\u00e9tica).<\/p>\n\n\n\n<p><\/p>\n\n\n\n<ul class=\"wp-block-list\">\n<li><strong>Petr\u00f3leo e derivados<\/strong> (n\u00e3o renov\u00e1vel) \u2014 34,4%;<\/li>\n\n\n\n<li><strong>Derivados de cana de a\u00e7\u00facar<\/strong> (renov\u00e1vel)\u2014 16,4%;<\/li>\n\n\n\n<li><strong>Energia hidr\u00e1ulica <\/strong>(renov\u00e1vel) \u2014 11,0%;<\/li>\n\n\n\n<li><strong>G\u00e1s natural <\/strong>(n\u00e3o renov\u00e1vel)<strong> <\/strong>\u2014 13,3%<\/li>\n\n\n\n<li><strong>Lenha e carv\u00e3o vegetal <\/strong>(renov\u00e1vel) \u2014 8,7%;<\/li>\n\n\n\n<li><strong>Outras renov\u00e1veis<\/strong> \u2014 8,7%;<\/li>\n\n\n\n<li><strong>Carv\u00e3o mineral <\/strong>(n\u00e3o renov\u00e1vel)\u2014 5,6%;<\/li>\n\n\n\n<li><strong>Energia nuclear<\/strong> (n\u00e3o renov\u00e1vel) \u2014 1,3%<\/li>\n\n\n\n<li><strong>Outras n\u00e3o renov\u00e1veis<\/strong> \u2014 0,6%.<\/li>\n<\/ul>\n\n\n\n<p><\/p>\n\n\n\n<p>\u00c9 v\u00e1lido, ainda, destacar que a matriz el\u00e9trica do pa\u00eds \u00e9 mais renov\u00e1vel do que a energ\u00e9tica, afinal, <strong>a maioria da eletricidade gerada em solo brasileiro \u00e9 proveniente de usinas hidrel\u00e9tricas. <\/strong>Al\u00e9m disso, <strong>as energias solar e e\u00f3lica est\u00e3o em ascens\u00e3o no Brasil,<\/strong> colaborando para que nossas matrizes sejam cada vez mais renov\u00e1veis e, assim, mais ben\u00e9ficas ao planeta.<\/p>\n\n\n\n<figure class=\"wp-block-image size-large\"><img decoding=\"async\" width=\"1024\" height=\"504\" src=\"https:\/\/3.236.142.92\/wp-content\/uploads\/2022\/11\/tejj-o8iXJVAahUc-unsplash-1-1024x504.jpg\" alt=\"usina hidrel\u00e9trica \" class=\"wp-image-1388\" srcset=\"https:\/\/sualuz.com.br\/blog\/wp-content\/uploads\/2022\/11\/tejj-o8iXJVAahUc-unsplash-1-1024x504.jpg 1024w, https:\/\/sualuz.com.br\/blog\/wp-content\/uploads\/2022\/11\/tejj-o8iXJVAahUc-unsplash-1-300x148.jpg 300w, https:\/\/sualuz.com.br\/blog\/wp-content\/uploads\/2022\/11\/tejj-o8iXJVAahUc-unsplash-1-768x378.jpg 768w, https:\/\/sualuz.com.br\/blog\/wp-content\/uploads\/2022\/11\/tejj-o8iXJVAahUc-unsplash-1-1200x591.jpg 1200w, https:\/\/sualuz.com.br\/blog\/wp-content\/uploads\/2022\/11\/tejj-o8iXJVAahUc-unsplash-1.jpg 1280w\" sizes=\"(max-width: 1024px) 100vw, 1024px\" \/><\/figure>\n\n\n\n<p><\/p>\n\n\n\n<h2 class=\"wp-block-heading\"><mark style=\"background-color:rgba(0, 0, 0, 0);color:#332053\" class=\"has-inline-color\">Vantagens da matriz energ\u00e9tica brasileira<\/mark><\/h2>\n\n\n\n<p><\/p>\n\n\n\n<p>Como dito no t\u00f3pico anterior, <strong>a matriz energ\u00e9tica do Brasil est\u00e1 entre as mais limpas do mundo<\/strong>. Esse fato, por si s\u00f3, j\u00e1 poderia ser considerado como a maior vantagem da mesma. Afinal, a<strong> utiliza\u00e7\u00e3o de combust\u00edveis f\u00f3sseis para a produ\u00e7\u00e3o de energia traz malef\u00edcios para o meio ambiente.&nbsp;<\/strong><\/p>\n\n\n\n<p>Contudo, a desvantagem brasileira em rela\u00e7\u00e3o \u00e0 sua matriz energ\u00e9tica vai justamente nesse sentido: <strong>ainda necessitamos de mais da metade dos recursos de energia oriundos de recursos n\u00e3o renov\u00e1veis <\/strong>\u2014 como petr\u00f3leo e carv\u00e3o mineral, os quais atendem ve\u00edculos, ind\u00fastrias, etc.&nbsp;<\/p>\n\n\n\n<p>\u00c9 v\u00e1lido ressaltar que <strong>esses recursos s\u00e3o esgot\u00e1veis<\/strong>, o que pode representar um d\u00e9ficit no futuro, mas muitas vezes s\u00e3o a alternativa mais vi\u00e1vel, pois h\u00e1 certos empecilhos para o crescimento da produ\u00e7\u00e3o energ\u00e9tica a partir de fontes renov\u00e1veis.<\/p>\n\n\n\n<p>A energia captada por meio dos ventos \u2014 <strong>a e\u00f3lica, por exemplo, depende de territ\u00f3rios com grande movimenta\u00e7\u00e3o do ar para que sua utiliza\u00e7\u00e3o seja poss\u00edvel.<\/strong> Outro exemplo \u00e9 <strong>a energia solar<\/strong>, que <strong>s\u00f3 pode ser gerada durante o dia e em localidades em que os raios solares s\u00e3o intensos.<\/strong><\/p>\n\n\n\n<figure class=\"wp-block-image size-large\"><img decoding=\"async\" width=\"1024\" height=\"504\" src=\"https:\/\/3.236.142.92\/wp-content\/uploads\/2022\/11\/jason-blackeye-s1w1SguZTI-unsplash-1024x504.jpg\" alt=\"turbinas de gera\u00e7\u00e3o solar\" class=\"wp-image-1386\" srcset=\"https:\/\/sualuz.com.br\/blog\/wp-content\/uploads\/2022\/11\/jason-blackeye-s1w1SguZTI-unsplash-1024x504.jpg 1024w, https:\/\/sualuz.com.br\/blog\/wp-content\/uploads\/2022\/11\/jason-blackeye-s1w1SguZTI-unsplash-300x148.jpg 300w, https:\/\/sualuz.com.br\/blog\/wp-content\/uploads\/2022\/11\/jason-blackeye-s1w1SguZTI-unsplash-768x378.jpg 768w, https:\/\/sualuz.com.br\/blog\/wp-content\/uploads\/2022\/11\/jason-blackeye-s1w1SguZTI-unsplash-1200x591.jpg 1200w, https:\/\/sualuz.com.br\/blog\/wp-content\/uploads\/2022\/11\/jason-blackeye-s1w1SguZTI-unsplash.jpg 1280w\" sizes=\"(max-width: 1024px) 100vw, 1024px\" \/><\/figure>\n\n\n\n<p>Esses fatores fazem com que o Brasil tenha ainda mais vantagens em usar fontes de capta\u00e7\u00e3o de energia como essas, considerando o vasto territ\u00f3rio, que al\u00e9m de grande \u00e9 diverso, por isso, possibilita um investimento usando dos recursos naturais ao nosso favor, sem causar grandes danos ao meio ambiente.<\/p>\n\n\n\n<p>Para al\u00e9m dessas quest\u00f5es naturais que impedem uma ascens\u00e3o maior dos recursos renov\u00e1veis na matriz energ\u00e9tica brasileira, est\u00e3o as investidas em recursos tecnol\u00f3gicos a fim de que o uso dessas fontes limpas seja facilitado e expandido.<\/p>\n\n\n\n<p><\/p>\n\n\n\n<h2 class=\"wp-block-heading\"><mark style=\"background-color:rgba(0, 0, 0, 0);color:#332053\" class=\"has-inline-color\">Qual \u00e9 a matriz energ\u00e9tica do mundo?<\/mark><\/h2>\n\n\n\n<p><\/p>\n\n\n\n<p>Muito diferente do que ocorre no territ\u00f3rio nacional, no mundo, a matriz energ\u00e9tica \u00e9 majoritariamente \u2014 mais de 80% \u2014 composta por fontes n\u00e3o renov\u00e1veis. De acordo com dados de 2019 da Ag\u00eancia Internacional de Energia (AIE), os recursos a seguir s\u00e3o os mais utilizados no exterior para obten\u00e7\u00e3o de energia:<\/p>\n\n\n\n<ul class=\"wp-block-list\">\n<li><strong>Petr\u00f3leo e derivados<\/strong> (n\u00e3o renov\u00e1vel) \u2014 31,1%;<\/li>\n\n\n\n<li><strong>Carv\u00e3o mineral <\/strong>(n\u00e3o renov\u00e1vel) \u2014 27%;<\/li>\n\n\n\n<li><strong>G\u00e1s natural <\/strong>(n\u00e3o renov\u00e1vel) \u2014 23%;<\/li>\n\n\n\n<li><strong>Biomassa <\/strong>(renov\u00e1vel) \u2014 9,3%;<\/li>\n\n\n\n<li><strong>Energia nuclear<\/strong> \u2014 5%;<\/li>\n\n\n\n<li><strong>Energia hidr\u00e1ulica <\/strong>(renov\u00e1vel) \u2014 2,6%;<\/li>\n\n\n\n<li><strong>Outros recursos renov\u00e1veis <\/strong>\u2014 2%.<\/li>\n<\/ul>\n\n\n\n<p>Como visto acima, apenas <strong>14%<\/strong> da matriz energ\u00e9tica mundial \u00e9 composta por fontes renov\u00e1veis, como energia solar, energia e\u00f3lica e energia geot\u00e9rmica \u2014 que representam somente <strong>2%<\/strong> da propor\u00e7\u00e3o total \u2014 e biomassa (<strong>9,3%<\/strong>) e energia hidr\u00e1ulica (<strong>2,6%<\/strong>).<\/p>\n\n\n\n<p>Mais uma vez, em compara\u00e7\u00e3o com o restante do mundo, <strong>o Brasil fica numa posi\u00e7\u00e3o de muita superioridade quando o assunto \u00e9 produ\u00e7\u00e3o de energia.<\/strong> No entanto, \u00e9 preciso, cada vez mais, voltarmos a aten\u00e7\u00e3o para o meio ambiente, buscando aliar maneiras de fazer com que as fontes limpas se expandam mais.<\/p>\n\n\n\n<p>Investindo em tecnologias que deem suporte para que os recursos renov\u00e1veis sejam captados e distribu\u00eddos, cada vez mais conseguiremos alcan\u00e7ar boa parte dos recursos a partir da matriz de energia limpa.\u00a0<\/p>\n\n\n\n<p><\/p>\n\n\n\n<h2 class=\"wp-block-heading\"><mark style=\"background-color:rgba(0, 0, 0, 0);color:#332053\" class=\"has-inline-color\">Como ter acesso \u00e0 energia renov\u00e1vel no Brasil?<\/mark><\/h2>\n\n\n\n<p><\/p>\n\n\n\n<p>O consumo de energia renov\u00e1vel \u00e9 vital para o futuro do nosso planeta. E por mais que produtos que n\u00e3o utilizem combust\u00edveis f\u00f3sseis estejam cada vez mais presentes ao nosso redor (como <a href=\"https:\/\/sualuz.com.br\/blog\/carros-eletricos\" target=\"_blank\" rel=\"noreferrer noopener\">carros el\u00e9tricos<\/a>, por exemplo), levar energia limpa para a rede el\u00e9trica de casa pode ser um desafio para muitos brasileiros.<\/p>\n\n\n\n<p>Pensando em solucionar esse problema e fornecer uma forma f\u00e1cil da popula\u00e7\u00e3o ter acesso a energia renov\u00e1vel, a <a href=\"https:\/\/bit.ly\/3VbpJWg\" target=\"_blank\" rel=\"noreferrer noopener\">LUZ<\/a> possui v\u00e1rios planos que permitem que isso aconte\u00e7a!<\/p>\n\n\n\n<p>Isso \u00e9 acompanhado de um bom desconto nas tarifas de todos os meses e um aplicativo para voc\u00ea acompanhar seu consumo em tempo real.<\/p>\n\n\n\n<p>Fa\u00e7a sua <a href=\"https:\/\/bit.ly\/3gsSSNN\" target=\"_blank\" rel=\"noreferrer noopener\">simula\u00e7\u00e3o gratuita<\/a> e veja o quanto voc\u00ea pode economizar j\u00e1 na pr\u00f3xima fatura!<\/p>\n\n\n\n<figure class=\"wp-block-image size-large\"><img loading=\"lazy\" decoding=\"async\" width=\"1024\" height=\"504\" src=\"https:\/\/3.236.142.92\/wp-content\/uploads\/2022\/10\/medidor-inteligente-2-2-1024x504.jpg\" alt=\"medidor de energia inteligente LUZ\" class=\"wp-image-1077\" srcset=\"https:\/\/sualuz.com.br\/blog\/wp-content\/uploads\/2022\/10\/medidor-inteligente-2-2-1024x504.jpg 1024w, https:\/\/sualuz.com.br\/blog\/wp-content\/uploads\/2022\/10\/medidor-inteligente-2-2-300x148.jpg 300w, https:\/\/sualuz.com.br\/blog\/wp-content\/uploads\/2022\/10\/medidor-inteligente-2-2-768x378.jpg 768w, https:\/\/sualuz.com.br\/blog\/wp-content\/uploads\/2022\/10\/medidor-inteligente-2-2-1536x756.jpg 1536w, https:\/\/sualuz.com.br\/blog\/wp-content\/uploads\/2022\/10\/medidor-inteligente-2-2-2048x1007.jpg 2048w, https:\/\/sualuz.com.br\/blog\/wp-content\/uploads\/2022\/10\/medidor-inteligente-2-2-1200x590.jpg 1200w, https:\/\/sualuz.com.br\/blog\/wp-content\/uploads\/2022\/10\/medidor-inteligente-2-2-1980x974.jpg 1980w\" sizes=\"(max-width: 1024px) 100vw, 1024px\" \/><\/figure>\n","protected":false},"excerpt":{"rendered":"<p>A matriz energ\u00e9tica do Brasil est\u00e1 entre as mais renov\u00e1veis do mundo, e a tend\u00eancia \u00e9 que isso aumente cada vez mais. Confira!<\/p>\n","protected":false},"author":14,"featured_media":1389,"comment_status":"open","ping_status":"open","sticky":false,"template":"","format":"standard","meta":{"footnotes":""},"categories":[5],"tags":[],"class_list":["post-1384","post","type-post","status-publish","format-standard","has-post-thumbnail","hentry","category-energia"],"acf":{"post_title":"Matriz energ\u00e9tica: o que \u00e9 e qual \u00e9 a brasileira?","post_description":"A matriz energ\u00e9tica do Brasil est\u00e1 entre as mais renov\u00e1veis do mundo, e a tend\u00eancia \u00e9 que isso aumente cada vez mais. Confira!","post_author":"Leonardo Henrique","post_author_description":"Redator e analista de SEO na LUZ","post_author_image":1170,"post_image":1389},"yoast_head":"<!-- This site is optimized with the Yoast SEO plugin v26.8 - https:\/\/yoast.com\/product\/yoast-seo-wordpress\/ -->\n<title>Matriz energ\u00e9tica: o que \u00e9 e qual \u00e9 a brasileira? &#8226; LUZ<\/title>\n<meta name=\"description\" content=\"A matriz energ\u00e9tica do Brasil est\u00e1 entre as mais renov\u00e1veis do mundo, e a tend\u00eancia \u00e9 que isso aumente cada vez mais. Confira!\" \/>\n<meta name=\"robots\" content=\"index, follow, max-snippet:-1, max-image-preview:large, max-video-preview:-1\" \/>\n<link rel=\"canonical\" href=\"https:\/\/sualuz.com.br\/blog\/matriz-energetica-o-que-e-e-qual-e-a-brasileira\/\" \/>\n<meta property=\"og:locale\" content=\"pt_BR\" \/>\n<meta property=\"og:type\" content=\"article\" \/>\n<meta property=\"og:title\" content=\"Matriz energ\u00e9tica: o que \u00e9 e qual \u00e9 a brasileira? &#8226; LUZ\" \/>\n<meta property=\"og:description\" content=\"A matriz energ\u00e9tica do Brasil est\u00e1 entre as mais renov\u00e1veis do mundo, e a tend\u00eancia \u00e9 que isso aumente cada vez mais. Confira!\" \/>\n<meta property=\"og:url\" content=\"https:\/\/sualuz.com.br\/blog\/matriz-energetica-o-que-e-e-qual-e-a-brasileira\/\" \/>\n<meta property=\"og:site_name\" content=\"Luz\" \/>\n<meta property=\"article:published_time\" content=\"2026-02-01T19:35:00+00:00\" \/>\n<meta property=\"article:modified_time\" content=\"2026-03-12T12:30:50+00:00\" \/>\n<meta property=\"og:image\" content=\"https:\/\/sualuz.com.br\/blog\/wp-content\/uploads\/2022\/11\/Matriz-energetica.jpg\" \/>\n\t<meta property=\"og:image:width\" content=\"1280\" \/>\n\t<meta property=\"og:image:height\" content=\"630\" \/>\n\t<meta property=\"og:image:type\" content=\"image\/jpeg\" \/>\n<meta name=\"author\" content=\"Reda\u00e7\u00e3o Luz\" \/>\n<meta name=\"twitter:card\" content=\"summary_large_image\" \/>\n<meta name=\"twitter:label1\" content=\"Escrito por\" \/>\n\t<meta name=\"twitter:data1\" content=\"Reda\u00e7\u00e3o Luz\" \/>\n\t<meta name=\"twitter:label2\" content=\"Est. tempo de leitura\" \/>\n\t<meta name=\"twitter:data2\" content=\"8 minutos\" \/>\n<script type=\"application\/ld+json\" class=\"yoast-schema-graph\">{\"@context\":\"https:\/\/schema.org\",\"@graph\":[{\"@type\":\"Article\",\"@id\":\"https:\/\/sualuz.com.br\/blog\/matriz-energetica-o-que-e-e-qual-e-a-brasileira\/#article\",\"isPartOf\":{\"@id\":\"https:\/\/sualuz.com.br\/blog\/matriz-energetica-o-que-e-e-qual-e-a-brasileira\/\"},\"author\":{\"name\":\"Reda\u00e7\u00e3o Luz\",\"@id\":\"https:\/\/sualuz.com.br\/blog\/#\/schema\/person\/bbd73e4bf0b112afe9617925355b66a6\"},\"headline\":\"Matriz energ\u00e9tica: o que \u00e9 e qual \u00e9 a brasileira?\",\"datePublished\":\"2026-02-01T19:35:00+00:00\",\"dateModified\":\"2026-03-12T12:30:50+00:00\",\"mainEntityOfPage\":{\"@id\":\"https:\/\/sualuz.com.br\/blog\/matriz-energetica-o-que-e-e-qual-e-a-brasileira\/\"},\"wordCount\":1429,\"commentCount\":0,\"publisher\":{\"@id\":\"https:\/\/sualuz.com.br\/blog\/#organization\"},\"image\":{\"@id\":\"https:\/\/sualuz.com.br\/blog\/matriz-energetica-o-que-e-e-qual-e-a-brasileira\/#primaryimage\"},\"thumbnailUrl\":\"https:\/\/sualuz.com.br\/blog\/wp-content\/uploads\/2022\/11\/Matriz-energetica.jpg\",\"articleSection\":[\"Energia\"],\"inLanguage\":\"pt-BR\",\"potentialAction\":[{\"@type\":\"CommentAction\",\"name\":\"Comment\",\"target\":[\"https:\/\/sualuz.com.br\/blog\/matriz-energetica-o-que-e-e-qual-e-a-brasileira\/#respond\"]}]},{\"@type\":\"WebPage\",\"@id\":\"https:\/\/sualuz.com.br\/blog\/matriz-energetica-o-que-e-e-qual-e-a-brasileira\/\",\"url\":\"https:\/\/sualuz.com.br\/blog\/matriz-energetica-o-que-e-e-qual-e-a-brasileira\/\",\"name\":\"Matriz energ\u00e9tica: o que \u00e9 e qual \u00e9 a brasileira? &#8226; LUZ\",\"isPartOf\":{\"@id\":\"https:\/\/sualuz.com.br\/blog\/#website\"},\"primaryImageOfPage\":{\"@id\":\"https:\/\/sualuz.com.br\/blog\/matriz-energetica-o-que-e-e-qual-e-a-brasileira\/#primaryimage\"},\"image\":{\"@id\":\"https:\/\/sualuz.com.br\/blog\/matriz-energetica-o-que-e-e-qual-e-a-brasileira\/#primaryimage\"},\"thumbnailUrl\":\"https:\/\/sualuz.com.br\/blog\/wp-content\/uploads\/2022\/11\/Matriz-energetica.jpg\",\"datePublished\":\"2026-02-01T19:35:00+00:00\",\"dateModified\":\"2026-03-12T12:30:50+00:00\",\"description\":\"A matriz energ\u00e9tica do Brasil est\u00e1 entre as mais renov\u00e1veis do mundo, e a tend\u00eancia \u00e9 que isso aumente cada vez mais. Confira!\",\"breadcrumb\":{\"@id\":\"https:\/\/sualuz.com.br\/blog\/matriz-energetica-o-que-e-e-qual-e-a-brasileira\/#breadcrumb\"},\"inLanguage\":\"pt-BR\",\"potentialAction\":[{\"@type\":\"ReadAction\",\"target\":[\"https:\/\/sualuz.com.br\/blog\/matriz-energetica-o-que-e-e-qual-e-a-brasileira\/\"]}]},{\"@type\":\"ImageObject\",\"inLanguage\":\"pt-BR\",\"@id\":\"https:\/\/sualuz.com.br\/blog\/matriz-energetica-o-que-e-e-qual-e-a-brasileira\/#primaryimage\",\"url\":\"https:\/\/sualuz.com.br\/blog\/wp-content\/uploads\/2022\/11\/Matriz-energetica.jpg\",\"contentUrl\":\"https:\/\/sualuz.com.br\/blog\/wp-content\/uploads\/2022\/11\/Matriz-energetica.jpg\",\"width\":1280,\"height\":630,\"caption\":\"Matriz energetica\"},{\"@type\":\"BreadcrumbList\",\"@id\":\"https:\/\/sualuz.com.br\/blog\/matriz-energetica-o-que-e-e-qual-e-a-brasileira\/#breadcrumb\",\"itemListElement\":[{\"@type\":\"ListItem\",\"position\":1,\"name\":\"In\u00edcio\",\"item\":\"https:\/\/sualuz.com.br\/blog\/\"},{\"@type\":\"ListItem\",\"position\":2,\"name\":\"Matriz energ\u00e9tica: o que \u00e9 e qual \u00e9 a brasileira?\"}]},{\"@type\":\"WebSite\",\"@id\":\"https:\/\/sualuz.com.br\/blog\/#website\",\"url\":\"https:\/\/sualuz.com.br\/blog\/\",\"name\":\"LUZ\",\"description\":\"\",\"publisher\":{\"@id\":\"https:\/\/sualuz.com.br\/blog\/#organization\"},\"potentialAction\":[{\"@type\":\"SearchAction\",\"target\":{\"@type\":\"EntryPoint\",\"urlTemplate\":\"https:\/\/sualuz.com.br\/blog\/?s={search_term_string}\"},\"query-input\":{\"@type\":\"PropertyValueSpecification\",\"valueRequired\":true,\"valueName\":\"search_term_string\"}}],\"inLanguage\":\"pt-BR\"},{\"@type\":\"Organization\",\"@id\":\"https:\/\/sualuz.com.br\/blog\/#organization\",\"name\":\"LUZ\",\"url\":\"https:\/\/sualuz.com.br\/blog\/\",\"logo\":{\"@type\":\"ImageObject\",\"inLanguage\":\"pt-BR\",\"@id\":\"https:\/\/sualuz.com.br\/blog\/#\/schema\/logo\/image\/\",\"url\":\"https:\/\/sualuz.com.br\/blog\/wp-content\/uploads\/2025\/01\/sua-luz-favicon-flat.png\",\"contentUrl\":\"https:\/\/sualuz.com.br\/blog\/wp-content\/uploads\/2025\/01\/sua-luz-favicon-flat.png\",\"width\":512,\"height\":512,\"caption\":\"LUZ\"},\"image\":{\"@id\":\"https:\/\/sualuz.com.br\/blog\/#\/schema\/logo\/image\/\"}},{\"@type\":\"Person\",\"@id\":\"https:\/\/sualuz.com.br\/blog\/#\/schema\/person\/bbd73e4bf0b112afe9617925355b66a6\",\"name\":\"Reda\u00e7\u00e3o Luz\",\"image\":{\"@type\":\"ImageObject\",\"inLanguage\":\"pt-BR\",\"@id\":\"https:\/\/sualuz.com.br\/blog\/#\/schema\/person\/image\/\",\"url\":\"https:\/\/secure.gravatar.com\/avatar\/ed5b5c3c1f38a53655478b5e2e41d120?s=96&d=mm&r=g\",\"contentUrl\":\"https:\/\/secure.gravatar.com\/avatar\/ed5b5c3c1f38a53655478b5e2e41d120?s=96&d=mm&r=g\",\"caption\":\"Reda\u00e7\u00e3o Luz\"},\"description\":\"A Reda\u00e7\u00e3o Luz \u00e9 a voz da primeira energytech 100% digital do Brasil. Nosso time de especialistas produz conte\u00fados focados em transformar a sua rela\u00e7\u00e3o com a energia, entregando informa\u00e7\u00e3o com a mesma transpar\u00eancia e seguran\u00e7a da nossa tecnologia. Aqui, unimos dados, inova\u00e7\u00e3o e sustentabilidade para trazer dicas pr\u00e1ticas de economia e previsibilidade, para sua casa ou empresa, empoderando voc\u00ea com a liberdade de escolha para assumir o controle total do seu consumo. Afinal, a nova energia do Brasil \u00e9 digital e simples.\",\"sameAs\":[\"https:\/\/sualuz.com.br\/\",\"https:\/\/www.instagram.com\/sualuz_oficial\/\",\"https:\/\/www.linkedin.com\/company\/sualuz\",\"https:\/\/www.youtube.com\/@sualuz\"],\"url\":\"https:\/\/sualuz.com.br\/blog\/author\/marketing-luz\/\"}]}<\/script>\n<!-- \/ Yoast SEO plugin. -->","yoast_head_json":{"title":"Matriz energ\u00e9tica: o que \u00e9 e qual \u00e9 a brasileira? &#8226; LUZ","description":"A matriz energ\u00e9tica do Brasil est\u00e1 entre as mais renov\u00e1veis do mundo, e a tend\u00eancia \u00e9 que isso aumente cada vez mais. Confira!","robots":{"index":"index","follow":"follow","max-snippet":"max-snippet:-1","max-image-preview":"max-image-preview:large","max-video-preview":"max-video-preview:-1"},"canonical":"https:\/\/sualuz.com.br\/blog\/matriz-energetica-o-que-e-e-qual-e-a-brasileira\/","og_locale":"pt_BR","og_type":"article","og_title":"Matriz energ\u00e9tica: o que \u00e9 e qual \u00e9 a brasileira? &#8226; LUZ","og_description":"A matriz energ\u00e9tica do Brasil est\u00e1 entre as mais renov\u00e1veis do mundo, e a tend\u00eancia \u00e9 que isso aumente cada vez mais. Confira!","og_url":"https:\/\/sualuz.com.br\/blog\/matriz-energetica-o-que-e-e-qual-e-a-brasileira\/","og_site_name":"Luz","article_published_time":"2026-02-01T19:35:00+00:00","article_modified_time":"2026-03-12T12:30:50+00:00","og_image":[{"width":1280,"height":630,"url":"https:\/\/sualuz.com.br\/blog\/wp-content\/uploads\/2022\/11\/Matriz-energetica.jpg","type":"image\/jpeg"}],"author":"Reda\u00e7\u00e3o Luz","twitter_card":"summary_large_image","twitter_misc":{"Escrito por":"Reda\u00e7\u00e3o Luz","Est. tempo de leitura":"8 minutos"},"schema":{"@context":"https:\/\/schema.org","@graph":[{"@type":"Article","@id":"https:\/\/sualuz.com.br\/blog\/matriz-energetica-o-que-e-e-qual-e-a-brasileira\/#article","isPartOf":{"@id":"https:\/\/sualuz.com.br\/blog\/matriz-energetica-o-que-e-e-qual-e-a-brasileira\/"},"author":{"name":"Reda\u00e7\u00e3o Luz","@id":"https:\/\/sualuz.com.br\/blog\/#\/schema\/person\/bbd73e4bf0b112afe9617925355b66a6"},"headline":"Matriz energ\u00e9tica: o que \u00e9 e qual \u00e9 a brasileira?","datePublished":"2026-02-01T19:35:00+00:00","dateModified":"2026-03-12T12:30:50+00:00","mainEntityOfPage":{"@id":"https:\/\/sualuz.com.br\/blog\/matriz-energetica-o-que-e-e-qual-e-a-brasileira\/"},"wordCount":1429,"commentCount":0,"publisher":{"@id":"https:\/\/sualuz.com.br\/blog\/#organization"},"image":{"@id":"https:\/\/sualuz.com.br\/blog\/matriz-energetica-o-que-e-e-qual-e-a-brasileira\/#primaryimage"},"thumbnailUrl":"https:\/\/sualuz.com.br\/blog\/wp-content\/uploads\/2022\/11\/Matriz-energetica.jpg","articleSection":["Energia"],"inLanguage":"pt-BR","potentialAction":[{"@type":"CommentAction","name":"Comment","target":["https:\/\/sualuz.com.br\/blog\/matriz-energetica-o-que-e-e-qual-e-a-brasileira\/#respond"]}]},{"@type":"WebPage","@id":"https:\/\/sualuz.com.br\/blog\/matriz-energetica-o-que-e-e-qual-e-a-brasileira\/","url":"https:\/\/sualuz.com.br\/blog\/matriz-energetica-o-que-e-e-qual-e-a-brasileira\/","name":"Matriz energ\u00e9tica: o que \u00e9 e qual \u00e9 a brasileira? &#8226; LUZ","isPartOf":{"@id":"https:\/\/sualuz.com.br\/blog\/#website"},"primaryImageOfPage":{"@id":"https:\/\/sualuz.com.br\/blog\/matriz-energetica-o-que-e-e-qual-e-a-brasileira\/#primaryimage"},"image":{"@id":"https:\/\/sualuz.com.br\/blog\/matriz-energetica-o-que-e-e-qual-e-a-brasileira\/#primaryimage"},"thumbnailUrl":"https:\/\/sualuz.com.br\/blog\/wp-content\/uploads\/2022\/11\/Matriz-energetica.jpg","datePublished":"2026-02-01T19:35:00+00:00","dateModified":"2026-03-12T12:30:50+00:00","description":"A matriz energ\u00e9tica do Brasil est\u00e1 entre as mais renov\u00e1veis do mundo, e a tend\u00eancia \u00e9 que isso aumente cada vez mais. Confira!","breadcrumb":{"@id":"https:\/\/sualuz.com.br\/blog\/matriz-energetica-o-que-e-e-qual-e-a-brasileira\/#breadcrumb"},"inLanguage":"pt-BR","potentialAction":[{"@type":"ReadAction","target":["https:\/\/sualuz.com.br\/blog\/matriz-energetica-o-que-e-e-qual-e-a-brasileira\/"]}]},{"@type":"ImageObject","inLanguage":"pt-BR","@id":"https:\/\/sualuz.com.br\/blog\/matriz-energetica-o-que-e-e-qual-e-a-brasileira\/#primaryimage","url":"https:\/\/sualuz.com.br\/blog\/wp-content\/uploads\/2022\/11\/Matriz-energetica.jpg","contentUrl":"https:\/\/sualuz.com.br\/blog\/wp-content\/uploads\/2022\/11\/Matriz-energetica.jpg","width":1280,"height":630,"caption":"Matriz energetica"},{"@type":"BreadcrumbList","@id":"https:\/\/sualuz.com.br\/blog\/matriz-energetica-o-que-e-e-qual-e-a-brasileira\/#breadcrumb","itemListElement":[{"@type":"ListItem","position":1,"name":"In\u00edcio","item":"https:\/\/sualuz.com.br\/blog\/"},{"@type":"ListItem","position":2,"name":"Matriz energ\u00e9tica: o que \u00e9 e qual \u00e9 a brasileira?"}]},{"@type":"WebSite","@id":"https:\/\/sualuz.com.br\/blog\/#website","url":"https:\/\/sualuz.com.br\/blog\/","name":"LUZ","description":"","publisher":{"@id":"https:\/\/sualuz.com.br\/blog\/#organization"},"potentialAction":[{"@type":"SearchAction","target":{"@type":"EntryPoint","urlTemplate":"https:\/\/sualuz.com.br\/blog\/?s={search_term_string}"},"query-input":{"@type":"PropertyValueSpecification","valueRequired":true,"valueName":"search_term_string"}}],"inLanguage":"pt-BR"},{"@type":"Organization","@id":"https:\/\/sualuz.com.br\/blog\/#organization","name":"LUZ","url":"https:\/\/sualuz.com.br\/blog\/","logo":{"@type":"ImageObject","inLanguage":"pt-BR","@id":"https:\/\/sualuz.com.br\/blog\/#\/schema\/logo\/image\/","url":"https:\/\/sualuz.com.br\/blog\/wp-content\/uploads\/2025\/01\/sua-luz-favicon-flat.png","contentUrl":"https:\/\/sualuz.com.br\/blog\/wp-content\/uploads\/2025\/01\/sua-luz-favicon-flat.png","width":512,"height":512,"caption":"LUZ"},"image":{"@id":"https:\/\/sualuz.com.br\/blog\/#\/schema\/logo\/image\/"}},{"@type":"Person","@id":"https:\/\/sualuz.com.br\/blog\/#\/schema\/person\/bbd73e4bf0b112afe9617925355b66a6","name":"Reda\u00e7\u00e3o Luz","image":{"@type":"ImageObject","inLanguage":"pt-BR","@id":"https:\/\/sualuz.com.br\/blog\/#\/schema\/person\/image\/","url":"https:\/\/secure.gravatar.com\/avatar\/ed5b5c3c1f38a53655478b5e2e41d120?s=96&d=mm&r=g","contentUrl":"https:\/\/secure.gravatar.com\/avatar\/ed5b5c3c1f38a53655478b5e2e41d120?s=96&d=mm&r=g","caption":"Reda\u00e7\u00e3o Luz"},"description":"A Reda\u00e7\u00e3o Luz \u00e9 a voz da primeira energytech 100% digital do Brasil. Nosso time de especialistas produz conte\u00fados focados em transformar a sua rela\u00e7\u00e3o com a energia, entregando informa\u00e7\u00e3o com a mesma transpar\u00eancia e seguran\u00e7a da nossa tecnologia. Aqui, unimos dados, inova\u00e7\u00e3o e sustentabilidade para trazer dicas pr\u00e1ticas de economia e previsibilidade, para sua casa ou empresa, empoderando voc\u00ea com a liberdade de escolha para assumir o controle total do seu consumo. Afinal, a nova energia do Brasil \u00e9 digital e simples.","sameAs":["https:\/\/sualuz.com.br\/","https:\/\/www.instagram.com\/sualuz_oficial\/","https:\/\/www.linkedin.com\/company\/sualuz","https:\/\/www.youtube.com\/@sualuz"],"url":"https:\/\/sualuz.com.br\/blog\/author\/marketing-luz\/"}]}},"_links":{"self":[{"href":"https:\/\/sualuz.com.br\/blog\/wp-json\/wp\/v2\/posts\/1384","targetHints":{"allow":["GET"]}}],"collection":[{"href":"https:\/\/sualuz.com.br\/blog\/wp-json\/wp\/v2\/posts"}],"about":[{"href":"https:\/\/sualuz.com.br\/blog\/wp-json\/wp\/v2\/types\/post"}],"author":[{"embeddable":true,"href":"https:\/\/sualuz.com.br\/blog\/wp-json\/wp\/v2\/users\/14"}],"replies":[{"embeddable":true,"href":"https:\/\/sualuz.com.br\/blog\/wp-json\/wp\/v2\/comments?post=1384"}],"version-history":[{"count":3,"href":"https:\/\/sualuz.com.br\/blog\/wp-json\/wp\/v2\/posts\/1384\/revisions"}],"predecessor-version":[{"id":1391,"href":"https:\/\/sualuz.com.br\/blog\/wp-json\/wp\/v2\/posts\/1384\/revisions\/1391"}],"wp:featuredmedia":[{"embeddable":true,"href":"https:\/\/sualuz.com.br\/blog\/wp-json\/wp\/v2\/media\/1389"}],"wp:attachment":[{"href":"https:\/\/sualuz.com.br\/blog\/wp-json\/wp\/v2\/media?parent=1384"}],"wp:term":[{"taxonomy":"category","embeddable":true,"href":"https:\/\/sualuz.com.br\/blog\/wp-json\/wp\/v2\/categories?post=1384"},{"taxonomy":"post_tag","embeddable":true,"href":"https:\/\/sualuz.com.br\/blog\/wp-json\/wp\/v2\/tags?post=1384"}],"curies":[{"name":"wp","href":"https:\/\/api.w.org\/{rel}","templated":true}]}}