{"id":1160,"date":"2026-01-26T16:28:00","date_gmt":"2026-01-26T19:28:00","guid":{"rendered":"https:\/\/3.236.142.92\/?p=1160"},"modified":"2026-03-12T09:31:04","modified_gmt":"2026-03-12T12:31:04","slug":"geracao-distribuida","status":"publish","type":"post","link":"https:\/\/sualuz.com.br\/blog\/geracao-distribuida\/","title":{"rendered":"Gera\u00e7\u00e3o distribu\u00edda: o que \u00e9 e quais os benef\u00edcios"},"content":{"rendered":"\n<p>A gera\u00e7\u00e3o de energia no Brasil n\u00e3o \u00e9 um assunto imune a discuss\u00f5es. Por mais que nosso pa\u00eds possua usinas com uma boa capacidade de gera\u00e7\u00e3o de energia el\u00e9trica, problemas graves e a varia\u00e7\u00e3o constante nos pre\u00e7os das bandeiras trazem com frequ\u00eancia o assunto para o debate p\u00fablico.<\/p>\n\n\n\n<p>Crises energ\u00e9ticas como a que aconteceu no ano de 2001, conhecida como O Apag\u00e3o, ainda colocam em d\u00favida a viabilidade do sistema de distribui\u00e7\u00e3o de energia no pa\u00eds. Na \u00e9poca, devido a falta de planejamento e investimentos no setor de energia, diversas regi\u00f5es foram for\u00e7adas a realizarem cortes de energia.<\/p>\n\n\n\n<p>Atualmente o povo brasileiro v\u00ea os reajustes na conta de energia aumentarem cada vez mais os gastos mensais com a conta de luz.<\/p>\n\n\n\n<p>Em um cen\u00e1rio como esse a <strong>gera\u00e7\u00e3o distribu\u00edda<\/strong> surge como uma alternativa \u00e0s formas tradicionais de gera\u00e7\u00e3o de energia el\u00e9trica. Beneficiadas especialmente pelo avan\u00e7o da tecnologia, elas podem trazer mais confian\u00e7a e economia para o consumidor.<\/p>\n\n\n\n<p>Em regi\u00f5es da Europa e \u00c1sia ela j\u00e1 \u00e9 realidade, e a tend\u00eancia \u00e9 que cada vez mais pa\u00edses a adotem.<\/p>\n\n\n\n<p>Conhe\u00e7a abaixo o que \u00e9 gera\u00e7\u00e3o distribu\u00edda de energia e como ela pode melhorar muito o cen\u00e1rio energ\u00e9tico no Brasil e no mundo.<\/p>\n\n\n\n<p><\/p>\n\n\n\n<h2 class=\"wp-block-heading\"><strong><mark style=\"background-color:rgba(0, 0, 0, 0);color:#332053\" class=\"has-inline-color\">O que \u00e9 gera\u00e7\u00e3o distribu\u00edda?<\/mark><\/strong><\/h2>\n\n\n\n<p><\/p>\n\n\n\n<p>A gera\u00e7\u00e3o distribu\u00edda \u00e9 a defini\u00e7\u00e3o utilizada para explicar a gera\u00e7\u00e3o de energia el\u00e9trica em um <strong>pequeno centro descentralizado e mais pr\u00f3ximo dos consumidores<\/strong>. A ideia que \u00e9 que a energia seja produzida atrav\u00e9s de fontes renov\u00e1veis, oferecendo ao consumidor benef\u00edcios e economia.<\/p>\n\n\n\n<p><\/p>\n\n\n\n<figure class=\"wp-block-image aligncenter size-large is-resized\"><img fetchpriority=\"high\" decoding=\"async\" src=\"https:\/\/3.236.142.92\/wp-content\/uploads\/2022\/09\/matthew-henry-yETqkLnhsUI-unsplash-1024x683.jpg\" alt=\"gera\u00e7\u00e3o distribu\u00edda\" class=\"wp-image-1164\" width=\"512\" height=\"342\" srcset=\"https:\/\/sualuz.com.br\/blog\/wp-content\/uploads\/2022\/09\/matthew-henry-yETqkLnhsUI-unsplash-1024x683.jpg 1024w, https:\/\/sualuz.com.br\/blog\/wp-content\/uploads\/2022\/09\/matthew-henry-yETqkLnhsUI-unsplash-300x200.jpg 300w, https:\/\/sualuz.com.br\/blog\/wp-content\/uploads\/2022\/09\/matthew-henry-yETqkLnhsUI-unsplash-768x512.jpg 768w, https:\/\/sualuz.com.br\/blog\/wp-content\/uploads\/2022\/09\/matthew-henry-yETqkLnhsUI-unsplash-1536x1024.jpg 1536w, https:\/\/sualuz.com.br\/blog\/wp-content\/uploads\/2022\/09\/matthew-henry-yETqkLnhsUI-unsplash-1200x800.jpg 1200w, https:\/\/sualuz.com.br\/blog\/wp-content\/uploads\/2022\/09\/matthew-henry-yETqkLnhsUI-unsplash.jpg 1920w\" sizes=\"(max-width: 512px) 100vw, 512px\" \/><\/figure>\n\n\n\n<p><\/p>\n\n\n\n<p>Podemos entender a diferen\u00e7a entre a gera\u00e7\u00e3o distribu\u00edda e a convencional atrav\u00e9s da seguinte compara\u00e7\u00e3o:<\/p>\n\n\n\n<ul class=\"wp-block-list\">\n<li><strong>Gera\u00e7\u00e3o centralizada<\/strong>: poucas usinas ou unidades geradoras produzem energia el\u00e9trica para um grupo grande de pessoas. \u00c9 como a grande maioria das pessoas adquire energia no Brasil.<\/li>\n<\/ul>\n\n\n\n<ul class=\"wp-block-list\">\n<li><strong>Gera\u00e7\u00e3o distribu\u00edda<\/strong>: pequenas centrais geram e injetam energia limpa nas linhas de transmiss\u00e3o. Os consumidores que adquirirem essa energia ter\u00e3o um valor reduzido da conta.<\/li>\n<\/ul>\n\n\n\n<p><\/p>\n\n\n\n<p><\/p>\n\n\n\n<h2 class=\"wp-block-heading\"><mark style=\"background-color:rgba(0, 0, 0, 0);color:#332053\" class=\"has-inline-color\"><strong>Como ela surgiu?<\/strong><\/mark><\/h2>\n\n\n\n<p><\/p>\n\n\n\n<p>O conceito de gera\u00e7\u00e3o distribu\u00edda foi concebido pela primeira vez por Thomas Edison quando o pr\u00f3prio realizou a instala\u00e7\u00e3o do primeiro sistema gerador de energia na cidade de Nova York, em 1882. Com a constru\u00e7\u00e3o de uma pequena central de gera\u00e7\u00e3o, Edison conseguiu alimentar as l\u00e2mpadas de aproximadamente 59 clientes em uma \u00e1rea que n\u00e3o era maior que 1 km\u00b2.<\/p>\n\n\n\n<p><\/p>\n\n\n\n<figure class=\"wp-block-image\"><img decoding=\"async\" width=\"2200\" height=\"1650\" src=\"https:\/\/apiapp.sualuz.com.br\/wp\/wp-content\/uploads\/2022\/10\/thomas-edison.jpg\" alt=\"thomas edison\" class=\"wp-image-1165\" srcset=\"https:\/\/sualuz.com.br\/blog\/wp-content\/uploads\/2022\/10\/thomas-edison.jpg 2200w, https:\/\/sualuz.com.br\/blog\/wp-content\/uploads\/2022\/10\/thomas-edison-300x225.jpg 300w, https:\/\/sualuz.com.br\/blog\/wp-content\/uploads\/2022\/10\/thomas-edison-1024x768.jpg 1024w, https:\/\/sualuz.com.br\/blog\/wp-content\/uploads\/2022\/10\/thomas-edison-768x576.jpg 768w, https:\/\/sualuz.com.br\/blog\/wp-content\/uploads\/2022\/10\/thomas-edison-1536x1152.jpg 1536w, https:\/\/sualuz.com.br\/blog\/wp-content\/uploads\/2022\/10\/thomas-edison-2048x1536.jpg 2048w, https:\/\/sualuz.com.br\/blog\/wp-content\/uploads\/2022\/10\/thomas-edison-1200x900.jpg 1200w, https:\/\/sualuz.com.br\/blog\/wp-content\/uploads\/2022\/10\/thomas-edison-1980x1485.jpg 1980w\" sizes=\"(max-width: 2200px) 100vw, 2200px\" \/><\/figure>\n\n\n\n<p><\/p>\n\n\n\n<p>Por\u00e9m com o avan\u00e7o das tecnologias e o desenvolvimento de transformadores, a corrente alternada se mostrou como uma alternativa mais vi\u00e1vel para levar energia para grandes cidades.<\/p>\n\n\n\n<p>Por mais que esse modelo tenha funcionado por muito tempo, os problemas que o acompanhavam n\u00e3o deixaram de existir. Conforme a demanda aumenta e ultrapassa os limites do sistema, \u00e9 necess\u00e1rio construir novas usinas para suprir o consumo. <\/p>\n\n\n\n<p>Com o desenvolvimento de novas tecnologias que reduzem o custo da energia gerada e um debate grande envolvendo os impactos ambientais de grandes usinas, novas formas de gera\u00e7\u00e3o de energia ganharam destaque.<\/p>\n\n\n\n<p><\/p>\n\n\n\n<h2 class=\"wp-block-heading\"><strong><mark style=\"background-color:rgba(0, 0, 0, 0);color:#332053\" class=\"has-inline-color\">Lei gera\u00e7\u00e3o distribu\u00edda no Brasil<\/mark><\/strong><\/h2>\n\n\n\n<p><\/p>\n\n\n\n<p>No dia 17 de abril de 2012 entrou em vigor a <strong>Resolu\u00e7\u00e3o Normativa ANEEL n\u00ba 482\/2012<\/strong>, que permitia o consumidor brasileiro gerar a pr\u00f3pria energia el\u00e9trica a partir de fontes renov\u00e1veis ou cogera\u00e7\u00e3o qualificada. Tamb\u00e9m foi decidido pelo direito de fornecer qualquer quantidade excedente para a rede de distribui\u00e7\u00e3o local.<\/p>\n\n\n\n<p>Na pr\u00e1tica funciona da seguinte forma: o consumidor opta por adquirir sua energia de uma geradora independente. Caso a fonte dessa energia seja renov\u00e1vel, s\u00e3o gerados <strong>cr\u00e9ditos<\/strong> que podem ser utilizados para <strong>diminuir o valor da fatura<\/strong> dos pr\u00f3ximos meses.<\/p>\n\n\n\n<p>Segundo o Governo Federal, esses est\u00edmulos \u00e0 gera\u00e7\u00e3o distribu\u00edda se justificam pois geram benef\u00edcios para o sistema el\u00e9trico como um todo. Baixo impacto ambiental, diversifica\u00e7\u00e3o da matriz energ\u00e9tica e minimiza\u00e7\u00e3o de perdas s\u00e3o alguns deles.<\/p>\n\n\n\n<p><\/p>\n\n\n\n<h2 class=\"wp-block-heading\"><strong><mark style=\"background-color:rgba(0, 0, 0, 0);color:#332053\" class=\"has-inline-color\">N\u00fameros de gera\u00e7\u00e3o pelo mundo<\/mark><\/strong><\/h2>\n\n\n\n<p><\/p>\n\n\n\n<p>Como citamos brevemente, o conceito de gera\u00e7\u00e3o distribu\u00edda j\u00e1 \u00e9 realidade h\u00e1 algum tempo na Europa, \u00c1sia e Am\u00e9rica do Norte. A grande parte das geradoras de energia desses pa\u00edses s\u00e3o fotovoltaicas, ou seja, utilizam da energia solar. Veja abaixo alguns impactos que ela trouxe:<\/p>\n\n\n\n<ul class=\"wp-block-list\">\n<li><strong>Estados Unidos<\/strong><br>Ao todo 40 estados j\u00e1 oferecem taxas baixas para o financiamento de sistemas solares e redu\u00e7\u00e3o de impostos para consumidores desse tipo de energia.<\/li>\n<\/ul>\n\n\n\n<p><\/p>\n\n\n\n<ul class=\"wp-block-list\">\n<li><strong>Alemanha<\/strong><br>Em 2000 foi aprovada a lei que obriga companhias el\u00e9tricas a pagar em forma de cr\u00e9ditos aos consumidores o excedente de energia gerada em sistemas de microgera\u00e7\u00e3o. O pa\u00eds planeja at\u00e9 2050 ter 100% de sua energia vinda de fontes limpas e inesgot\u00e1veis.<\/li>\n<\/ul>\n\n\n\n<p><\/p>\n\n\n\n<ul class=\"wp-block-list\">\n<li><strong>Jap\u00e3o<\/strong><br>Grande incentivo para a popula\u00e7\u00e3o utilizar energia solar em suas resid\u00eancias. Possui a segunda maior capacidade instalada de energia solar fotovoltaica do mundo.<\/li>\n<\/ul>\n\n\n\n<p><\/p>\n\n\n\n<p><\/p>\n\n\n\n<h2 class=\"wp-block-heading\"><strong><mark style=\"background-color:rgba(0, 0, 0, 0);color:#332053\" class=\"has-inline-color\">Como fazer parte de gera\u00e7\u00e3o distribu\u00edda?<\/mark><\/strong><\/h2>\n\n\n\n<p><\/p>\n\n\n\n<p>Se ap\u00f3s saber o que \u00e9 a gera\u00e7\u00e3o distribu\u00edda voc\u00ea ficou interessado em fazer parte, fique tranquilo que \u00e9 <strong>muito f\u00e1cil realizar a transi\u00e7\u00e3o<\/strong>. Seja para pessoa f\u00edsica ou empresa, <strong>qualquer um pode usufruir dos benef\u00edcios<\/strong> que a GD oferece.<\/p>\n\n\n\n<p>A <strong><a href=\"https:\/\/bit.ly\/3TWGILb\" target=\"_blank\" rel=\"noreferrer noopener\">LUZ<\/a><\/strong> \u00e9 uma fornecedora digital que possui o alicerce de uma grande hist\u00f3ria no mercado de energia. Temos o conhecimento t\u00e9cnico e o suporte financeiro para oferecer a nossos clientes o melhor servi\u00e7o poss\u00edvel.<\/p>\n\n\n\n<p>Al\u00e9m de garantir um desconto todos os meses na sua fatura, tamb\u00e9m realizamos a instala\u00e7\u00e3o de um <a href=\"https:\/\/bit.ly\/3D8dEcV\" target=\"_blank\" rel=\"noreferrer noopener\">medidor de energia inteligente<\/a> na sua casa. Isso permite que voc\u00ea acompanhe seu consumo em tempo real pelo seu celular.<\/p>\n\n\n\n<p><\/p>\n\n\n\n<figure class=\"wp-block-image aligncenter size-large is-resized\"><img decoding=\"async\" src=\"https:\/\/3.236.142.92\/wp-content\/uploads\/2022\/10\/medidor-inteligente-2-2-1-1024x504.jpg\" alt=\"medidor de energia inteligente\" class=\"wp-image-1078\" width=\"512\" height=\"252\" srcset=\"https:\/\/sualuz.com.br\/blog\/wp-content\/uploads\/2022\/10\/medidor-inteligente-2-2-1-1024x504.jpg 1024w, https:\/\/sualuz.com.br\/blog\/wp-content\/uploads\/2022\/10\/medidor-inteligente-2-2-1-300x148.jpg 300w, https:\/\/sualuz.com.br\/blog\/wp-content\/uploads\/2022\/10\/medidor-inteligente-2-2-1-768x378.jpg 768w, https:\/\/sualuz.com.br\/blog\/wp-content\/uploads\/2022\/10\/medidor-inteligente-2-2-1-1536x756.jpg 1536w, https:\/\/sualuz.com.br\/blog\/wp-content\/uploads\/2022\/10\/medidor-inteligente-2-2-1-2048x1007.jpg 2048w, https:\/\/sualuz.com.br\/blog\/wp-content\/uploads\/2022\/10\/medidor-inteligente-2-2-1-1200x590.jpg 1200w, https:\/\/sualuz.com.br\/blog\/wp-content\/uploads\/2022\/10\/medidor-inteligente-2-2-1-1980x974.jpg 1980w\" sizes=\"(max-width: 512px) 100vw, 512px\" \/><\/figure>\n\n\n\n<p><\/p>\n\n\n\n<p>Tudo isso sem voc\u00ea pagar NADA!<\/p>\n\n\n\n<p>Por isso se voc\u00ea tem interesse em fazer parte da gera\u00e7\u00e3o distribu\u00edda de energia, realize uma <a href=\"https:\/\/bit.ly\/3zhUGj0\" target=\"_blank\" rel=\"noreferrer noopener\">simula\u00e7\u00e3o<\/a> em nosso site e veja o quanto voc\u00ea poderia estar economizando desde j\u00e1! Depois basta seguir os pr\u00f3ximos passos e aproveitar a economia.<\/p>\n\n\n\n<p>Para tornar sua experi\u00eancia ainda melhor, tamb\u00e9m fornecemos um medidor que envia todos os dados do seu consumo para um aplicativo no seu celular. Assim, voc\u00ea pode acompanhar em tempo real o quanto sua resid\u00eancia est\u00e1 gastando. Tudo isso totalmente de gra\u00e7a!<\/p>\n\n\n\n<pre class=\"wp-block-code\"><code><\/code><\/pre>\n\n\n\n<pre class=\"wp-block-code\"><code><\/code><\/pre>\n\n\n\n<pre class=\"wp-block-code\"><code><\/code><\/pre>\n\n\n\n<pre class=\"wp-block-code\"><code><\/code><\/pre>\n\n\n\n<pre class=\"wp-block-code\"><code><\/code><\/pre>\n\n\n\n<pre class=\"wp-block-code\"><code><\/code><\/pre>\n\n\n\n<pre class=\"wp-block-code\"><code><\/code><\/pre>\n\n\n\n\n","protected":false},"excerpt":{"rendered":"<p>A gera\u00e7\u00e3o distribu\u00edda \u00e9 uma boa solu\u00e7\u00e3o para os problemas energ\u00e9ticos do Brasil, al\u00e9m de garantir desconto na fatura do consumidor. Confira!<\/p>\n","protected":false},"author":14,"featured_media":1169,"comment_status":"open","ping_status":"open","sticky":false,"template":"","format":"standard","meta":{"footnotes":""},"categories":[5],"tags":[],"class_list":["post-1160","post","type-post","status-publish","format-standard","has-post-thumbnail","hentry","category-energia"],"acf":{"post_title":"Gera\u00e7\u00e3o distribu\u00edda: o que \u00e9 e quais os benef\u00edcios","post_description":"A gera\u00e7\u00e3o distribu\u00edda \u00e9 uma boa solu\u00e7\u00e3o para os problemas energ\u00e9ticos do Brasil, al\u00e9m de garantir desconto na fatura do consumidor. Confira!","post_author":"Leonardo Henrique","post_author_description":"Redator e analista SEO na LUZ","post_author_image":1170,"post_image":1168},"yoast_head":"<!-- This site is optimized with the Yoast SEO plugin v26.8 - https:\/\/yoast.com\/product\/yoast-seo-wordpress\/ -->\n<title>Gera\u00e7\u00e3o distribu\u00edda: o que \u00e9 e quais os benef\u00edcios<\/title>\n<meta name=\"description\" content=\"A gera\u00e7\u00e3o distribu\u00edda \u00e9 uma boa solu\u00e7\u00e3o para os problemas energ\u00e9ticos do Brasil, al\u00e9m de garantir desconto na fatura do consumidor. Confira!\" \/>\n<meta name=\"robots\" content=\"index, follow, max-snippet:-1, max-image-preview:large, max-video-preview:-1\" \/>\n<link rel=\"canonical\" href=\"https:\/\/sualuz.com.br\/blog\/geracao-distribuida\/\" \/>\n<meta property=\"og:locale\" content=\"pt_BR\" \/>\n<meta property=\"og:type\" content=\"article\" \/>\n<meta property=\"og:title\" content=\"Gera\u00e7\u00e3o distribu\u00edda: o que \u00e9 e quais os benef\u00edcios\" \/>\n<meta property=\"og:description\" content=\"A gera\u00e7\u00e3o distribu\u00edda \u00e9 uma boa solu\u00e7\u00e3o para os problemas energ\u00e9ticos do Brasil, al\u00e9m de garantir desconto na fatura do consumidor. Confira!\" \/>\n<meta property=\"og:url\" content=\"https:\/\/sualuz.com.br\/blog\/geracao-distribuida\/\" \/>\n<meta property=\"og:site_name\" content=\"Luz\" \/>\n<meta property=\"article:published_time\" content=\"2026-01-26T19:28:00+00:00\" \/>\n<meta property=\"article:modified_time\" content=\"2026-03-12T12:31:04+00:00\" \/>\n<meta property=\"og:image\" content=\"https:\/\/sualuz.com.br\/blog\/wp-content\/uploads\/2022\/10\/Copia-de-Mercado-livre-de-energia-1.jpg\" \/>\n\t<meta property=\"og:image:width\" content=\"1280\" \/>\n\t<meta property=\"og:image:height\" content=\"630\" \/>\n\t<meta property=\"og:image:type\" content=\"image\/jpeg\" \/>\n<meta name=\"author\" content=\"Reda\u00e7\u00e3o Luz\" \/>\n<meta name=\"twitter:card\" content=\"summary_large_image\" \/>\n<meta name=\"twitter:label1\" content=\"Escrito por\" \/>\n\t<meta name=\"twitter:data1\" content=\"Reda\u00e7\u00e3o Luz\" \/>\n\t<meta name=\"twitter:label2\" content=\"Est. tempo de leitura\" \/>\n\t<meta name=\"twitter:data2\" content=\"7 minutos\" \/>\n<script type=\"application\/ld+json\" class=\"yoast-schema-graph\">{\"@context\":\"https:\/\/schema.org\",\"@graph\":[{\"@type\":\"Article\",\"@id\":\"https:\/\/sualuz.com.br\/blog\/geracao-distribuida\/#article\",\"isPartOf\":{\"@id\":\"https:\/\/sualuz.com.br\/blog\/geracao-distribuida\/\"},\"author\":{\"name\":\"Reda\u00e7\u00e3o Luz\",\"@id\":\"https:\/\/sualuz.com.br\/blog\/#\/schema\/person\/bbd73e4bf0b112afe9617925355b66a6\"},\"headline\":\"Gera\u00e7\u00e3o distribu\u00edda: o que \u00e9 e quais os benef\u00edcios\",\"datePublished\":\"2026-01-26T19:28:00+00:00\",\"dateModified\":\"2026-03-12T12:31:04+00:00\",\"mainEntityOfPage\":{\"@id\":\"https:\/\/sualuz.com.br\/blog\/geracao-distribuida\/\"},\"wordCount\":1073,\"commentCount\":0,\"publisher\":{\"@id\":\"https:\/\/sualuz.com.br\/blog\/#organization\"},\"image\":{\"@id\":\"https:\/\/sualuz.com.br\/blog\/geracao-distribuida\/#primaryimage\"},\"thumbnailUrl\":\"https:\/\/sualuz.com.br\/blog\/wp-content\/uploads\/2022\/10\/Copia-de-Mercado-livre-de-energia-1.jpg\",\"articleSection\":[\"Energia\"],\"inLanguage\":\"pt-BR\",\"potentialAction\":[{\"@type\":\"CommentAction\",\"name\":\"Comment\",\"target\":[\"https:\/\/sualuz.com.br\/blog\/geracao-distribuida\/#respond\"]}]},{\"@type\":\"WebPage\",\"@id\":\"https:\/\/sualuz.com.br\/blog\/geracao-distribuida\/\",\"url\":\"https:\/\/sualuz.com.br\/blog\/geracao-distribuida\/\",\"name\":\"Gera\u00e7\u00e3o distribu\u00edda: o que \u00e9 e quais os benef\u00edcios\",\"isPartOf\":{\"@id\":\"https:\/\/sualuz.com.br\/blog\/#website\"},\"primaryImageOfPage\":{\"@id\":\"https:\/\/sualuz.com.br\/blog\/geracao-distribuida\/#primaryimage\"},\"image\":{\"@id\":\"https:\/\/sualuz.com.br\/blog\/geracao-distribuida\/#primaryimage\"},\"thumbnailUrl\":\"https:\/\/sualuz.com.br\/blog\/wp-content\/uploads\/2022\/10\/Copia-de-Mercado-livre-de-energia-1.jpg\",\"datePublished\":\"2026-01-26T19:28:00+00:00\",\"dateModified\":\"2026-03-12T12:31:04+00:00\",\"description\":\"A gera\u00e7\u00e3o distribu\u00edda \u00e9 uma boa solu\u00e7\u00e3o para os problemas energ\u00e9ticos do Brasil, al\u00e9m de garantir desconto na fatura do consumidor. Confira!\",\"breadcrumb\":{\"@id\":\"https:\/\/sualuz.com.br\/blog\/geracao-distribuida\/#breadcrumb\"},\"inLanguage\":\"pt-BR\",\"potentialAction\":[{\"@type\":\"ReadAction\",\"target\":[\"https:\/\/sualuz.com.br\/blog\/geracao-distribuida\/\"]}]},{\"@type\":\"ImageObject\",\"inLanguage\":\"pt-BR\",\"@id\":\"https:\/\/sualuz.com.br\/blog\/geracao-distribuida\/#primaryimage\",\"url\":\"https:\/\/sualuz.com.br\/blog\/wp-content\/uploads\/2022\/10\/Copia-de-Mercado-livre-de-energia-1.jpg\",\"contentUrl\":\"https:\/\/sualuz.com.br\/blog\/wp-content\/uploads\/2022\/10\/Copia-de-Mercado-livre-de-energia-1.jpg\",\"width\":1280,\"height\":630},{\"@type\":\"BreadcrumbList\",\"@id\":\"https:\/\/sualuz.com.br\/blog\/geracao-distribuida\/#breadcrumb\",\"itemListElement\":[{\"@type\":\"ListItem\",\"position\":1,\"name\":\"In\u00edcio\",\"item\":\"https:\/\/sualuz.com.br\/blog\/\"},{\"@type\":\"ListItem\",\"position\":2,\"name\":\"Gera\u00e7\u00e3o distribu\u00edda: o que \u00e9 e quais os benef\u00edcios\"}]},{\"@type\":\"WebSite\",\"@id\":\"https:\/\/sualuz.com.br\/blog\/#website\",\"url\":\"https:\/\/sualuz.com.br\/blog\/\",\"name\":\"LUZ\",\"description\":\"\",\"publisher\":{\"@id\":\"https:\/\/sualuz.com.br\/blog\/#organization\"},\"potentialAction\":[{\"@type\":\"SearchAction\",\"target\":{\"@type\":\"EntryPoint\",\"urlTemplate\":\"https:\/\/sualuz.com.br\/blog\/?s={search_term_string}\"},\"query-input\":{\"@type\":\"PropertyValueSpecification\",\"valueRequired\":true,\"valueName\":\"search_term_string\"}}],\"inLanguage\":\"pt-BR\"},{\"@type\":\"Organization\",\"@id\":\"https:\/\/sualuz.com.br\/blog\/#organization\",\"name\":\"LUZ\",\"url\":\"https:\/\/sualuz.com.br\/blog\/\",\"logo\":{\"@type\":\"ImageObject\",\"inLanguage\":\"pt-BR\",\"@id\":\"https:\/\/sualuz.com.br\/blog\/#\/schema\/logo\/image\/\",\"url\":\"https:\/\/sualuz.com.br\/blog\/wp-content\/uploads\/2025\/01\/sua-luz-favicon-flat.png\",\"contentUrl\":\"https:\/\/sualuz.com.br\/blog\/wp-content\/uploads\/2025\/01\/sua-luz-favicon-flat.png\",\"width\":512,\"height\":512,\"caption\":\"LUZ\"},\"image\":{\"@id\":\"https:\/\/sualuz.com.br\/blog\/#\/schema\/logo\/image\/\"}},{\"@type\":\"Person\",\"@id\":\"https:\/\/sualuz.com.br\/blog\/#\/schema\/person\/bbd73e4bf0b112afe9617925355b66a6\",\"name\":\"Reda\u00e7\u00e3o Luz\",\"image\":{\"@type\":\"ImageObject\",\"inLanguage\":\"pt-BR\",\"@id\":\"https:\/\/sualuz.com.br\/blog\/#\/schema\/person\/image\/\",\"url\":\"https:\/\/secure.gravatar.com\/avatar\/ed5b5c3c1f38a53655478b5e2e41d120?s=96&d=mm&r=g\",\"contentUrl\":\"https:\/\/secure.gravatar.com\/avatar\/ed5b5c3c1f38a53655478b5e2e41d120?s=96&d=mm&r=g\",\"caption\":\"Reda\u00e7\u00e3o Luz\"},\"description\":\"A Reda\u00e7\u00e3o Luz \u00e9 a voz da primeira energytech 100% digital do Brasil. Nosso time de especialistas produz conte\u00fados focados em transformar a sua rela\u00e7\u00e3o com a energia, entregando informa\u00e7\u00e3o com a mesma transpar\u00eancia e seguran\u00e7a da nossa tecnologia. Aqui, unimos dados, inova\u00e7\u00e3o e sustentabilidade para trazer dicas pr\u00e1ticas de economia e previsibilidade, para sua casa ou empresa, empoderando voc\u00ea com a liberdade de escolha para assumir o controle total do seu consumo. Afinal, a nova energia do Brasil \u00e9 digital e simples.\",\"sameAs\":[\"https:\/\/sualuz.com.br\/\",\"https:\/\/www.instagram.com\/sualuz_oficial\/\",\"https:\/\/www.linkedin.com\/company\/sualuz\",\"https:\/\/www.youtube.com\/@sualuz\"],\"url\":\"https:\/\/sualuz.com.br\/blog\/author\/marketing-luz\/\"}]}<\/script>\n<!-- \/ Yoast SEO plugin. -->","yoast_head_json":{"title":"Gera\u00e7\u00e3o distribu\u00edda: o que \u00e9 e quais os benef\u00edcios","description":"A gera\u00e7\u00e3o distribu\u00edda \u00e9 uma boa solu\u00e7\u00e3o para os problemas energ\u00e9ticos do Brasil, al\u00e9m de garantir desconto na fatura do consumidor. Confira!","robots":{"index":"index","follow":"follow","max-snippet":"max-snippet:-1","max-image-preview":"max-image-preview:large","max-video-preview":"max-video-preview:-1"},"canonical":"https:\/\/sualuz.com.br\/blog\/geracao-distribuida\/","og_locale":"pt_BR","og_type":"article","og_title":"Gera\u00e7\u00e3o distribu\u00edda: o que \u00e9 e quais os benef\u00edcios","og_description":"A gera\u00e7\u00e3o distribu\u00edda \u00e9 uma boa solu\u00e7\u00e3o para os problemas energ\u00e9ticos do Brasil, al\u00e9m de garantir desconto na fatura do consumidor. Confira!","og_url":"https:\/\/sualuz.com.br\/blog\/geracao-distribuida\/","og_site_name":"Luz","article_published_time":"2026-01-26T19:28:00+00:00","article_modified_time":"2026-03-12T12:31:04+00:00","og_image":[{"width":1280,"height":630,"url":"https:\/\/sualuz.com.br\/blog\/wp-content\/uploads\/2022\/10\/Copia-de-Mercado-livre-de-energia-1.jpg","type":"image\/jpeg"}],"author":"Reda\u00e7\u00e3o Luz","twitter_card":"summary_large_image","twitter_misc":{"Escrito por":"Reda\u00e7\u00e3o Luz","Est. tempo de leitura":"7 minutos"},"schema":{"@context":"https:\/\/schema.org","@graph":[{"@type":"Article","@id":"https:\/\/sualuz.com.br\/blog\/geracao-distribuida\/#article","isPartOf":{"@id":"https:\/\/sualuz.com.br\/blog\/geracao-distribuida\/"},"author":{"name":"Reda\u00e7\u00e3o Luz","@id":"https:\/\/sualuz.com.br\/blog\/#\/schema\/person\/bbd73e4bf0b112afe9617925355b66a6"},"headline":"Gera\u00e7\u00e3o distribu\u00edda: o que \u00e9 e quais os benef\u00edcios","datePublished":"2026-01-26T19:28:00+00:00","dateModified":"2026-03-12T12:31:04+00:00","mainEntityOfPage":{"@id":"https:\/\/sualuz.com.br\/blog\/geracao-distribuida\/"},"wordCount":1073,"commentCount":0,"publisher":{"@id":"https:\/\/sualuz.com.br\/blog\/#organization"},"image":{"@id":"https:\/\/sualuz.com.br\/blog\/geracao-distribuida\/#primaryimage"},"thumbnailUrl":"https:\/\/sualuz.com.br\/blog\/wp-content\/uploads\/2022\/10\/Copia-de-Mercado-livre-de-energia-1.jpg","articleSection":["Energia"],"inLanguage":"pt-BR","potentialAction":[{"@type":"CommentAction","name":"Comment","target":["https:\/\/sualuz.com.br\/blog\/geracao-distribuida\/#respond"]}]},{"@type":"WebPage","@id":"https:\/\/sualuz.com.br\/blog\/geracao-distribuida\/","url":"https:\/\/sualuz.com.br\/blog\/geracao-distribuida\/","name":"Gera\u00e7\u00e3o distribu\u00edda: o que \u00e9 e quais os benef\u00edcios","isPartOf":{"@id":"https:\/\/sualuz.com.br\/blog\/#website"},"primaryImageOfPage":{"@id":"https:\/\/sualuz.com.br\/blog\/geracao-distribuida\/#primaryimage"},"image":{"@id":"https:\/\/sualuz.com.br\/blog\/geracao-distribuida\/#primaryimage"},"thumbnailUrl":"https:\/\/sualuz.com.br\/blog\/wp-content\/uploads\/2022\/10\/Copia-de-Mercado-livre-de-energia-1.jpg","datePublished":"2026-01-26T19:28:00+00:00","dateModified":"2026-03-12T12:31:04+00:00","description":"A gera\u00e7\u00e3o distribu\u00edda \u00e9 uma boa solu\u00e7\u00e3o para os problemas energ\u00e9ticos do Brasil, al\u00e9m de garantir desconto na fatura do consumidor. Confira!","breadcrumb":{"@id":"https:\/\/sualuz.com.br\/blog\/geracao-distribuida\/#breadcrumb"},"inLanguage":"pt-BR","potentialAction":[{"@type":"ReadAction","target":["https:\/\/sualuz.com.br\/blog\/geracao-distribuida\/"]}]},{"@type":"ImageObject","inLanguage":"pt-BR","@id":"https:\/\/sualuz.com.br\/blog\/geracao-distribuida\/#primaryimage","url":"https:\/\/sualuz.com.br\/blog\/wp-content\/uploads\/2022\/10\/Copia-de-Mercado-livre-de-energia-1.jpg","contentUrl":"https:\/\/sualuz.com.br\/blog\/wp-content\/uploads\/2022\/10\/Copia-de-Mercado-livre-de-energia-1.jpg","width":1280,"height":630},{"@type":"BreadcrumbList","@id":"https:\/\/sualuz.com.br\/blog\/geracao-distribuida\/#breadcrumb","itemListElement":[{"@type":"ListItem","position":1,"name":"In\u00edcio","item":"https:\/\/sualuz.com.br\/blog\/"},{"@type":"ListItem","position":2,"name":"Gera\u00e7\u00e3o distribu\u00edda: o que \u00e9 e quais os benef\u00edcios"}]},{"@type":"WebSite","@id":"https:\/\/sualuz.com.br\/blog\/#website","url":"https:\/\/sualuz.com.br\/blog\/","name":"LUZ","description":"","publisher":{"@id":"https:\/\/sualuz.com.br\/blog\/#organization"},"potentialAction":[{"@type":"SearchAction","target":{"@type":"EntryPoint","urlTemplate":"https:\/\/sualuz.com.br\/blog\/?s={search_term_string}"},"query-input":{"@type":"PropertyValueSpecification","valueRequired":true,"valueName":"search_term_string"}}],"inLanguage":"pt-BR"},{"@type":"Organization","@id":"https:\/\/sualuz.com.br\/blog\/#organization","name":"LUZ","url":"https:\/\/sualuz.com.br\/blog\/","logo":{"@type":"ImageObject","inLanguage":"pt-BR","@id":"https:\/\/sualuz.com.br\/blog\/#\/schema\/logo\/image\/","url":"https:\/\/sualuz.com.br\/blog\/wp-content\/uploads\/2025\/01\/sua-luz-favicon-flat.png","contentUrl":"https:\/\/sualuz.com.br\/blog\/wp-content\/uploads\/2025\/01\/sua-luz-favicon-flat.png","width":512,"height":512,"caption":"LUZ"},"image":{"@id":"https:\/\/sualuz.com.br\/blog\/#\/schema\/logo\/image\/"}},{"@type":"Person","@id":"https:\/\/sualuz.com.br\/blog\/#\/schema\/person\/bbd73e4bf0b112afe9617925355b66a6","name":"Reda\u00e7\u00e3o Luz","image":{"@type":"ImageObject","inLanguage":"pt-BR","@id":"https:\/\/sualuz.com.br\/blog\/#\/schema\/person\/image\/","url":"https:\/\/secure.gravatar.com\/avatar\/ed5b5c3c1f38a53655478b5e2e41d120?s=96&d=mm&r=g","contentUrl":"https:\/\/secure.gravatar.com\/avatar\/ed5b5c3c1f38a53655478b5e2e41d120?s=96&d=mm&r=g","caption":"Reda\u00e7\u00e3o Luz"},"description":"A Reda\u00e7\u00e3o Luz \u00e9 a voz da primeira energytech 100% digital do Brasil. Nosso time de especialistas produz conte\u00fados focados em transformar a sua rela\u00e7\u00e3o com a energia, entregando informa\u00e7\u00e3o com a mesma transpar\u00eancia e seguran\u00e7a da nossa tecnologia. Aqui, unimos dados, inova\u00e7\u00e3o e sustentabilidade para trazer dicas pr\u00e1ticas de economia e previsibilidade, para sua casa ou empresa, empoderando voc\u00ea com a liberdade de escolha para assumir o controle total do seu consumo. Afinal, a nova energia do Brasil \u00e9 digital e simples.","sameAs":["https:\/\/sualuz.com.br\/","https:\/\/www.instagram.com\/sualuz_oficial\/","https:\/\/www.linkedin.com\/company\/sualuz","https:\/\/www.youtube.com\/@sualuz"],"url":"https:\/\/sualuz.com.br\/blog\/author\/marketing-luz\/"}]}},"_links":{"self":[{"href":"https:\/\/sualuz.com.br\/blog\/wp-json\/wp\/v2\/posts\/1160","targetHints":{"allow":["GET"]}}],"collection":[{"href":"https:\/\/sualuz.com.br\/blog\/wp-json\/wp\/v2\/posts"}],"about":[{"href":"https:\/\/sualuz.com.br\/blog\/wp-json\/wp\/v2\/types\/post"}],"author":[{"embeddable":true,"href":"https:\/\/sualuz.com.br\/blog\/wp-json\/wp\/v2\/users\/14"}],"replies":[{"embeddable":true,"href":"https:\/\/sualuz.com.br\/blog\/wp-json\/wp\/v2\/comments?post=1160"}],"version-history":[{"count":12,"href":"https:\/\/sualuz.com.br\/blog\/wp-json\/wp\/v2\/posts\/1160\/revisions"}],"predecessor-version":[{"id":2697,"href":"https:\/\/sualuz.com.br\/blog\/wp-json\/wp\/v2\/posts\/1160\/revisions\/2697"}],"wp:featuredmedia":[{"embeddable":true,"href":"https:\/\/sualuz.com.br\/blog\/wp-json\/wp\/v2\/media\/1169"}],"wp:attachment":[{"href":"https:\/\/sualuz.com.br\/blog\/wp-json\/wp\/v2\/media?parent=1160"}],"wp:term":[{"taxonomy":"category","embeddable":true,"href":"https:\/\/sualuz.com.br\/blog\/wp-json\/wp\/v2\/categories?post=1160"},{"taxonomy":"post_tag","embeddable":true,"href":"https:\/\/sualuz.com.br\/blog\/wp-json\/wp\/v2\/tags?post=1160"}],"curies":[{"name":"wp","href":"https:\/\/api.w.org\/{rel}","templated":true}]}}